{"id":4925,"date":"2026-04-27T18:56:25","date_gmt":"2026-04-27T16:56:25","guid":{"rendered":"https:\/\/www.fuss-ev.de\/wuppertal\/?p=4925"},"modified":"2026-04-27T18:56:25","modified_gmt":"2026-04-27T16:56:25","slug":"hans-boeckler-strasse-13-jaehrige-bei-unfall-auf-hans-boeckler-strasse-schwer-verletzt","status":"publish","type":"post","link":"https:\/\/www.fuss-ev.de\/wuppertal\/2026\/04\/27\/hans-boeckler-strasse-13-jaehrige-bei-unfall-auf-hans-boeckler-strasse-schwer-verletzt\/","title":{"rendered":"Kind von Auto erfasst &#8211; Schwerverletzt!"},"content":{"rendered":"<h5>Ver\u00f6ffentlichung eines Polizeiberichtes &#8220;POL-W: W Kind von Auto erfasst &#8211; Schwerverletzt&#8221;- vom 27.04.2026 \u2013 11:28<\/h5>\n<p>Am vergangenen Samstagmorgen (25.04.2026, 10:30 Uhr) kam es auf der Hans-B\u00f6ckler-Stra\u00dfe in Elberfeld zu einem Unfall, bei dem ein Kind schwere Verletzungen erlitt.<\/p>\n<p>Ein 47-J\u00e4hriger stellte seinen Mazda an der Hans-B\u00f6ckler-Stra\u00dfe unweit der Bushaltestelle &#8220;Am Hammerkloth&#8221; ab, mutma\u00dflich um zu einem Stra\u00dfenflohmarkt zu gelangen. Nach bisherigen Erkenntnissen verlie\u00df seine 13-J\u00e4hrige Tochter das Fahrzeug und trat auf die Fahrbahn. Dabei wurde sie von dem Kia einer 35-J\u00e4hrigen erfasst, die in Richtung Raukamp fuhr.<\/p>\n<p>Die 13-J\u00e4hrige erlitt schwere Verletzungen, der Rettungsdienst brachte sie zur station\u00e4ren Aufnahme in ein Krankenhaus.<\/p>\n<hr \/>\n<p>Wir w\u00fcnschen dem verletzten M\u00e4dchen alles Gute und eine baldige Genesung.<\/p>\n<p>Alle anderen beteiligen Personen m\u00f6gen den Unfall gut verkraften.<\/p>\n<p>&nbsp;<\/p>\n","protected":false},"excerpt":{"rendered":"<p>Ver\u00f6ffentlichung eines Polizeiberichtes &#8220;POL-W: W Kind von Auto erfasst &#8211; Schwerverletzt&#8221;- vom 27.04.2026 \u2013 11:28 Am vergangenen Samstagmorgen (25.04.2026, 10:30 Uhr) kam es auf der Hans-B\u00f6ckler-Stra\u00dfe in Elberfeld zu einem Unfall, bei dem ein Kind [&hellip;]<\/p>\n","protected":false},"author":45,"featured_media":4681,"comment_status":"closed","ping_status":"closed","sticky":false,"template":"","format":"standard","meta":{"_acf_changed":false,"_relevanssi_hide_post":"","_relevanssi_hide_content":"","_relevanssi_pin_for_all":"","_relevanssi_pin_keywords":"","_relevanssi_unpin_keywords":"","_relevanssi_related_keywords":"","_relevanssi_related_include_ids":"","_relevanssi_related_exclude_ids":"","_relevanssi_related_no_append":"","_relevanssi_related_not_related":"","_relevanssi_related_posts":"","_relevanssi_noindex_reason":"","footnotes":""},"categories":[8],"tags":[74,17,75,21,18,13],"class_list":["post-4925","post","type-post","status-publish","format-standard","has-post-thumbnail","hentry","category-aktuelles","tag-hans-boeckler-strasse","tag-polizeibericht","tag-schwerverletztes-maedchen","tag-verkehr","tag-verkehrsunfall","tag-wuppertal"],"acf":[],"yoast_head":"<!-- This site is optimized with the Yoast SEO plugin v27.4 - https:\/\/yoast.com\/product\/yoast-seo-wordpress\/ -->\n<title>Kind von Auto erfasst - Schwerverletzt! - Wuppertal - FUSS e.V.<\/title>\n<meta name=\"description\" content=\"Bei einem Unfall auf der Hans-B\u00f6ckler-Stra\u00dfe in Wuppertal-Elberfeld wurde eine 13-J\u00e4hrige schwer verletzt, als sie aus einem parkenden Auto trat und von einem Kia erfasst wurde.\" \/>\n<meta name=\"robots\" content=\"index, follow, max-snippet:-1, max-image-preview:large, max-video-preview:-1\" \/>\n<link rel=\"canonical\" href=\"https:\/\/www.fuss-ev.de\/wuppertal\/2026\/04\/27\/hans-boeckler-strasse-13-jaehrige-bei-unfall-auf-hans-boeckler-strasse-schwer-verletzt\/\" \/>\n<meta property=\"og:locale\" content=\"de_DE\" \/>\n<meta property=\"og:type\" content=\"article\" \/>\n<meta property=\"og:title\" content=\"Kind von Auto erfasst - Schwerverletzt! - Wuppertal - FUSS e.V.\" \/>\n<meta property=\"og:description\" content=\"Bei einem Unfall auf der Hans-B\u00f6ckler-Stra\u00dfe in Wuppertal-Elberfeld wurde eine 13-J\u00e4hrige schwer verletzt, als sie aus einem parkenden Auto trat und von einem Kia erfasst wurde.\" \/>\n<meta property=\"og:url\" content=\"https:\/\/www.fuss-ev.de\/wuppertal\/2026\/04\/27\/hans-boeckler-strasse-13-jaehrige-bei-unfall-auf-hans-boeckler-strasse-schwer-verletzt\/\" \/>\n<meta property=\"og:site_name\" content=\"Wuppertal - FUSS e.V.\" \/>\n<meta property=\"article:publisher\" content=\"https:\/\/www.facebook.com\/fussverkehr.de\" \/>\n<meta property=\"article:published_time\" content=\"2026-04-27T16:56:25+00:00\" \/>\n<meta property=\"og:image\" content=\"https:\/\/www.fuss-ev.de\/wuppertal\/wp-content\/uploads\/sites\/20\/2025\/03\/Blaulicht-Polizei-klein-319x200-1.png\" \/>\n\t<meta property=\"og:image:width\" content=\"319\" \/>\n\t<meta property=\"og:image:height\" content=\"200\" \/>\n\t<meta property=\"og:image:type\" content=\"image\/png\" \/>\n<meta name=\"author\" content=\"wolfhardwinkelstroeter\" \/>\n<meta name=\"twitter:card\" content=\"summary_large_image\" \/>\n<meta name=\"twitter:label1\" content=\"Verfasst von\" \/>\n\t<meta name=\"twitter:data1\" content=\"wolfhardwinkelstroeter\" \/>\n\t<meta name=\"twitter:label2\" content=\"Gesch\u00e4tzte Lesezeit\" \/>\n\t<meta name=\"twitter:data2\" content=\"1\u00a0Minute\" \/>\n<script type=\"application\/ld+json\" class=\"yoast-schema-graph\">{\"@context\":\"https:\\\/\\\/schema.org\",\"@graph\":[{\"@type\":\"Article\",\"@id\":\"https:\\\/\\\/www.fuss-ev.de\\\/wuppertal\\\/2026\\\/04\\\/27\\\/hans-boeckler-strasse-13-jaehrige-bei-unfall-auf-hans-boeckler-strasse-schwer-verletzt\\\/#article\",\"isPartOf\":{\"@id\":\"https:\\\/\\\/www.fuss-ev.de\\\/wuppertal\\\/2026\\\/04\\\/27\\\/hans-boeckler-strasse-13-jaehrige-bei-unfall-auf-hans-boeckler-strasse-schwer-verletzt\\\/\"},\"author\":{\"name\":\"wolfhardwinkelstroeter\",\"@id\":\"https:\\\/\\\/www.fuss-ev.de\\\/wuppertal\\\/#\\\/schema\\\/person\\\/c8db420c941076acab609d46a44c2dba\"},\"headline\":\"Kind von Auto erfasst &#8211; Schwerverletzt!\",\"datePublished\":\"2026-04-27T16:56:25+00:00\",\"mainEntityOfPage\":{\"@id\":\"https:\\\/\\\/www.fuss-ev.de\\\/wuppertal\\\/2026\\\/04\\\/27\\\/hans-boeckler-strasse-13-jaehrige-bei-unfall-auf-hans-boeckler-strasse-schwer-verletzt\\\/\"},\"wordCount\":140,\"publisher\":{\"@id\":\"https:\\\/\\\/www.fuss-ev.de\\\/wuppertal\\\/#organization\"},\"image\":{\"@id\":\"https:\\\/\\\/www.fuss-ev.de\\\/wuppertal\\\/2026\\\/04\\\/27\\\/hans-boeckler-strasse-13-jaehrige-bei-unfall-auf-hans-boeckler-strasse-schwer-verletzt\\\/#primaryimage\"},\"thumbnailUrl\":\"https:\\\/\\\/www.fuss-ev.de\\\/wuppertal\\\/wp-content\\\/uploads\\\/sites\\\/20\\\/2025\\\/03\\\/Blaulicht-Polizei-klein-319x200-1.png\",\"keywords\":[\"Hans-B\u00f6ckler-Stra\u00dfe\",\"Polizeibericht\",\"schwerverletztes M\u00e4dchen\",\"Verkehr\",\"Verkehrsunfall\",\"Wuppertal\"],\"articleSection\":[\"Aktuelles\"],\"inLanguage\":\"de\"},{\"@type\":\"WebPage\",\"@id\":\"https:\\\/\\\/www.fuss-ev.de\\\/wuppertal\\\/2026\\\/04\\\/27\\\/hans-boeckler-strasse-13-jaehrige-bei-unfall-auf-hans-boeckler-strasse-schwer-verletzt\\\/\",\"url\":\"https:\\\/\\\/www.fuss-ev.de\\\/wuppertal\\\/2026\\\/04\\\/27\\\/hans-boeckler-strasse-13-jaehrige-bei-unfall-auf-hans-boeckler-strasse-schwer-verletzt\\\/\",\"name\":\"Kind von Auto erfasst - Schwerverletzt! - Wuppertal - FUSS e.V.\",\"isPartOf\":{\"@id\":\"https:\\\/\\\/www.fuss-ev.de\\\/wuppertal\\\/#website\"},\"primaryImageOfPage\":{\"@id\":\"https:\\\/\\\/www.fuss-ev.de\\\/wuppertal\\\/2026\\\/04\\\/27\\\/hans-boeckler-strasse-13-jaehrige-bei-unfall-auf-hans-boeckler-strasse-schwer-verletzt\\\/#primaryimage\"},\"image\":{\"@id\":\"https:\\\/\\\/www.fuss-ev.de\\\/wuppertal\\\/2026\\\/04\\\/27\\\/hans-boeckler-strasse-13-jaehrige-bei-unfall-auf-hans-boeckler-strasse-schwer-verletzt\\\/#primaryimage\"},\"thumbnailUrl\":\"https:\\\/\\\/www.fuss-ev.de\\\/wuppertal\\\/wp-content\\\/uploads\\\/sites\\\/20\\\/2025\\\/03\\\/Blaulicht-Polizei-klein-319x200-1.png\",\"datePublished\":\"2026-04-27T16:56:25+00:00\",\"description\":\"Bei einem Unfall auf der Hans-B\u00f6ckler-Stra\u00dfe in Wuppertal-Elberfeld wurde eine 13-J\u00e4hrige schwer verletzt, als sie aus einem parkenden Auto trat und von einem Kia erfasst wurde.\",\"breadcrumb\":{\"@id\":\"https:\\\/\\\/www.fuss-ev.de\\\/wuppertal\\\/2026\\\/04\\\/27\\\/hans-boeckler-strasse-13-jaehrige-bei-unfall-auf-hans-boeckler-strasse-schwer-verletzt\\\/#breadcrumb\"},\"inLanguage\":\"de\",\"potentialAction\":[{\"@type\":\"ReadAction\",\"target\":[\"https:\\\/\\\/www.fuss-ev.de\\\/wuppertal\\\/2026\\\/04\\\/27\\\/hans-boeckler-strasse-13-jaehrige-bei-unfall-auf-hans-boeckler-strasse-schwer-verletzt\\\/\"]}]},{\"@type\":\"ImageObject\",\"inLanguage\":\"de\",\"@id\":\"https:\\\/\\\/www.fuss-ev.de\\\/wuppertal\\\/2026\\\/04\\\/27\\\/hans-boeckler-strasse-13-jaehrige-bei-unfall-auf-hans-boeckler-strasse-schwer-verletzt\\\/#primaryimage\",\"url\":\"https:\\\/\\\/www.fuss-ev.de\\\/wuppertal\\\/wp-content\\\/uploads\\\/sites\\\/20\\\/2025\\\/03\\\/Blaulicht-Polizei-klein-319x200-1.png\",\"contentUrl\":\"https:\\\/\\\/www.fuss-ev.de\\\/wuppertal\\\/wp-content\\\/uploads\\\/sites\\\/20\\\/2025\\\/03\\\/Blaulicht-Polizei-klein-319x200-1.png\",\"width\":319,\"height\":200,\"caption\":\"Symbolbild Polizei Blaulicht\"},{\"@type\":\"BreadcrumbList\",\"@id\":\"https:\\\/\\\/www.fuss-ev.de\\\/wuppertal\\\/2026\\\/04\\\/27\\\/hans-boeckler-strasse-13-jaehrige-bei-unfall-auf-hans-boeckler-strasse-schwer-verletzt\\\/#breadcrumb\",\"itemListElement\":[{\"@type\":\"ListItem\",\"position\":1,\"name\":\"Startseite\",\"item\":\"https:\\\/\\\/www.fuss-ev.de\\\/wuppertal\\\/\"},{\"@type\":\"ListItem\",\"position\":2,\"name\":\"Kind von Auto erfasst &#8211; Schwerverletzt!\"}]},{\"@type\":\"WebSite\",\"@id\":\"https:\\\/\\\/www.fuss-ev.de\\\/wuppertal\\\/#website\",\"url\":\"https:\\\/\\\/www.fuss-ev.de\\\/wuppertal\\\/\",\"name\":\"Wuppertal - FUSS e.V.\",\"description\":\"\",\"publisher\":{\"@id\":\"https:\\\/\\\/www.fuss-ev.de\\\/wuppertal\\\/#organization\"},\"potentialAction\":[{\"@type\":\"SearchAction\",\"target\":{\"@type\":\"EntryPoint\",\"urlTemplate\":\"https:\\\/\\\/www.fuss-ev.de\\\/wuppertal\\\/?s={search_term_string}\"},\"query-input\":{\"@type\":\"PropertyValueSpecification\",\"valueRequired\":true,\"valueName\":\"search_term_string\"}}],\"inLanguage\":\"de\"},{\"@type\":\"Organization\",\"@id\":\"https:\\\/\\\/www.fuss-ev.de\\\/wuppertal\\\/#organization\",\"name\":\"Wuppertal - FUSS e.V.\",\"url\":\"https:\\\/\\\/www.fuss-ev.de\\\/wuppertal\\\/\",\"logo\":{\"@type\":\"ImageObject\",\"inLanguage\":\"de\",\"@id\":\"https:\\\/\\\/www.fuss-ev.de\\\/wuppertal\\\/#\\\/schema\\\/logo\\\/image\\\/\",\"url\":\"https:\\\/\\\/www.fuss-ev.de\\\/wuppertal\\\/wp-content\\\/uploads\\\/sites\\\/20\\\/2025\\\/01\\\/FUSS_Logo.jpg\",\"contentUrl\":\"https:\\\/\\\/www.fuss-ev.de\\\/wuppertal\\\/wp-content\\\/uploads\\\/sites\\\/20\\\/2025\\\/01\\\/FUSS_Logo.jpg\",\"width\":2082,\"height\":979,\"caption\":\"Wuppertal - FUSS e.V.\"},\"image\":{\"@id\":\"https:\\\/\\\/www.fuss-ev.de\\\/wuppertal\\\/#\\\/schema\\\/logo\\\/image\\\/\"},\"sameAs\":[\"https:\\\/\\\/www.facebook.com\\\/fussverkehr.de\"]},{\"@type\":\"Person\",\"@id\":\"https:\\\/\\\/www.fuss-ev.de\\\/wuppertal\\\/#\\\/schema\\\/person\\\/c8db420c941076acab609d46a44c2dba\",\"name\":\"wolfhardwinkelstroeter\",\"image\":{\"@type\":\"ImageObject\",\"inLanguage\":\"de\",\"@id\":\"https:\\\/\\\/secure.gravatar.com\\\/avatar\\\/16984e6b0d78cf07ffe0a05dddfb00323db169803ed43e94c046b877250b7aa1?s=96&d=mm&r=g\",\"url\":\"https:\\\/\\\/secure.gravatar.com\\\/avatar\\\/16984e6b0d78cf07ffe0a05dddfb00323db169803ed43e94c046b877250b7aa1?s=96&d=mm&r=g\",\"contentUrl\":\"https:\\\/\\\/secure.gravatar.com\\\/avatar\\\/16984e6b0d78cf07ffe0a05dddfb00323db169803ed43e94c046b877250b7aa1?s=96&d=mm&r=g\",\"caption\":\"wolfhardwinkelstroeter\"},\"url\":\"https:\\\/\\\/www.fuss-ev.de\\\/wuppertal\\\/author\\\/wolfhardwinkelstroeter\\\/\"}]}<\/script>\n<!-- \/ Yoast SEO plugin. -->","yoast_head_json":{"title":"Kind von Auto erfasst - Schwerverletzt! - Wuppertal - FUSS e.V.","description":"Bei einem Unfall auf der Hans-B\u00f6ckler-Stra\u00dfe in Wuppertal-Elberfeld wurde eine 13-J\u00e4hrige schwer verletzt, als sie aus einem parkenden Auto trat und von einem Kia erfasst wurde.","robots":{"index":"index","follow":"follow","max-snippet":"max-snippet:-1","max-image-preview":"max-image-preview:large","max-video-preview":"max-video-preview:-1"},"canonical":"https:\/\/www.fuss-ev.de\/wuppertal\/2026\/04\/27\/hans-boeckler-strasse-13-jaehrige-bei-unfall-auf-hans-boeckler-strasse-schwer-verletzt\/","og_locale":"de_DE","og_type":"article","og_title":"Kind von Auto erfasst - Schwerverletzt! - Wuppertal - FUSS e.V.","og_description":"Bei einem Unfall auf der Hans-B\u00f6ckler-Stra\u00dfe in Wuppertal-Elberfeld wurde eine 13-J\u00e4hrige schwer verletzt, als sie aus einem parkenden Auto trat und von einem Kia erfasst wurde.","og_url":"https:\/\/www.fuss-ev.de\/wuppertal\/2026\/04\/27\/hans-boeckler-strasse-13-jaehrige-bei-unfall-auf-hans-boeckler-strasse-schwer-verletzt\/","og_site_name":"Wuppertal - FUSS e.V.","article_publisher":"https:\/\/www.facebook.com\/fussverkehr.de","article_published_time":"2026-04-27T16:56:25+00:00","og_image":[{"width":319,"height":200,"url":"https:\/\/www.fuss-ev.de\/wuppertal\/wp-content\/uploads\/sites\/20\/2025\/03\/Blaulicht-Polizei-klein-319x200-1.png","type":"image\/png"}],"author":"wolfhardwinkelstroeter","twitter_card":"summary_large_image","twitter_misc":{"Verfasst von":"wolfhardwinkelstroeter","Gesch\u00e4tzte Lesezeit":"1\u00a0Minute"},"schema":{"@context":"https:\/\/schema.org","@graph":[{"@type":"Article","@id":"https:\/\/www.fuss-ev.de\/wuppertal\/2026\/04\/27\/hans-boeckler-strasse-13-jaehrige-bei-unfall-auf-hans-boeckler-strasse-schwer-verletzt\/#article","isPartOf":{"@id":"https:\/\/www.fuss-ev.de\/wuppertal\/2026\/04\/27\/hans-boeckler-strasse-13-jaehrige-bei-unfall-auf-hans-boeckler-strasse-schwer-verletzt\/"},"author":{"name":"wolfhardwinkelstroeter","@id":"https:\/\/www.fuss-ev.de\/wuppertal\/#\/schema\/person\/c8db420c941076acab609d46a44c2dba"},"headline":"Kind von Auto erfasst &#8211; Schwerverletzt!","datePublished":"2026-04-27T16:56:25+00:00","mainEntityOfPage":{"@id":"https:\/\/www.fuss-ev.de\/wuppertal\/2026\/04\/27\/hans-boeckler-strasse-13-jaehrige-bei-unfall-auf-hans-boeckler-strasse-schwer-verletzt\/"},"wordCount":140,"publisher":{"@id":"https:\/\/www.fuss-ev.de\/wuppertal\/#organization"},"image":{"@id":"https:\/\/www.fuss-ev.de\/wuppertal\/2026\/04\/27\/hans-boeckler-strasse-13-jaehrige-bei-unfall-auf-hans-boeckler-strasse-schwer-verletzt\/#primaryimage"},"thumbnailUrl":"https:\/\/www.fuss-ev.de\/wuppertal\/wp-content\/uploads\/sites\/20\/2025\/03\/Blaulicht-Polizei-klein-319x200-1.png","keywords":["Hans-B\u00f6ckler-Stra\u00dfe","Polizeibericht","schwerverletztes M\u00e4dchen","Verkehr","Verkehrsunfall","Wuppertal"],"articleSection":["Aktuelles"],"inLanguage":"de"},{"@type":"WebPage","@id":"https:\/\/www.fuss-ev.de\/wuppertal\/2026\/04\/27\/hans-boeckler-strasse-13-jaehrige-bei-unfall-auf-hans-boeckler-strasse-schwer-verletzt\/","url":"https:\/\/www.fuss-ev.de\/wuppertal\/2026\/04\/27\/hans-boeckler-strasse-13-jaehrige-bei-unfall-auf-hans-boeckler-strasse-schwer-verletzt\/","name":"Kind von Auto erfasst - Schwerverletzt! - Wuppertal - FUSS e.V.","isPartOf":{"@id":"https:\/\/www.fuss-ev.de\/wuppertal\/#website"},"primaryImageOfPage":{"@id":"https:\/\/www.fuss-ev.de\/wuppertal\/2026\/04\/27\/hans-boeckler-strasse-13-jaehrige-bei-unfall-auf-hans-boeckler-strasse-schwer-verletzt\/#primaryimage"},"image":{"@id":"https:\/\/www.fuss-ev.de\/wuppertal\/2026\/04\/27\/hans-boeckler-strasse-13-jaehrige-bei-unfall-auf-hans-boeckler-strasse-schwer-verletzt\/#primaryimage"},"thumbnailUrl":"https:\/\/www.fuss-ev.de\/wuppertal\/wp-content\/uploads\/sites\/20\/2025\/03\/Blaulicht-Polizei-klein-319x200-1.png","datePublished":"2026-04-27T16:56:25+00:00","description":"Bei einem Unfall auf der Hans-B\u00f6ckler-Stra\u00dfe in Wuppertal-Elberfeld wurde eine 13-J\u00e4hrige schwer verletzt, als sie aus einem parkenden Auto trat und von einem Kia erfasst wurde.","breadcrumb":{"@id":"https:\/\/www.fuss-ev.de\/wuppertal\/2026\/04\/27\/hans-boeckler-strasse-13-jaehrige-bei-unfall-auf-hans-boeckler-strasse-schwer-verletzt\/#breadcrumb"},"inLanguage":"de","potentialAction":[{"@type":"ReadAction","target":["https:\/\/www.fuss-ev.de\/wuppertal\/2026\/04\/27\/hans-boeckler-strasse-13-jaehrige-bei-unfall-auf-hans-boeckler-strasse-schwer-verletzt\/"]}]},{"@type":"ImageObject","inLanguage":"de","@id":"https:\/\/www.fuss-ev.de\/wuppertal\/2026\/04\/27\/hans-boeckler-strasse-13-jaehrige-bei-unfall-auf-hans-boeckler-strasse-schwer-verletzt\/#primaryimage","url":"https:\/\/www.fuss-ev.de\/wuppertal\/wp-content\/uploads\/sites\/20\/2025\/03\/Blaulicht-Polizei-klein-319x200-1.png","contentUrl":"https:\/\/www.fuss-ev.de\/wuppertal\/wp-content\/uploads\/sites\/20\/2025\/03\/Blaulicht-Polizei-klein-319x200-1.png","width":319,"height":200,"caption":"Symbolbild Polizei Blaulicht"},{"@type":"BreadcrumbList","@id":"https:\/\/www.fuss-ev.de\/wuppertal\/2026\/04\/27\/hans-boeckler-strasse-13-jaehrige-bei-unfall-auf-hans-boeckler-strasse-schwer-verletzt\/#breadcrumb","itemListElement":[{"@type":"ListItem","position":1,"name":"Startseite","item":"https:\/\/www.fuss-ev.de\/wuppertal\/"},{"@type":"ListItem","position":2,"name":"Kind von Auto erfasst &#8211; Schwerverletzt!"}]},{"@type":"WebSite","@id":"https:\/\/www.fuss-ev.de\/wuppertal\/#website","url":"https:\/\/www.fuss-ev.de\/wuppertal\/","name":"Wuppertal - FUSS e.V.","description":"","publisher":{"@id":"https:\/\/www.fuss-ev.de\/wuppertal\/#organization"},"potentialAction":[{"@type":"SearchAction","target":{"@type":"EntryPoint","urlTemplate":"https:\/\/www.fuss-ev.de\/wuppertal\/?s={search_term_string}"},"query-input":{"@type":"PropertyValueSpecification","valueRequired":true,"valueName":"search_term_string"}}],"inLanguage":"de"},{"@type":"Organization","@id":"https:\/\/www.fuss-ev.de\/wuppertal\/#organization","name":"Wuppertal - FUSS e.V.","url":"https:\/\/www.fuss-ev.de\/wuppertal\/","logo":{"@type":"ImageObject","inLanguage":"de","@id":"https:\/\/www.fuss-ev.de\/wuppertal\/#\/schema\/logo\/image\/","url":"https:\/\/www.fuss-ev.de\/wuppertal\/wp-content\/uploads\/sites\/20\/2025\/01\/FUSS_Logo.jpg","contentUrl":"https:\/\/www.fuss-ev.de\/wuppertal\/wp-content\/uploads\/sites\/20\/2025\/01\/FUSS_Logo.jpg","width":2082,"height":979,"caption":"Wuppertal - FUSS e.V."},"image":{"@id":"https:\/\/www.fuss-ev.de\/wuppertal\/#\/schema\/logo\/image\/"},"sameAs":["https:\/\/www.facebook.com\/fussverkehr.de"]},{"@type":"Person","@id":"https:\/\/www.fuss-ev.de\/wuppertal\/#\/schema\/person\/c8db420c941076acab609d46a44c2dba","name":"wolfhardwinkelstroeter","image":{"@type":"ImageObject","inLanguage":"de","@id":"https:\/\/secure.gravatar.com\/avatar\/16984e6b0d78cf07ffe0a05dddfb00323db169803ed43e94c046b877250b7aa1?s=96&d=mm&r=g","url":"https:\/\/secure.gravatar.com\/avatar\/16984e6b0d78cf07ffe0a05dddfb00323db169803ed43e94c046b877250b7aa1?s=96&d=mm&r=g","contentUrl":"https:\/\/secure.gravatar.com\/avatar\/16984e6b0d78cf07ffe0a05dddfb00323db169803ed43e94c046b877250b7aa1?s=96&d=mm&r=g","caption":"wolfhardwinkelstroeter"},"url":"https:\/\/www.fuss-ev.de\/wuppertal\/author\/wolfhardwinkelstroeter\/"}]}},"publishpress_future_action":{"enabled":false,"date":"2026-05-05 00:46:09","action":"change-status","newStatus":"draft","terms":[],"taxonomy":"category","extraData":[]},"publishpress_future_workflow_manual_trigger":{"enabledWorkflows":[]},"_links":{"self":[{"href":"https:\/\/www.fuss-ev.de\/wuppertal\/wp-json\/wp\/v2\/posts\/4925","targetHints":{"allow":["GET"]}}],"collection":[{"href":"https:\/\/www.fuss-ev.de\/wuppertal\/wp-json\/wp\/v2\/posts"}],"about":[{"href":"https:\/\/www.fuss-ev.de\/wuppertal\/wp-json\/wp\/v2\/types\/post"}],"author":[{"embeddable":true,"href":"https:\/\/www.fuss-ev.de\/wuppertal\/wp-json\/wp\/v2\/users\/45"}],"replies":[{"embeddable":true,"href":"https:\/\/www.fuss-ev.de\/wuppertal\/wp-json\/wp\/v2\/comments?post=4925"}],"version-history":[{"count":1,"href":"https:\/\/www.fuss-ev.de\/wuppertal\/wp-json\/wp\/v2\/posts\/4925\/revisions"}],"predecessor-version":[{"id":4926,"href":"https:\/\/www.fuss-ev.de\/wuppertal\/wp-json\/wp\/v2\/posts\/4925\/revisions\/4926"}],"wp:featuredmedia":[{"embeddable":true,"href":"https:\/\/www.fuss-ev.de\/wuppertal\/wp-json\/wp\/v2\/media\/4681"}],"wp:attachment":[{"href":"https:\/\/www.fuss-ev.de\/wuppertal\/wp-json\/wp\/v2\/media?parent=4925"}],"wp:term":[{"taxonomy":"category","embeddable":true,"href":"https:\/\/www.fuss-ev.de\/wuppertal\/wp-json\/wp\/v2\/categories?post=4925"},{"taxonomy":"post_tag","embeddable":true,"href":"https:\/\/www.fuss-ev.de\/wuppertal\/wp-json\/wp\/v2\/tags?post=4925"}],"curies":[{"name":"wp","href":"https:\/\/api.w.org\/{rel}","templated":true}]}}