{"id":4908,"date":"2026-03-17T16:23:51","date_gmt":"2026-03-17T15:23:51","guid":{"rendered":"https:\/\/www.fuss-ev.de\/wuppertal\/?p=4908"},"modified":"2026-03-17T16:23:51","modified_gmt":"2026-03-17T15:23:51","slug":"wuppertal-12-jaehrige-nach-busausstieg-von-auto-erfasst-polizei-sucht-zeugen","status":"publish","type":"post","link":"https:\/\/www.fuss-ev.de\/wuppertal\/2026\/03\/17\/wuppertal-12-jaehrige-nach-busausstieg-von-auto-erfasst-polizei-sucht-zeugen\/","title":{"rendered":"Hochstra\u00dfe: 12-J\u00e4hrige von Pkw erfasst &#8211; Zeugen?"},"content":{"rendered":"<h5>Ver\u00f6ffentlichung eines Polizeiberichtes &#8220;POL-W: 12-J\u00e4hrige von Pkw erfasst &#8211; Polizei sucht Zeugen&#8221;- vom 17.03.2026 \u2013 10:38<\/h5>\n<p>Gestern Mittag (16.03.2026, 13:30 Uhr) stie\u00df ein 12-j\u00e4hriges M\u00e4dchen mit einem Pkw zusammen, als sie nach Verlassen eines Linienbusses die Fahrbahn querte.<\/p>\n<p>Nach bisherigen Erkenntnissen fuhr ein 39-J\u00e4hriger mit seinem Linienbus auf der Hochstra\u00dfe in Richtung Innenstadt. An der Haltestelle Friedhofskirche stoppte er den Bus und lie\u00df Fahrg\u00e4ste aussteigen.<br \/>\nAn der vorderen T\u00fcr stieg das 12-j\u00e4hrige M\u00e4dchen aus dem Bus und querte unmittelbar nach Verlassen des Busses an der Ampel die Fahrbahn. Dabei stie\u00df sie mit dem Toyota eines 69-J\u00e4hrigen zusammen, der die Hochstra\u00dfe in Richtung Innenstadt befuhr. Bei der Kollision erlitt das M\u00e4dchen Verletzungen, die station\u00e4r in einem Krankenhaus behandelt werden m\u00fcssen.<\/p>\n<p>Das Verkehrskommissariat hat die Ermittlungen aufgenommen und bittet Zeugen und Hinweisgeber, die Angaben zu dem Unfall machen k\u00f6nnen &#8211; insbesondere zum Status der Ampelanlage &#8211; sich bei der Polizei unter 0202 284 0 zu melden.<\/p>\n<hr \/>\n<p>Wir w\u00fcnschen dem verletzten M\u00e4dchen alles Gute und eine baldige Genesung.<\/p>\n<p>Alle anderen beteiligen Personen m\u00f6gen den Unfall gut verkraften.<\/p>\n<p>&nbsp;<\/p>\n","protected":false},"excerpt":{"rendered":"<p>Ver\u00f6ffentlichung eines Polizeiberichtes &#8220;POL-W: 12-J\u00e4hrige von Pkw erfasst &#8211; Polizei sucht Zeugen&#8221;- vom 17.03.2026 \u2013 10:38 Gestern Mittag (16.03.2026, 13:30 Uhr) stie\u00df ein 12-j\u00e4hriges M\u00e4dchen mit einem Pkw zusammen, als sie nach Verlassen eines Linienbusses [&hellip;]<\/p>\n","protected":false},"author":45,"featured_media":4681,"comment_status":"closed","ping_status":"closed","sticky":false,"template":"","format":"standard","meta":{"_acf_changed":false,"_relevanssi_hide_post":"","_relevanssi_hide_content":"","_relevanssi_pin_for_all":"","_relevanssi_pin_keywords":"","_relevanssi_unpin_keywords":"","_relevanssi_related_keywords":"","_relevanssi_related_include_ids":"","_relevanssi_related_exclude_ids":"","_relevanssi_related_no_append":"","_relevanssi_related_not_related":"","_relevanssi_related_posts":"","_relevanssi_noindex_reason":"","footnotes":""},"categories":[8],"tags":[65,68,17,28,21,18,20,13,23],"class_list":["post-4908","post","type-post","status-publish","format-standard","has-post-thumbnail","hentry","category-aktuelles","tag-elberfeld","tag-hochstrasse","tag-polizeibericht","tag-radfahrer","tag-verkehr","tag-verkehrsunfall","tag-verletztes-kind","tag-wuppertal","tag-zeugen-gesucht"],"acf":[],"yoast_head":"<!-- This site is optimized with the Yoast SEO plugin v27.4 - https:\/\/yoast.com\/product\/yoast-seo-wordpress\/ -->\n<title>Hochstra\u00dfe: 12-J\u00e4hrige von Pkw erfasst - Zeugen? - Wuppertal - FUSS e.V.<\/title>\n<meta name=\"description\" content=\"Nach dem Aussteigen aus einem Linienbus wurde ein 12-j\u00e4hriges M\u00e4dchen an der Haltestelle Friedhofskirche auf der Hochstra\u00dfe von einem Toyota erfasst und verletzt. Die Polizei Wuppertal sucht Zeugen.\" \/>\n<meta name=\"robots\" content=\"index, follow, max-snippet:-1, max-image-preview:large, max-video-preview:-1\" \/>\n<link rel=\"canonical\" href=\"https:\/\/www.fuss-ev.de\/wuppertal\/2026\/03\/17\/wuppertal-12-jaehrige-nach-busausstieg-von-auto-erfasst-polizei-sucht-zeugen\/\" \/>\n<meta property=\"og:locale\" content=\"de_DE\" \/>\n<meta property=\"og:type\" content=\"article\" \/>\n<meta property=\"og:title\" content=\"Hochstra\u00dfe: 12-J\u00e4hrige von Pkw erfasst - Zeugen? - Wuppertal - FUSS e.V.\" \/>\n<meta property=\"og:description\" content=\"Nach dem Aussteigen aus einem Linienbus wurde ein 12-j\u00e4hriges M\u00e4dchen an der Haltestelle Friedhofskirche auf der Hochstra\u00dfe von einem Toyota erfasst und verletzt. Die Polizei Wuppertal sucht Zeugen.\" \/>\n<meta property=\"og:url\" content=\"https:\/\/www.fuss-ev.de\/wuppertal\/2026\/03\/17\/wuppertal-12-jaehrige-nach-busausstieg-von-auto-erfasst-polizei-sucht-zeugen\/\" \/>\n<meta property=\"og:site_name\" content=\"Wuppertal - FUSS e.V.\" \/>\n<meta property=\"article:publisher\" content=\"https:\/\/www.facebook.com\/fussverkehr.de\" \/>\n<meta property=\"article:published_time\" content=\"2026-03-17T15:23:51+00:00\" \/>\n<meta property=\"og:image\" content=\"https:\/\/www.fuss-ev.de\/wuppertal\/wp-content\/uploads\/sites\/20\/2025\/03\/Blaulicht-Polizei-klein-319x200-1.png\" \/>\n\t<meta property=\"og:image:width\" content=\"319\" \/>\n\t<meta property=\"og:image:height\" content=\"200\" \/>\n\t<meta property=\"og:image:type\" content=\"image\/png\" \/>\n<meta name=\"author\" content=\"wolfhardwinkelstroeter\" \/>\n<meta name=\"twitter:card\" content=\"summary_large_image\" \/>\n<meta name=\"twitter:label1\" content=\"Verfasst von\" \/>\n\t<meta name=\"twitter:data1\" content=\"wolfhardwinkelstroeter\" \/>\n\t<meta name=\"twitter:label2\" content=\"Gesch\u00e4tzte Lesezeit\" \/>\n\t<meta name=\"twitter:data2\" content=\"1\u00a0Minute\" \/>\n<script type=\"application\/ld+json\" class=\"yoast-schema-graph\">{\"@context\":\"https:\\\/\\\/schema.org\",\"@graph\":[{\"@type\":\"Article\",\"@id\":\"https:\\\/\\\/www.fuss-ev.de\\\/wuppertal\\\/2026\\\/03\\\/17\\\/wuppertal-12-jaehrige-nach-busausstieg-von-auto-erfasst-polizei-sucht-zeugen\\\/#article\",\"isPartOf\":{\"@id\":\"https:\\\/\\\/www.fuss-ev.de\\\/wuppertal\\\/2026\\\/03\\\/17\\\/wuppertal-12-jaehrige-nach-busausstieg-von-auto-erfasst-polizei-sucht-zeugen\\\/\"},\"author\":{\"name\":\"wolfhardwinkelstroeter\",\"@id\":\"https:\\\/\\\/www.fuss-ev.de\\\/wuppertal\\\/#\\\/schema\\\/person\\\/c8db420c941076acab609d46a44c2dba\"},\"headline\":\"Hochstra\u00dfe: 12-J\u00e4hrige von Pkw erfasst &#8211; Zeugen?\",\"datePublished\":\"2026-03-17T15:23:51+00:00\",\"mainEntityOfPage\":{\"@id\":\"https:\\\/\\\/www.fuss-ev.de\\\/wuppertal\\\/2026\\\/03\\\/17\\\/wuppertal-12-jaehrige-nach-busausstieg-von-auto-erfasst-polizei-sucht-zeugen\\\/\"},\"wordCount\":196,\"publisher\":{\"@id\":\"https:\\\/\\\/www.fuss-ev.de\\\/wuppertal\\\/#organization\"},\"image\":{\"@id\":\"https:\\\/\\\/www.fuss-ev.de\\\/wuppertal\\\/2026\\\/03\\\/17\\\/wuppertal-12-jaehrige-nach-busausstieg-von-auto-erfasst-polizei-sucht-zeugen\\\/#primaryimage\"},\"thumbnailUrl\":\"https:\\\/\\\/www.fuss-ev.de\\\/wuppertal\\\/wp-content\\\/uploads\\\/sites\\\/20\\\/2025\\\/03\\\/Blaulicht-Polizei-klein-319x200-1.png\",\"keywords\":[\"Elberfeld\",\"Hochstra\u00dfe\",\"Polizeibericht\",\"Radfahrer\",\"Verkehr\",\"Verkehrsunfall\",\"verletztes Kind\",\"Wuppertal\",\"Zeugen gesucht\"],\"articleSection\":[\"Aktuelles\"],\"inLanguage\":\"de\"},{\"@type\":\"WebPage\",\"@id\":\"https:\\\/\\\/www.fuss-ev.de\\\/wuppertal\\\/2026\\\/03\\\/17\\\/wuppertal-12-jaehrige-nach-busausstieg-von-auto-erfasst-polizei-sucht-zeugen\\\/\",\"url\":\"https:\\\/\\\/www.fuss-ev.de\\\/wuppertal\\\/2026\\\/03\\\/17\\\/wuppertal-12-jaehrige-nach-busausstieg-von-auto-erfasst-polizei-sucht-zeugen\\\/\",\"name\":\"Hochstra\u00dfe: 12-J\u00e4hrige von Pkw erfasst - Zeugen? - Wuppertal - FUSS e.V.\",\"isPartOf\":{\"@id\":\"https:\\\/\\\/www.fuss-ev.de\\\/wuppertal\\\/#website\"},\"primaryImageOfPage\":{\"@id\":\"https:\\\/\\\/www.fuss-ev.de\\\/wuppertal\\\/2026\\\/03\\\/17\\\/wuppertal-12-jaehrige-nach-busausstieg-von-auto-erfasst-polizei-sucht-zeugen\\\/#primaryimage\"},\"image\":{\"@id\":\"https:\\\/\\\/www.fuss-ev.de\\\/wuppertal\\\/2026\\\/03\\\/17\\\/wuppertal-12-jaehrige-nach-busausstieg-von-auto-erfasst-polizei-sucht-zeugen\\\/#primaryimage\"},\"thumbnailUrl\":\"https:\\\/\\\/www.fuss-ev.de\\\/wuppertal\\\/wp-content\\\/uploads\\\/sites\\\/20\\\/2025\\\/03\\\/Blaulicht-Polizei-klein-319x200-1.png\",\"datePublished\":\"2026-03-17T15:23:51+00:00\",\"description\":\"Nach dem Aussteigen aus einem Linienbus wurde ein 12-j\u00e4hriges M\u00e4dchen an der Haltestelle Friedhofskirche auf der Hochstra\u00dfe von einem Toyota erfasst und verletzt. Die Polizei Wuppertal sucht Zeugen.\",\"breadcrumb\":{\"@id\":\"https:\\\/\\\/www.fuss-ev.de\\\/wuppertal\\\/2026\\\/03\\\/17\\\/wuppertal-12-jaehrige-nach-busausstieg-von-auto-erfasst-polizei-sucht-zeugen\\\/#breadcrumb\"},\"inLanguage\":\"de\",\"potentialAction\":[{\"@type\":\"ReadAction\",\"target\":[\"https:\\\/\\\/www.fuss-ev.de\\\/wuppertal\\\/2026\\\/03\\\/17\\\/wuppertal-12-jaehrige-nach-busausstieg-von-auto-erfasst-polizei-sucht-zeugen\\\/\"]}]},{\"@type\":\"ImageObject\",\"inLanguage\":\"de\",\"@id\":\"https:\\\/\\\/www.fuss-ev.de\\\/wuppertal\\\/2026\\\/03\\\/17\\\/wuppertal-12-jaehrige-nach-busausstieg-von-auto-erfasst-polizei-sucht-zeugen\\\/#primaryimage\",\"url\":\"https:\\\/\\\/www.fuss-ev.de\\\/wuppertal\\\/wp-content\\\/uploads\\\/sites\\\/20\\\/2025\\\/03\\\/Blaulicht-Polizei-klein-319x200-1.png\",\"contentUrl\":\"https:\\\/\\\/www.fuss-ev.de\\\/wuppertal\\\/wp-content\\\/uploads\\\/sites\\\/20\\\/2025\\\/03\\\/Blaulicht-Polizei-klein-319x200-1.png\",\"width\":319,\"height\":200,\"caption\":\"Symbolbild Polizei Blaulicht\"},{\"@type\":\"BreadcrumbList\",\"@id\":\"https:\\\/\\\/www.fuss-ev.de\\\/wuppertal\\\/2026\\\/03\\\/17\\\/wuppertal-12-jaehrige-nach-busausstieg-von-auto-erfasst-polizei-sucht-zeugen\\\/#breadcrumb\",\"itemListElement\":[{\"@type\":\"ListItem\",\"position\":1,\"name\":\"Startseite\",\"item\":\"https:\\\/\\\/www.fuss-ev.de\\\/wuppertal\\\/\"},{\"@type\":\"ListItem\",\"position\":2,\"name\":\"Hochstra\u00dfe: 12-J\u00e4hrige von Pkw erfasst &#8211; Zeugen?\"}]},{\"@type\":\"WebSite\",\"@id\":\"https:\\\/\\\/www.fuss-ev.de\\\/wuppertal\\\/#website\",\"url\":\"https:\\\/\\\/www.fuss-ev.de\\\/wuppertal\\\/\",\"name\":\"Wuppertal - FUSS e.V.\",\"description\":\"\",\"publisher\":{\"@id\":\"https:\\\/\\\/www.fuss-ev.de\\\/wuppertal\\\/#organization\"},\"potentialAction\":[{\"@type\":\"SearchAction\",\"target\":{\"@type\":\"EntryPoint\",\"urlTemplate\":\"https:\\\/\\\/www.fuss-ev.de\\\/wuppertal\\\/?s={search_term_string}\"},\"query-input\":{\"@type\":\"PropertyValueSpecification\",\"valueRequired\":true,\"valueName\":\"search_term_string\"}}],\"inLanguage\":\"de\"},{\"@type\":\"Organization\",\"@id\":\"https:\\\/\\\/www.fuss-ev.de\\\/wuppertal\\\/#organization\",\"name\":\"Wuppertal - FUSS e.V.\",\"url\":\"https:\\\/\\\/www.fuss-ev.de\\\/wuppertal\\\/\",\"logo\":{\"@type\":\"ImageObject\",\"inLanguage\":\"de\",\"@id\":\"https:\\\/\\\/www.fuss-ev.de\\\/wuppertal\\\/#\\\/schema\\\/logo\\\/image\\\/\",\"url\":\"https:\\\/\\\/www.fuss-ev.de\\\/wuppertal\\\/wp-content\\\/uploads\\\/sites\\\/20\\\/2025\\\/01\\\/FUSS_Logo.jpg\",\"contentUrl\":\"https:\\\/\\\/www.fuss-ev.de\\\/wuppertal\\\/wp-content\\\/uploads\\\/sites\\\/20\\\/2025\\\/01\\\/FUSS_Logo.jpg\",\"width\":2082,\"height\":979,\"caption\":\"Wuppertal - FUSS e.V.\"},\"image\":{\"@id\":\"https:\\\/\\\/www.fuss-ev.de\\\/wuppertal\\\/#\\\/schema\\\/logo\\\/image\\\/\"},\"sameAs\":[\"https:\\\/\\\/www.facebook.com\\\/fussverkehr.de\"]},{\"@type\":\"Person\",\"@id\":\"https:\\\/\\\/www.fuss-ev.de\\\/wuppertal\\\/#\\\/schema\\\/person\\\/c8db420c941076acab609d46a44c2dba\",\"name\":\"wolfhardwinkelstroeter\",\"image\":{\"@type\":\"ImageObject\",\"inLanguage\":\"de\",\"@id\":\"https:\\\/\\\/secure.gravatar.com\\\/avatar\\\/16984e6b0d78cf07ffe0a05dddfb00323db169803ed43e94c046b877250b7aa1?s=96&d=mm&r=g\",\"url\":\"https:\\\/\\\/secure.gravatar.com\\\/avatar\\\/16984e6b0d78cf07ffe0a05dddfb00323db169803ed43e94c046b877250b7aa1?s=96&d=mm&r=g\",\"contentUrl\":\"https:\\\/\\\/secure.gravatar.com\\\/avatar\\\/16984e6b0d78cf07ffe0a05dddfb00323db169803ed43e94c046b877250b7aa1?s=96&d=mm&r=g\",\"caption\":\"wolfhardwinkelstroeter\"},\"url\":\"https:\\\/\\\/www.fuss-ev.de\\\/wuppertal\\\/author\\\/wolfhardwinkelstroeter\\\/\"}]}<\/script>\n<!-- \/ Yoast SEO plugin. -->","yoast_head_json":{"title":"Hochstra\u00dfe: 12-J\u00e4hrige von Pkw erfasst - Zeugen? - Wuppertal - FUSS e.V.","description":"Nach dem Aussteigen aus einem Linienbus wurde ein 12-j\u00e4hriges M\u00e4dchen an der Haltestelle Friedhofskirche auf der Hochstra\u00dfe von einem Toyota erfasst und verletzt. Die Polizei Wuppertal sucht Zeugen.","robots":{"index":"index","follow":"follow","max-snippet":"max-snippet:-1","max-image-preview":"max-image-preview:large","max-video-preview":"max-video-preview:-1"},"canonical":"https:\/\/www.fuss-ev.de\/wuppertal\/2026\/03\/17\/wuppertal-12-jaehrige-nach-busausstieg-von-auto-erfasst-polizei-sucht-zeugen\/","og_locale":"de_DE","og_type":"article","og_title":"Hochstra\u00dfe: 12-J\u00e4hrige von Pkw erfasst - Zeugen? - Wuppertal - FUSS e.V.","og_description":"Nach dem Aussteigen aus einem Linienbus wurde ein 12-j\u00e4hriges M\u00e4dchen an der Haltestelle Friedhofskirche auf der Hochstra\u00dfe von einem Toyota erfasst und verletzt. Die Polizei Wuppertal sucht Zeugen.","og_url":"https:\/\/www.fuss-ev.de\/wuppertal\/2026\/03\/17\/wuppertal-12-jaehrige-nach-busausstieg-von-auto-erfasst-polizei-sucht-zeugen\/","og_site_name":"Wuppertal - FUSS e.V.","article_publisher":"https:\/\/www.facebook.com\/fussverkehr.de","article_published_time":"2026-03-17T15:23:51+00:00","og_image":[{"width":319,"height":200,"url":"https:\/\/www.fuss-ev.de\/wuppertal\/wp-content\/uploads\/sites\/20\/2025\/03\/Blaulicht-Polizei-klein-319x200-1.png","type":"image\/png"}],"author":"wolfhardwinkelstroeter","twitter_card":"summary_large_image","twitter_misc":{"Verfasst von":"wolfhardwinkelstroeter","Gesch\u00e4tzte Lesezeit":"1\u00a0Minute"},"schema":{"@context":"https:\/\/schema.org","@graph":[{"@type":"Article","@id":"https:\/\/www.fuss-ev.de\/wuppertal\/2026\/03\/17\/wuppertal-12-jaehrige-nach-busausstieg-von-auto-erfasst-polizei-sucht-zeugen\/#article","isPartOf":{"@id":"https:\/\/www.fuss-ev.de\/wuppertal\/2026\/03\/17\/wuppertal-12-jaehrige-nach-busausstieg-von-auto-erfasst-polizei-sucht-zeugen\/"},"author":{"name":"wolfhardwinkelstroeter","@id":"https:\/\/www.fuss-ev.de\/wuppertal\/#\/schema\/person\/c8db420c941076acab609d46a44c2dba"},"headline":"Hochstra\u00dfe: 12-J\u00e4hrige von Pkw erfasst &#8211; Zeugen?","datePublished":"2026-03-17T15:23:51+00:00","mainEntityOfPage":{"@id":"https:\/\/www.fuss-ev.de\/wuppertal\/2026\/03\/17\/wuppertal-12-jaehrige-nach-busausstieg-von-auto-erfasst-polizei-sucht-zeugen\/"},"wordCount":196,"publisher":{"@id":"https:\/\/www.fuss-ev.de\/wuppertal\/#organization"},"image":{"@id":"https:\/\/www.fuss-ev.de\/wuppertal\/2026\/03\/17\/wuppertal-12-jaehrige-nach-busausstieg-von-auto-erfasst-polizei-sucht-zeugen\/#primaryimage"},"thumbnailUrl":"https:\/\/www.fuss-ev.de\/wuppertal\/wp-content\/uploads\/sites\/20\/2025\/03\/Blaulicht-Polizei-klein-319x200-1.png","keywords":["Elberfeld","Hochstra\u00dfe","Polizeibericht","Radfahrer","Verkehr","Verkehrsunfall","verletztes Kind","Wuppertal","Zeugen gesucht"],"articleSection":["Aktuelles"],"inLanguage":"de"},{"@type":"WebPage","@id":"https:\/\/www.fuss-ev.de\/wuppertal\/2026\/03\/17\/wuppertal-12-jaehrige-nach-busausstieg-von-auto-erfasst-polizei-sucht-zeugen\/","url":"https:\/\/www.fuss-ev.de\/wuppertal\/2026\/03\/17\/wuppertal-12-jaehrige-nach-busausstieg-von-auto-erfasst-polizei-sucht-zeugen\/","name":"Hochstra\u00dfe: 12-J\u00e4hrige von Pkw erfasst - Zeugen? - Wuppertal - FUSS e.V.","isPartOf":{"@id":"https:\/\/www.fuss-ev.de\/wuppertal\/#website"},"primaryImageOfPage":{"@id":"https:\/\/www.fuss-ev.de\/wuppertal\/2026\/03\/17\/wuppertal-12-jaehrige-nach-busausstieg-von-auto-erfasst-polizei-sucht-zeugen\/#primaryimage"},"image":{"@id":"https:\/\/www.fuss-ev.de\/wuppertal\/2026\/03\/17\/wuppertal-12-jaehrige-nach-busausstieg-von-auto-erfasst-polizei-sucht-zeugen\/#primaryimage"},"thumbnailUrl":"https:\/\/www.fuss-ev.de\/wuppertal\/wp-content\/uploads\/sites\/20\/2025\/03\/Blaulicht-Polizei-klein-319x200-1.png","datePublished":"2026-03-17T15:23:51+00:00","description":"Nach dem Aussteigen aus einem Linienbus wurde ein 12-j\u00e4hriges M\u00e4dchen an der Haltestelle Friedhofskirche auf der Hochstra\u00dfe von einem Toyota erfasst und verletzt. Die Polizei Wuppertal sucht Zeugen.","breadcrumb":{"@id":"https:\/\/www.fuss-ev.de\/wuppertal\/2026\/03\/17\/wuppertal-12-jaehrige-nach-busausstieg-von-auto-erfasst-polizei-sucht-zeugen\/#breadcrumb"},"inLanguage":"de","potentialAction":[{"@type":"ReadAction","target":["https:\/\/www.fuss-ev.de\/wuppertal\/2026\/03\/17\/wuppertal-12-jaehrige-nach-busausstieg-von-auto-erfasst-polizei-sucht-zeugen\/"]}]},{"@type":"ImageObject","inLanguage":"de","@id":"https:\/\/www.fuss-ev.de\/wuppertal\/2026\/03\/17\/wuppertal-12-jaehrige-nach-busausstieg-von-auto-erfasst-polizei-sucht-zeugen\/#primaryimage","url":"https:\/\/www.fuss-ev.de\/wuppertal\/wp-content\/uploads\/sites\/20\/2025\/03\/Blaulicht-Polizei-klein-319x200-1.png","contentUrl":"https:\/\/www.fuss-ev.de\/wuppertal\/wp-content\/uploads\/sites\/20\/2025\/03\/Blaulicht-Polizei-klein-319x200-1.png","width":319,"height":200,"caption":"Symbolbild Polizei Blaulicht"},{"@type":"BreadcrumbList","@id":"https:\/\/www.fuss-ev.de\/wuppertal\/2026\/03\/17\/wuppertal-12-jaehrige-nach-busausstieg-von-auto-erfasst-polizei-sucht-zeugen\/#breadcrumb","itemListElement":[{"@type":"ListItem","position":1,"name":"Startseite","item":"https:\/\/www.fuss-ev.de\/wuppertal\/"},{"@type":"ListItem","position":2,"name":"Hochstra\u00dfe: 12-J\u00e4hrige von Pkw erfasst &#8211; Zeugen?"}]},{"@type":"WebSite","@id":"https:\/\/www.fuss-ev.de\/wuppertal\/#website","url":"https:\/\/www.fuss-ev.de\/wuppertal\/","name":"Wuppertal - FUSS e.V.","description":"","publisher":{"@id":"https:\/\/www.fuss-ev.de\/wuppertal\/#organization"},"potentialAction":[{"@type":"SearchAction","target":{"@type":"EntryPoint","urlTemplate":"https:\/\/www.fuss-ev.de\/wuppertal\/?s={search_term_string}"},"query-input":{"@type":"PropertyValueSpecification","valueRequired":true,"valueName":"search_term_string"}}],"inLanguage":"de"},{"@type":"Organization","@id":"https:\/\/www.fuss-ev.de\/wuppertal\/#organization","name":"Wuppertal - FUSS e.V.","url":"https:\/\/www.fuss-ev.de\/wuppertal\/","logo":{"@type":"ImageObject","inLanguage":"de","@id":"https:\/\/www.fuss-ev.de\/wuppertal\/#\/schema\/logo\/image\/","url":"https:\/\/www.fuss-ev.de\/wuppertal\/wp-content\/uploads\/sites\/20\/2025\/01\/FUSS_Logo.jpg","contentUrl":"https:\/\/www.fuss-ev.de\/wuppertal\/wp-content\/uploads\/sites\/20\/2025\/01\/FUSS_Logo.jpg","width":2082,"height":979,"caption":"Wuppertal - FUSS e.V."},"image":{"@id":"https:\/\/www.fuss-ev.de\/wuppertal\/#\/schema\/logo\/image\/"},"sameAs":["https:\/\/www.facebook.com\/fussverkehr.de"]},{"@type":"Person","@id":"https:\/\/www.fuss-ev.de\/wuppertal\/#\/schema\/person\/c8db420c941076acab609d46a44c2dba","name":"wolfhardwinkelstroeter","image":{"@type":"ImageObject","inLanguage":"de","@id":"https:\/\/secure.gravatar.com\/avatar\/16984e6b0d78cf07ffe0a05dddfb00323db169803ed43e94c046b877250b7aa1?s=96&d=mm&r=g","url":"https:\/\/secure.gravatar.com\/avatar\/16984e6b0d78cf07ffe0a05dddfb00323db169803ed43e94c046b877250b7aa1?s=96&d=mm&r=g","contentUrl":"https:\/\/secure.gravatar.com\/avatar\/16984e6b0d78cf07ffe0a05dddfb00323db169803ed43e94c046b877250b7aa1?s=96&d=mm&r=g","caption":"wolfhardwinkelstroeter"},"url":"https:\/\/www.fuss-ev.de\/wuppertal\/author\/wolfhardwinkelstroeter\/"}]}},"publishpress_future_action":{"enabled":false,"date":"2026-05-09 01:41:16","action":"change-status","newStatus":"draft","terms":[],"taxonomy":"category","extraData":[]},"publishpress_future_workflow_manual_trigger":{"enabledWorkflows":[]},"_links":{"self":[{"href":"https:\/\/www.fuss-ev.de\/wuppertal\/wp-json\/wp\/v2\/posts\/4908","targetHints":{"allow":["GET"]}}],"collection":[{"href":"https:\/\/www.fuss-ev.de\/wuppertal\/wp-json\/wp\/v2\/posts"}],"about":[{"href":"https:\/\/www.fuss-ev.de\/wuppertal\/wp-json\/wp\/v2\/types\/post"}],"author":[{"embeddable":true,"href":"https:\/\/www.fuss-ev.de\/wuppertal\/wp-json\/wp\/v2\/users\/45"}],"replies":[{"embeddable":true,"href":"https:\/\/www.fuss-ev.de\/wuppertal\/wp-json\/wp\/v2\/comments?post=4908"}],"version-history":[{"count":1,"href":"https:\/\/www.fuss-ev.de\/wuppertal\/wp-json\/wp\/v2\/posts\/4908\/revisions"}],"predecessor-version":[{"id":4910,"href":"https:\/\/www.fuss-ev.de\/wuppertal\/wp-json\/wp\/v2\/posts\/4908\/revisions\/4910"}],"wp:featuredmedia":[{"embeddable":true,"href":"https:\/\/www.fuss-ev.de\/wuppertal\/wp-json\/wp\/v2\/media\/4681"}],"wp:attachment":[{"href":"https:\/\/www.fuss-ev.de\/wuppertal\/wp-json\/wp\/v2\/media?parent=4908"}],"wp:term":[{"taxonomy":"category","embeddable":true,"href":"https:\/\/www.fuss-ev.de\/wuppertal\/wp-json\/wp\/v2\/categories?post=4908"},{"taxonomy":"post_tag","embeddable":true,"href":"https:\/\/www.fuss-ev.de\/wuppertal\/wp-json\/wp\/v2\/tags?post=4908"}],"curies":[{"name":"wp","href":"https:\/\/api.w.org\/{rel}","templated":true}]}}