{"id":4902,"date":"2026-03-12T19:44:38","date_gmt":"2026-03-12T18:44:38","guid":{"rendered":"https:\/\/www.fuss-ev.de\/wuppertal\/?p=4902"},"modified":"2026-03-12T19:44:38","modified_gmt":"2026-03-12T18:44:38","slug":"raser-gefaehrdet-fussgaenger-in-wuppertal-polizei-sucht-dringend-zeugen","status":"publish","type":"post","link":"https:\/\/www.fuss-ev.de\/wuppertal\/2026\/03\/12\/raser-gefaehrdet-fussgaenger-in-wuppertal-polizei-sucht-dringend-zeugen\/","title":{"rendered":"Elberfeld: Raser gef\u00e4hrdet Fu\u00dfg\u00e4nger! Zeugen?"},"content":{"rendered":"<h5>Ver\u00f6ffentlichung eines Polizeiberichtes &#8220;POL-W: W Raser gef\u00e4hrdet Fu\u00dfg\u00e4nger &#8211; Verkehrskommissariat sucht Zeugen&#8221;- vom 11.03.2026 \u2013 13:24<\/h5>\n<p>Gestern Nachmittag (10.03.2026, 15:55 Uhr) fiel ein Autofahrer durch seine r\u00fccksichtslose und gef\u00e4hrliche Fahrweise auf. Die Polizei sucht nach Zeugen, Hinweisgebern und m\u00f6glichen Gesch\u00e4digten.<\/p>\n<p>Eine Streifenwagenbesatzung bemerkte einen \u00e4lteren VW Bus, dessen Fahrer offensichtlich nicht angeschnallt war. Bei dem Versuch, den Fahrer anzuhalten, beschleunigte er sein Fahrzeug auf der Blankstra\u00dfe und setzte seine Fahrt mit deutlich \u00fcberh\u00f6hter Geschwindigkeit in die S\u00fcdstadt fort. An der Kluser H\u00f6he konnte der VW entgegen der Fahrtrichtung geparkt festgestellt werden. Dem Fahrzeugf\u00fchrer gelang es, \u00fcber einen Abhang wegzulaufen.<\/p>\n<p>Auf seiner Flucht mit dem Fahrzeug hatte er zumindest eine Fu\u00dfg\u00e4ngerin (61) gef\u00e4hrdet, die zusammen mit ihrem k\u00f6rperlich eingeschr\u00e4nkten Hund zur Seite springen musste.<\/p>\n<p>Der zu Fu\u00df fl\u00fcchtige Raser hat dunkle Haare und einen dunklen Bart. Er war mit einem dunkelgrauen Oberteil, einem hellgrauen Sakko und einer schwarzen Stoffhose bekleidet.<\/p>\n<p>Die Polizei bittet Zeugen, Hinweisgeber und m\u00f6gliche Gesch\u00e4digte, sich unter der Rufnummer 0202\/284-0 zu melden.<\/p>\n<hr \/>\n<p>&nbsp;<\/p>\n<p>&nbsp;<\/p>\n","protected":false},"excerpt":{"rendered":"<p>Ver\u00f6ffentlichung eines Polizeiberichtes &#8220;POL-W: W Raser gef\u00e4hrdet Fu\u00dfg\u00e4nger &#8211; Verkehrskommissariat sucht Zeugen&#8221;- vom 11.03.2026 \u2013 13:24 Gestern Nachmittag (10.03.2026, 15:55 Uhr) fiel ein Autofahrer durch seine r\u00fccksichtslose und gef\u00e4hrliche Fahrweise auf. Die Polizei sucht nach [&hellip;]<\/p>\n","protected":false},"author":45,"featured_media":4681,"comment_status":"closed","ping_status":"closed","sticky":false,"template":"","format":"standard","meta":{"_acf_changed":false,"_relevanssi_hide_post":"","_relevanssi_hide_content":"","_relevanssi_pin_for_all":"","_relevanssi_pin_keywords":"","_relevanssi_unpin_keywords":"","_relevanssi_related_keywords":"","_relevanssi_related_include_ids":"","_relevanssi_related_exclude_ids":"","_relevanssi_related_no_append":"","_relevanssi_related_not_related":"","_relevanssi_related_posts":"","_relevanssi_noindex_reason":"","footnotes":""},"categories":[8],"tags":[65,66,17,21,13,67],"class_list":["post-4902","post","type-post","status-publish","format-standard","has-post-thumbnail","hentry","category-aktuelles","tag-elberfeld","tag-gefaehrdung","tag-polizeibericht","tag-verkehr","tag-wuppertal","tag-zeugen"],"acf":[],"yoast_head":"<!-- This site is optimized with the Yoast SEO plugin v27.4 - https:\/\/yoast.com\/product\/yoast-seo-wordpress\/ -->\n<title>Elberfeld: Raser gef\u00e4hrdet Fu\u00dfg\u00e4nger! Zeugen? - Wuppertal - FUSS e.V.<\/title>\n<meta name=\"description\" content=\"Ein r\u00fccksichtsloser Autofahrer hat in Wuppertal eine Fu\u00dfg\u00e4ngerin gef\u00e4hrdet und ist anschlie\u00dfend zu Fu\u00df gefl\u00fcchtet. Die Polizei Wuppertal bittet dringend um Zeugenhinweise unter 0202\/284\u20110.\" \/>\n<meta name=\"robots\" content=\"index, follow, max-snippet:-1, max-image-preview:large, max-video-preview:-1\" \/>\n<link rel=\"canonical\" href=\"https:\/\/www.fuss-ev.de\/wuppertal\/2026\/03\/12\/raser-gefaehrdet-fussgaenger-in-wuppertal-polizei-sucht-dringend-zeugen\/\" \/>\n<meta property=\"og:locale\" content=\"de_DE\" \/>\n<meta property=\"og:type\" content=\"article\" \/>\n<meta property=\"og:title\" content=\"Elberfeld: Raser gef\u00e4hrdet Fu\u00dfg\u00e4nger! Zeugen? - Wuppertal - FUSS e.V.\" \/>\n<meta property=\"og:description\" content=\"Ein r\u00fccksichtsloser Autofahrer hat in Wuppertal eine Fu\u00dfg\u00e4ngerin gef\u00e4hrdet und ist anschlie\u00dfend zu Fu\u00df gefl\u00fcchtet. Die Polizei Wuppertal bittet dringend um Zeugenhinweise unter 0202\/284\u20110.\" \/>\n<meta property=\"og:url\" content=\"https:\/\/www.fuss-ev.de\/wuppertal\/2026\/03\/12\/raser-gefaehrdet-fussgaenger-in-wuppertal-polizei-sucht-dringend-zeugen\/\" \/>\n<meta property=\"og:site_name\" content=\"Wuppertal - FUSS e.V.\" \/>\n<meta property=\"article:publisher\" content=\"https:\/\/www.facebook.com\/fussverkehr.de\" \/>\n<meta property=\"article:published_time\" content=\"2026-03-12T18:44:38+00:00\" \/>\n<meta property=\"og:image\" content=\"https:\/\/www.fuss-ev.de\/wuppertal\/wp-content\/uploads\/sites\/20\/2025\/03\/Blaulicht-Polizei-klein-319x200-1.png\" \/>\n\t<meta property=\"og:image:width\" content=\"319\" \/>\n\t<meta property=\"og:image:height\" content=\"200\" \/>\n\t<meta property=\"og:image:type\" content=\"image\/png\" \/>\n<meta name=\"author\" content=\"wolfhardwinkelstroeter\" \/>\n<meta name=\"twitter:card\" content=\"summary_large_image\" \/>\n<meta name=\"twitter:label1\" content=\"Verfasst von\" \/>\n\t<meta name=\"twitter:data1\" content=\"wolfhardwinkelstroeter\" \/>\n\t<meta name=\"twitter:label2\" content=\"Gesch\u00e4tzte Lesezeit\" \/>\n\t<meta name=\"twitter:data2\" content=\"1\u00a0Minute\" \/>\n<script type=\"application\/ld+json\" class=\"yoast-schema-graph\">{\"@context\":\"https:\\\/\\\/schema.org\",\"@graph\":[{\"@type\":\"Article\",\"@id\":\"https:\\\/\\\/www.fuss-ev.de\\\/wuppertal\\\/2026\\\/03\\\/12\\\/raser-gefaehrdet-fussgaenger-in-wuppertal-polizei-sucht-dringend-zeugen\\\/#article\",\"isPartOf\":{\"@id\":\"https:\\\/\\\/www.fuss-ev.de\\\/wuppertal\\\/2026\\\/03\\\/12\\\/raser-gefaehrdet-fussgaenger-in-wuppertal-polizei-sucht-dringend-zeugen\\\/\"},\"author\":{\"name\":\"wolfhardwinkelstroeter\",\"@id\":\"https:\\\/\\\/www.fuss-ev.de\\\/wuppertal\\\/#\\\/schema\\\/person\\\/c8db420c941076acab609d46a44c2dba\"},\"headline\":\"Elberfeld: Raser gef\u00e4hrdet Fu\u00dfg\u00e4nger! Zeugen?\",\"datePublished\":\"2026-03-12T18:44:38+00:00\",\"mainEntityOfPage\":{\"@id\":\"https:\\\/\\\/www.fuss-ev.de\\\/wuppertal\\\/2026\\\/03\\\/12\\\/raser-gefaehrdet-fussgaenger-in-wuppertal-polizei-sucht-dringend-zeugen\\\/\"},\"wordCount\":190,\"publisher\":{\"@id\":\"https:\\\/\\\/www.fuss-ev.de\\\/wuppertal\\\/#organization\"},\"image\":{\"@id\":\"https:\\\/\\\/www.fuss-ev.de\\\/wuppertal\\\/2026\\\/03\\\/12\\\/raser-gefaehrdet-fussgaenger-in-wuppertal-polizei-sucht-dringend-zeugen\\\/#primaryimage\"},\"thumbnailUrl\":\"https:\\\/\\\/www.fuss-ev.de\\\/wuppertal\\\/wp-content\\\/uploads\\\/sites\\\/20\\\/2025\\\/03\\\/Blaulicht-Polizei-klein-319x200-1.png\",\"keywords\":[\"Elberfeld\",\"Gef\u00e4hrdung\",\"Polizeibericht\",\"Verkehr\",\"Wuppertal\",\"Zeugen\"],\"articleSection\":[\"Aktuelles\"],\"inLanguage\":\"de\"},{\"@type\":\"WebPage\",\"@id\":\"https:\\\/\\\/www.fuss-ev.de\\\/wuppertal\\\/2026\\\/03\\\/12\\\/raser-gefaehrdet-fussgaenger-in-wuppertal-polizei-sucht-dringend-zeugen\\\/\",\"url\":\"https:\\\/\\\/www.fuss-ev.de\\\/wuppertal\\\/2026\\\/03\\\/12\\\/raser-gefaehrdet-fussgaenger-in-wuppertal-polizei-sucht-dringend-zeugen\\\/\",\"name\":\"Elberfeld: Raser gef\u00e4hrdet Fu\u00dfg\u00e4nger! Zeugen? - Wuppertal - FUSS e.V.\",\"isPartOf\":{\"@id\":\"https:\\\/\\\/www.fuss-ev.de\\\/wuppertal\\\/#website\"},\"primaryImageOfPage\":{\"@id\":\"https:\\\/\\\/www.fuss-ev.de\\\/wuppertal\\\/2026\\\/03\\\/12\\\/raser-gefaehrdet-fussgaenger-in-wuppertal-polizei-sucht-dringend-zeugen\\\/#primaryimage\"},\"image\":{\"@id\":\"https:\\\/\\\/www.fuss-ev.de\\\/wuppertal\\\/2026\\\/03\\\/12\\\/raser-gefaehrdet-fussgaenger-in-wuppertal-polizei-sucht-dringend-zeugen\\\/#primaryimage\"},\"thumbnailUrl\":\"https:\\\/\\\/www.fuss-ev.de\\\/wuppertal\\\/wp-content\\\/uploads\\\/sites\\\/20\\\/2025\\\/03\\\/Blaulicht-Polizei-klein-319x200-1.png\",\"datePublished\":\"2026-03-12T18:44:38+00:00\",\"description\":\"Ein r\u00fccksichtsloser Autofahrer hat in Wuppertal eine Fu\u00dfg\u00e4ngerin gef\u00e4hrdet und ist anschlie\u00dfend zu Fu\u00df gefl\u00fcchtet. Die Polizei Wuppertal bittet dringend um Zeugenhinweise unter 0202\\\/284\u20110.\",\"breadcrumb\":{\"@id\":\"https:\\\/\\\/www.fuss-ev.de\\\/wuppertal\\\/2026\\\/03\\\/12\\\/raser-gefaehrdet-fussgaenger-in-wuppertal-polizei-sucht-dringend-zeugen\\\/#breadcrumb\"},\"inLanguage\":\"de\",\"potentialAction\":[{\"@type\":\"ReadAction\",\"target\":[\"https:\\\/\\\/www.fuss-ev.de\\\/wuppertal\\\/2026\\\/03\\\/12\\\/raser-gefaehrdet-fussgaenger-in-wuppertal-polizei-sucht-dringend-zeugen\\\/\"]}]},{\"@type\":\"ImageObject\",\"inLanguage\":\"de\",\"@id\":\"https:\\\/\\\/www.fuss-ev.de\\\/wuppertal\\\/2026\\\/03\\\/12\\\/raser-gefaehrdet-fussgaenger-in-wuppertal-polizei-sucht-dringend-zeugen\\\/#primaryimage\",\"url\":\"https:\\\/\\\/www.fuss-ev.de\\\/wuppertal\\\/wp-content\\\/uploads\\\/sites\\\/20\\\/2025\\\/03\\\/Blaulicht-Polizei-klein-319x200-1.png\",\"contentUrl\":\"https:\\\/\\\/www.fuss-ev.de\\\/wuppertal\\\/wp-content\\\/uploads\\\/sites\\\/20\\\/2025\\\/03\\\/Blaulicht-Polizei-klein-319x200-1.png\",\"width\":319,\"height\":200,\"caption\":\"Symbolbild Polizei Blaulicht\"},{\"@type\":\"BreadcrumbList\",\"@id\":\"https:\\\/\\\/www.fuss-ev.de\\\/wuppertal\\\/2026\\\/03\\\/12\\\/raser-gefaehrdet-fussgaenger-in-wuppertal-polizei-sucht-dringend-zeugen\\\/#breadcrumb\",\"itemListElement\":[{\"@type\":\"ListItem\",\"position\":1,\"name\":\"Startseite\",\"item\":\"https:\\\/\\\/www.fuss-ev.de\\\/wuppertal\\\/\"},{\"@type\":\"ListItem\",\"position\":2,\"name\":\"Elberfeld: Raser gef\u00e4hrdet Fu\u00dfg\u00e4nger! Zeugen?\"}]},{\"@type\":\"WebSite\",\"@id\":\"https:\\\/\\\/www.fuss-ev.de\\\/wuppertal\\\/#website\",\"url\":\"https:\\\/\\\/www.fuss-ev.de\\\/wuppertal\\\/\",\"name\":\"Wuppertal - FUSS e.V.\",\"description\":\"\",\"publisher\":{\"@id\":\"https:\\\/\\\/www.fuss-ev.de\\\/wuppertal\\\/#organization\"},\"potentialAction\":[{\"@type\":\"SearchAction\",\"target\":{\"@type\":\"EntryPoint\",\"urlTemplate\":\"https:\\\/\\\/www.fuss-ev.de\\\/wuppertal\\\/?s={search_term_string}\"},\"query-input\":{\"@type\":\"PropertyValueSpecification\",\"valueRequired\":true,\"valueName\":\"search_term_string\"}}],\"inLanguage\":\"de\"},{\"@type\":\"Organization\",\"@id\":\"https:\\\/\\\/www.fuss-ev.de\\\/wuppertal\\\/#organization\",\"name\":\"Wuppertal - FUSS e.V.\",\"url\":\"https:\\\/\\\/www.fuss-ev.de\\\/wuppertal\\\/\",\"logo\":{\"@type\":\"ImageObject\",\"inLanguage\":\"de\",\"@id\":\"https:\\\/\\\/www.fuss-ev.de\\\/wuppertal\\\/#\\\/schema\\\/logo\\\/image\\\/\",\"url\":\"https:\\\/\\\/www.fuss-ev.de\\\/wuppertal\\\/wp-content\\\/uploads\\\/sites\\\/20\\\/2025\\\/01\\\/FUSS_Logo.jpg\",\"contentUrl\":\"https:\\\/\\\/www.fuss-ev.de\\\/wuppertal\\\/wp-content\\\/uploads\\\/sites\\\/20\\\/2025\\\/01\\\/FUSS_Logo.jpg\",\"width\":2082,\"height\":979,\"caption\":\"Wuppertal - FUSS e.V.\"},\"image\":{\"@id\":\"https:\\\/\\\/www.fuss-ev.de\\\/wuppertal\\\/#\\\/schema\\\/logo\\\/image\\\/\"},\"sameAs\":[\"https:\\\/\\\/www.facebook.com\\\/fussverkehr.de\"]},{\"@type\":\"Person\",\"@id\":\"https:\\\/\\\/www.fuss-ev.de\\\/wuppertal\\\/#\\\/schema\\\/person\\\/c8db420c941076acab609d46a44c2dba\",\"name\":\"wolfhardwinkelstroeter\",\"image\":{\"@type\":\"ImageObject\",\"inLanguage\":\"de\",\"@id\":\"https:\\\/\\\/secure.gravatar.com\\\/avatar\\\/16984e6b0d78cf07ffe0a05dddfb00323db169803ed43e94c046b877250b7aa1?s=96&d=mm&r=g\",\"url\":\"https:\\\/\\\/secure.gravatar.com\\\/avatar\\\/16984e6b0d78cf07ffe0a05dddfb00323db169803ed43e94c046b877250b7aa1?s=96&d=mm&r=g\",\"contentUrl\":\"https:\\\/\\\/secure.gravatar.com\\\/avatar\\\/16984e6b0d78cf07ffe0a05dddfb00323db169803ed43e94c046b877250b7aa1?s=96&d=mm&r=g\",\"caption\":\"wolfhardwinkelstroeter\"},\"url\":\"https:\\\/\\\/www.fuss-ev.de\\\/wuppertal\\\/author\\\/wolfhardwinkelstroeter\\\/\"}]}<\/script>\n<!-- \/ Yoast SEO plugin. -->","yoast_head_json":{"title":"Elberfeld: Raser gef\u00e4hrdet Fu\u00dfg\u00e4nger! Zeugen? - Wuppertal - FUSS e.V.","description":"Ein r\u00fccksichtsloser Autofahrer hat in Wuppertal eine Fu\u00dfg\u00e4ngerin gef\u00e4hrdet und ist anschlie\u00dfend zu Fu\u00df gefl\u00fcchtet. Die Polizei Wuppertal bittet dringend um Zeugenhinweise unter 0202\/284\u20110.","robots":{"index":"index","follow":"follow","max-snippet":"max-snippet:-1","max-image-preview":"max-image-preview:large","max-video-preview":"max-video-preview:-1"},"canonical":"https:\/\/www.fuss-ev.de\/wuppertal\/2026\/03\/12\/raser-gefaehrdet-fussgaenger-in-wuppertal-polizei-sucht-dringend-zeugen\/","og_locale":"de_DE","og_type":"article","og_title":"Elberfeld: Raser gef\u00e4hrdet Fu\u00dfg\u00e4nger! Zeugen? - Wuppertal - FUSS e.V.","og_description":"Ein r\u00fccksichtsloser Autofahrer hat in Wuppertal eine Fu\u00dfg\u00e4ngerin gef\u00e4hrdet und ist anschlie\u00dfend zu Fu\u00df gefl\u00fcchtet. Die Polizei Wuppertal bittet dringend um Zeugenhinweise unter 0202\/284\u20110.","og_url":"https:\/\/www.fuss-ev.de\/wuppertal\/2026\/03\/12\/raser-gefaehrdet-fussgaenger-in-wuppertal-polizei-sucht-dringend-zeugen\/","og_site_name":"Wuppertal - FUSS e.V.","article_publisher":"https:\/\/www.facebook.com\/fussverkehr.de","article_published_time":"2026-03-12T18:44:38+00:00","og_image":[{"width":319,"height":200,"url":"https:\/\/www.fuss-ev.de\/wuppertal\/wp-content\/uploads\/sites\/20\/2025\/03\/Blaulicht-Polizei-klein-319x200-1.png","type":"image\/png"}],"author":"wolfhardwinkelstroeter","twitter_card":"summary_large_image","twitter_misc":{"Verfasst von":"wolfhardwinkelstroeter","Gesch\u00e4tzte Lesezeit":"1\u00a0Minute"},"schema":{"@context":"https:\/\/schema.org","@graph":[{"@type":"Article","@id":"https:\/\/www.fuss-ev.de\/wuppertal\/2026\/03\/12\/raser-gefaehrdet-fussgaenger-in-wuppertal-polizei-sucht-dringend-zeugen\/#article","isPartOf":{"@id":"https:\/\/www.fuss-ev.de\/wuppertal\/2026\/03\/12\/raser-gefaehrdet-fussgaenger-in-wuppertal-polizei-sucht-dringend-zeugen\/"},"author":{"name":"wolfhardwinkelstroeter","@id":"https:\/\/www.fuss-ev.de\/wuppertal\/#\/schema\/person\/c8db420c941076acab609d46a44c2dba"},"headline":"Elberfeld: Raser gef\u00e4hrdet Fu\u00dfg\u00e4nger! Zeugen?","datePublished":"2026-03-12T18:44:38+00:00","mainEntityOfPage":{"@id":"https:\/\/www.fuss-ev.de\/wuppertal\/2026\/03\/12\/raser-gefaehrdet-fussgaenger-in-wuppertal-polizei-sucht-dringend-zeugen\/"},"wordCount":190,"publisher":{"@id":"https:\/\/www.fuss-ev.de\/wuppertal\/#organization"},"image":{"@id":"https:\/\/www.fuss-ev.de\/wuppertal\/2026\/03\/12\/raser-gefaehrdet-fussgaenger-in-wuppertal-polizei-sucht-dringend-zeugen\/#primaryimage"},"thumbnailUrl":"https:\/\/www.fuss-ev.de\/wuppertal\/wp-content\/uploads\/sites\/20\/2025\/03\/Blaulicht-Polizei-klein-319x200-1.png","keywords":["Elberfeld","Gef\u00e4hrdung","Polizeibericht","Verkehr","Wuppertal","Zeugen"],"articleSection":["Aktuelles"],"inLanguage":"de"},{"@type":"WebPage","@id":"https:\/\/www.fuss-ev.de\/wuppertal\/2026\/03\/12\/raser-gefaehrdet-fussgaenger-in-wuppertal-polizei-sucht-dringend-zeugen\/","url":"https:\/\/www.fuss-ev.de\/wuppertal\/2026\/03\/12\/raser-gefaehrdet-fussgaenger-in-wuppertal-polizei-sucht-dringend-zeugen\/","name":"Elberfeld: Raser gef\u00e4hrdet Fu\u00dfg\u00e4nger! Zeugen? - Wuppertal - FUSS e.V.","isPartOf":{"@id":"https:\/\/www.fuss-ev.de\/wuppertal\/#website"},"primaryImageOfPage":{"@id":"https:\/\/www.fuss-ev.de\/wuppertal\/2026\/03\/12\/raser-gefaehrdet-fussgaenger-in-wuppertal-polizei-sucht-dringend-zeugen\/#primaryimage"},"image":{"@id":"https:\/\/www.fuss-ev.de\/wuppertal\/2026\/03\/12\/raser-gefaehrdet-fussgaenger-in-wuppertal-polizei-sucht-dringend-zeugen\/#primaryimage"},"thumbnailUrl":"https:\/\/www.fuss-ev.de\/wuppertal\/wp-content\/uploads\/sites\/20\/2025\/03\/Blaulicht-Polizei-klein-319x200-1.png","datePublished":"2026-03-12T18:44:38+00:00","description":"Ein r\u00fccksichtsloser Autofahrer hat in Wuppertal eine Fu\u00dfg\u00e4ngerin gef\u00e4hrdet und ist anschlie\u00dfend zu Fu\u00df gefl\u00fcchtet. Die Polizei Wuppertal bittet dringend um Zeugenhinweise unter 0202\/284\u20110.","breadcrumb":{"@id":"https:\/\/www.fuss-ev.de\/wuppertal\/2026\/03\/12\/raser-gefaehrdet-fussgaenger-in-wuppertal-polizei-sucht-dringend-zeugen\/#breadcrumb"},"inLanguage":"de","potentialAction":[{"@type":"ReadAction","target":["https:\/\/www.fuss-ev.de\/wuppertal\/2026\/03\/12\/raser-gefaehrdet-fussgaenger-in-wuppertal-polizei-sucht-dringend-zeugen\/"]}]},{"@type":"ImageObject","inLanguage":"de","@id":"https:\/\/www.fuss-ev.de\/wuppertal\/2026\/03\/12\/raser-gefaehrdet-fussgaenger-in-wuppertal-polizei-sucht-dringend-zeugen\/#primaryimage","url":"https:\/\/www.fuss-ev.de\/wuppertal\/wp-content\/uploads\/sites\/20\/2025\/03\/Blaulicht-Polizei-klein-319x200-1.png","contentUrl":"https:\/\/www.fuss-ev.de\/wuppertal\/wp-content\/uploads\/sites\/20\/2025\/03\/Blaulicht-Polizei-klein-319x200-1.png","width":319,"height":200,"caption":"Symbolbild Polizei Blaulicht"},{"@type":"BreadcrumbList","@id":"https:\/\/www.fuss-ev.de\/wuppertal\/2026\/03\/12\/raser-gefaehrdet-fussgaenger-in-wuppertal-polizei-sucht-dringend-zeugen\/#breadcrumb","itemListElement":[{"@type":"ListItem","position":1,"name":"Startseite","item":"https:\/\/www.fuss-ev.de\/wuppertal\/"},{"@type":"ListItem","position":2,"name":"Elberfeld: Raser gef\u00e4hrdet Fu\u00dfg\u00e4nger! Zeugen?"}]},{"@type":"WebSite","@id":"https:\/\/www.fuss-ev.de\/wuppertal\/#website","url":"https:\/\/www.fuss-ev.de\/wuppertal\/","name":"Wuppertal - FUSS e.V.","description":"","publisher":{"@id":"https:\/\/www.fuss-ev.de\/wuppertal\/#organization"},"potentialAction":[{"@type":"SearchAction","target":{"@type":"EntryPoint","urlTemplate":"https:\/\/www.fuss-ev.de\/wuppertal\/?s={search_term_string}"},"query-input":{"@type":"PropertyValueSpecification","valueRequired":true,"valueName":"search_term_string"}}],"inLanguage":"de"},{"@type":"Organization","@id":"https:\/\/www.fuss-ev.de\/wuppertal\/#organization","name":"Wuppertal - FUSS e.V.","url":"https:\/\/www.fuss-ev.de\/wuppertal\/","logo":{"@type":"ImageObject","inLanguage":"de","@id":"https:\/\/www.fuss-ev.de\/wuppertal\/#\/schema\/logo\/image\/","url":"https:\/\/www.fuss-ev.de\/wuppertal\/wp-content\/uploads\/sites\/20\/2025\/01\/FUSS_Logo.jpg","contentUrl":"https:\/\/www.fuss-ev.de\/wuppertal\/wp-content\/uploads\/sites\/20\/2025\/01\/FUSS_Logo.jpg","width":2082,"height":979,"caption":"Wuppertal - FUSS e.V."},"image":{"@id":"https:\/\/www.fuss-ev.de\/wuppertal\/#\/schema\/logo\/image\/"},"sameAs":["https:\/\/www.facebook.com\/fussverkehr.de"]},{"@type":"Person","@id":"https:\/\/www.fuss-ev.de\/wuppertal\/#\/schema\/person\/c8db420c941076acab609d46a44c2dba","name":"wolfhardwinkelstroeter","image":{"@type":"ImageObject","inLanguage":"de","@id":"https:\/\/secure.gravatar.com\/avatar\/16984e6b0d78cf07ffe0a05dddfb00323db169803ed43e94c046b877250b7aa1?s=96&d=mm&r=g","url":"https:\/\/secure.gravatar.com\/avatar\/16984e6b0d78cf07ffe0a05dddfb00323db169803ed43e94c046b877250b7aa1?s=96&d=mm&r=g","contentUrl":"https:\/\/secure.gravatar.com\/avatar\/16984e6b0d78cf07ffe0a05dddfb00323db169803ed43e94c046b877250b7aa1?s=96&d=mm&r=g","caption":"wolfhardwinkelstroeter"},"url":"https:\/\/www.fuss-ev.de\/wuppertal\/author\/wolfhardwinkelstroeter\/"}]}},"publishpress_future_action":{"enabled":false,"date":"2026-05-08 08:01:08","action":"change-status","newStatus":"draft","terms":[],"taxonomy":"category","extraData":[]},"publishpress_future_workflow_manual_trigger":{"enabledWorkflows":[]},"_links":{"self":[{"href":"https:\/\/www.fuss-ev.de\/wuppertal\/wp-json\/wp\/v2\/posts\/4902","targetHints":{"allow":["GET"]}}],"collection":[{"href":"https:\/\/www.fuss-ev.de\/wuppertal\/wp-json\/wp\/v2\/posts"}],"about":[{"href":"https:\/\/www.fuss-ev.de\/wuppertal\/wp-json\/wp\/v2\/types\/post"}],"author":[{"embeddable":true,"href":"https:\/\/www.fuss-ev.de\/wuppertal\/wp-json\/wp\/v2\/users\/45"}],"replies":[{"embeddable":true,"href":"https:\/\/www.fuss-ev.de\/wuppertal\/wp-json\/wp\/v2\/comments?post=4902"}],"version-history":[{"count":2,"href":"https:\/\/www.fuss-ev.de\/wuppertal\/wp-json\/wp\/v2\/posts\/4902\/revisions"}],"predecessor-version":[{"id":4904,"href":"https:\/\/www.fuss-ev.de\/wuppertal\/wp-json\/wp\/v2\/posts\/4902\/revisions\/4904"}],"wp:featuredmedia":[{"embeddable":true,"href":"https:\/\/www.fuss-ev.de\/wuppertal\/wp-json\/wp\/v2\/media\/4681"}],"wp:attachment":[{"href":"https:\/\/www.fuss-ev.de\/wuppertal\/wp-json\/wp\/v2\/media?parent=4902"}],"wp:term":[{"taxonomy":"category","embeddable":true,"href":"https:\/\/www.fuss-ev.de\/wuppertal\/wp-json\/wp\/v2\/categories?post=4902"},{"taxonomy":"post_tag","embeddable":true,"href":"https:\/\/www.fuss-ev.de\/wuppertal\/wp-json\/wp\/v2\/tags?post=4902"}],"curies":[{"name":"wp","href":"https:\/\/api.w.org\/{rel}","templated":true}]}}