{"id":4897,"date":"2026-03-09T19:36:34","date_gmt":"2026-03-09T18:36:34","guid":{"rendered":"https:\/\/www.fuss-ev.de\/wuppertal\/?p=4897"},"modified":"2026-03-09T19:36:34","modified_gmt":"2026-03-09T18:36:34","slug":"elberfeld-radfahrer-gegen-fussgaenger-unfall","status":"publish","type":"post","link":"https:\/\/www.fuss-ev.de\/wuppertal\/2026\/03\/09\/elberfeld-radfahrer-gegen-fussgaenger-unfall\/","title":{"rendered":"Elberfeld: Radfahrer gegen Fu\u00dfg\u00e4nger &#8211; Unfallflucht!"},"content":{"rendered":"<h5>Ver\u00f6ffentlichung eines Polizeiberichtes &#8220;POL-W: W 55-J\u00e4hriger bei Fahrradsturz schwer verletzt&#8221;- vom 09.03.2026 \u2013 12:06<\/h5>\n<p>Am 06.03.2026, gegen 22:40 Uhr, kam es auf der Senefelderstra\u00dfe zu einem Verkehrsunfall.<\/p>\n<p>Ein 55-j\u00e4hriger Elberfelder fuhr die Senefelderstra\u00dfe bergabw\u00e4rts in s\u00fcdlicher Richtung, als er die Kontrolle \u00fcber sein Zweirad verlor und \u00fcber den Lenker gegen einen geparkten Hyundai i30 st\u00fcrzte. Dabei erlitt der Mann schwere Verletzungen und wurde zur station\u00e4ren Behandlung in ein Krankenhaus gebracht.<\/p>\n<p>Aufgrund des Verdachts des Fahrens unter dem Einfluss von Alkohol wurde ihm im Krankenhaus eine Blutprobe entnommen.<\/p>\n<p>Diese war nicht die erste an diesem Tag. Um 19:46 Uhr war der 55-J\u00e4hrige bereits an der Ecke Friedrich-Ebert-Stra\u00dfe und Haarhausstra\u00dfe gegen einen Fu\u00dfg\u00e4nger (31) gefahren, den er dabei leicht verletzte, und anschlie\u00dfend gefl\u00fcchtet. Polizeibeamte konnten den Fahrradfahrer unweit der Unfallstelle antreffen. In diesem Fall musste er ebenfalls eine Blutprobe wegen des Verdachts des Fahrens unter Alkoholeinfluss abgeben, jedoch auf der Polizeiwache Elberfeld.<\/p>\n<p>Der Sachschaden f\u00fcr beide Unf\u00e4lle liegt bei circa 1.000 Euro.<\/p>\n<hr \/>\n<p>Wir w\u00fcnschen den verletzten M\u00e4nnern alles Gute und eine baldige Genesung.<\/p>\n<p>Alle anderen beteiligen Personen m\u00f6gen den Unfall gut verkraften.<\/p>\n<p>&nbsp;<\/p>\n","protected":false},"excerpt":{"rendered":"<p>Ver\u00f6ffentlichung eines Polizeiberichtes &#8220;POL-W: W 55-J\u00e4hriger bei Fahrradsturz schwer verletzt&#8221;- vom 09.03.2026 \u2013 12:06 Am 06.03.2026, gegen 22:40 Uhr, kam es auf der Senefelderstra\u00dfe zu einem Verkehrsunfall. Ein 55-j\u00e4hriger Elberfelder fuhr die Senefelderstra\u00dfe bergabw\u00e4rts in [&hellip;]<\/p>\n","protected":false},"author":45,"featured_media":4681,"comment_status":"closed","ping_status":"closed","sticky":false,"template":"","format":"standard","meta":{"_acf_changed":false,"_relevanssi_hide_post":"","_relevanssi_hide_content":"","_relevanssi_pin_for_all":"","_relevanssi_pin_keywords":"","_relevanssi_unpin_keywords":"","_relevanssi_related_keywords":"","_relevanssi_related_include_ids":"","_relevanssi_related_exclude_ids":"","_relevanssi_related_no_append":"","_relevanssi_related_not_related":"","_relevanssi_related_posts":"","_relevanssi_noindex_reason":"","footnotes":""},"categories":[8],"tags":[65,17,28,44,21,18,49,13],"class_list":["post-4897","post","type-post","status-publish","format-standard","has-post-thumbnail","hentry","category-aktuelles","tag-elberfeld","tag-polizeibericht","tag-radfahrer","tag-unfallflucht","tag-verkehr","tag-verkehrsunfall","tag-verletzter-mann","tag-wuppertal"],"acf":[],"yoast_head":"<!-- This site is optimized with the Yoast SEO plugin v27.4 - https:\/\/yoast.com\/product\/yoast-seo-wordpress\/ -->\n<title>Elberfeld: Radfahrer gegen Fu\u00dfg\u00e4nger - Unfallflucht! - Wuppertal - FUSS e.V.<\/title>\n<meta name=\"description\" content=\"Auf der Friedrich-Ebert-Stra\u00dfe w\u00fcrde ein Fu\u00dfg\u00e4nger von einem betrunkenen Radfahrer angefahren, der dann fl\u00fcchtete.\" \/>\n<meta name=\"robots\" content=\"index, follow, max-snippet:-1, max-image-preview:large, max-video-preview:-1\" \/>\n<link rel=\"canonical\" href=\"https:\/\/www.fuss-ev.de\/wuppertal\/2026\/03\/09\/elberfeld-radfahrer-gegen-fussgaenger-unfall\/\" \/>\n<meta property=\"og:locale\" content=\"de_DE\" \/>\n<meta property=\"og:type\" content=\"article\" \/>\n<meta property=\"og:title\" content=\"Elberfeld: Radfahrer gegen Fu\u00dfg\u00e4nger - Unfallflucht! - Wuppertal - FUSS e.V.\" \/>\n<meta property=\"og:description\" content=\"Auf der Friedrich-Ebert-Stra\u00dfe w\u00fcrde ein Fu\u00dfg\u00e4nger von einem betrunkenen Radfahrer angefahren, der dann fl\u00fcchtete.\" \/>\n<meta property=\"og:url\" content=\"https:\/\/www.fuss-ev.de\/wuppertal\/2026\/03\/09\/elberfeld-radfahrer-gegen-fussgaenger-unfall\/\" \/>\n<meta property=\"og:site_name\" content=\"Wuppertal - FUSS e.V.\" \/>\n<meta property=\"article:publisher\" content=\"https:\/\/www.facebook.com\/fussverkehr.de\" \/>\n<meta property=\"article:published_time\" content=\"2026-03-09T18:36:34+00:00\" \/>\n<meta property=\"og:image\" content=\"https:\/\/www.fuss-ev.de\/wuppertal\/wp-content\/uploads\/sites\/20\/2025\/03\/Blaulicht-Polizei-klein-319x200-1.png\" \/>\n\t<meta property=\"og:image:width\" content=\"319\" \/>\n\t<meta property=\"og:image:height\" content=\"200\" \/>\n\t<meta property=\"og:image:type\" content=\"image\/png\" \/>\n<meta name=\"author\" content=\"wolfhardwinkelstroeter\" \/>\n<meta name=\"twitter:card\" content=\"summary_large_image\" \/>\n<meta name=\"twitter:label1\" content=\"Verfasst von\" \/>\n\t<meta name=\"twitter:data1\" content=\"wolfhardwinkelstroeter\" \/>\n\t<meta name=\"twitter:label2\" content=\"Gesch\u00e4tzte Lesezeit\" \/>\n\t<meta name=\"twitter:data2\" content=\"1\u00a0Minute\" \/>\n<script type=\"application\/ld+json\" class=\"yoast-schema-graph\">{\"@context\":\"https:\\\/\\\/schema.org\",\"@graph\":[{\"@type\":\"Article\",\"@id\":\"https:\\\/\\\/www.fuss-ev.de\\\/wuppertal\\\/2026\\\/03\\\/09\\\/elberfeld-radfahrer-gegen-fussgaenger-unfall\\\/#article\",\"isPartOf\":{\"@id\":\"https:\\\/\\\/www.fuss-ev.de\\\/wuppertal\\\/2026\\\/03\\\/09\\\/elberfeld-radfahrer-gegen-fussgaenger-unfall\\\/\"},\"author\":{\"name\":\"wolfhardwinkelstroeter\",\"@id\":\"https:\\\/\\\/www.fuss-ev.de\\\/wuppertal\\\/#\\\/schema\\\/person\\\/c8db420c941076acab609d46a44c2dba\"},\"headline\":\"Elberfeld: Radfahrer gegen Fu\u00dfg\u00e4nger &#8211; Unfallflucht!\",\"datePublished\":\"2026-03-09T18:36:34+00:00\",\"mainEntityOfPage\":{\"@id\":\"https:\\\/\\\/www.fuss-ev.de\\\/wuppertal\\\/2026\\\/03\\\/09\\\/elberfeld-radfahrer-gegen-fussgaenger-unfall\\\/\"},\"wordCount\":203,\"publisher\":{\"@id\":\"https:\\\/\\\/www.fuss-ev.de\\\/wuppertal\\\/#organization\"},\"image\":{\"@id\":\"https:\\\/\\\/www.fuss-ev.de\\\/wuppertal\\\/2026\\\/03\\\/09\\\/elberfeld-radfahrer-gegen-fussgaenger-unfall\\\/#primaryimage\"},\"thumbnailUrl\":\"https:\\\/\\\/www.fuss-ev.de\\\/wuppertal\\\/wp-content\\\/uploads\\\/sites\\\/20\\\/2025\\\/03\\\/Blaulicht-Polizei-klein-319x200-1.png\",\"keywords\":[\"Elberfeld\",\"Polizeibericht\",\"Radfahrer\",\"Unfallflucht\",\"Verkehr\",\"Verkehrsunfall\",\"verletzter Mann\",\"Wuppertal\"],\"articleSection\":[\"Aktuelles\"],\"inLanguage\":\"de\"},{\"@type\":\"WebPage\",\"@id\":\"https:\\\/\\\/www.fuss-ev.de\\\/wuppertal\\\/2026\\\/03\\\/09\\\/elberfeld-radfahrer-gegen-fussgaenger-unfall\\\/\",\"url\":\"https:\\\/\\\/www.fuss-ev.de\\\/wuppertal\\\/2026\\\/03\\\/09\\\/elberfeld-radfahrer-gegen-fussgaenger-unfall\\\/\",\"name\":\"Elberfeld: Radfahrer gegen Fu\u00dfg\u00e4nger - Unfallflucht! - Wuppertal - FUSS e.V.\",\"isPartOf\":{\"@id\":\"https:\\\/\\\/www.fuss-ev.de\\\/wuppertal\\\/#website\"},\"primaryImageOfPage\":{\"@id\":\"https:\\\/\\\/www.fuss-ev.de\\\/wuppertal\\\/2026\\\/03\\\/09\\\/elberfeld-radfahrer-gegen-fussgaenger-unfall\\\/#primaryimage\"},\"image\":{\"@id\":\"https:\\\/\\\/www.fuss-ev.de\\\/wuppertal\\\/2026\\\/03\\\/09\\\/elberfeld-radfahrer-gegen-fussgaenger-unfall\\\/#primaryimage\"},\"thumbnailUrl\":\"https:\\\/\\\/www.fuss-ev.de\\\/wuppertal\\\/wp-content\\\/uploads\\\/sites\\\/20\\\/2025\\\/03\\\/Blaulicht-Polizei-klein-319x200-1.png\",\"datePublished\":\"2026-03-09T18:36:34+00:00\",\"description\":\"Auf der Friedrich-Ebert-Stra\u00dfe w\u00fcrde ein Fu\u00dfg\u00e4nger von einem betrunkenen Radfahrer angefahren, der dann fl\u00fcchtete.\",\"breadcrumb\":{\"@id\":\"https:\\\/\\\/www.fuss-ev.de\\\/wuppertal\\\/2026\\\/03\\\/09\\\/elberfeld-radfahrer-gegen-fussgaenger-unfall\\\/#breadcrumb\"},\"inLanguage\":\"de\",\"potentialAction\":[{\"@type\":\"ReadAction\",\"target\":[\"https:\\\/\\\/www.fuss-ev.de\\\/wuppertal\\\/2026\\\/03\\\/09\\\/elberfeld-radfahrer-gegen-fussgaenger-unfall\\\/\"]}]},{\"@type\":\"ImageObject\",\"inLanguage\":\"de\",\"@id\":\"https:\\\/\\\/www.fuss-ev.de\\\/wuppertal\\\/2026\\\/03\\\/09\\\/elberfeld-radfahrer-gegen-fussgaenger-unfall\\\/#primaryimage\",\"url\":\"https:\\\/\\\/www.fuss-ev.de\\\/wuppertal\\\/wp-content\\\/uploads\\\/sites\\\/20\\\/2025\\\/03\\\/Blaulicht-Polizei-klein-319x200-1.png\",\"contentUrl\":\"https:\\\/\\\/www.fuss-ev.de\\\/wuppertal\\\/wp-content\\\/uploads\\\/sites\\\/20\\\/2025\\\/03\\\/Blaulicht-Polizei-klein-319x200-1.png\",\"width\":319,\"height\":200,\"caption\":\"Symbolbild Polizei Blaulicht\"},{\"@type\":\"BreadcrumbList\",\"@id\":\"https:\\\/\\\/www.fuss-ev.de\\\/wuppertal\\\/2026\\\/03\\\/09\\\/elberfeld-radfahrer-gegen-fussgaenger-unfall\\\/#breadcrumb\",\"itemListElement\":[{\"@type\":\"ListItem\",\"position\":1,\"name\":\"Startseite\",\"item\":\"https:\\\/\\\/www.fuss-ev.de\\\/wuppertal\\\/\"},{\"@type\":\"ListItem\",\"position\":2,\"name\":\"Elberfeld: Radfahrer gegen Fu\u00dfg\u00e4nger &#8211; Unfallflucht!\"}]},{\"@type\":\"WebSite\",\"@id\":\"https:\\\/\\\/www.fuss-ev.de\\\/wuppertal\\\/#website\",\"url\":\"https:\\\/\\\/www.fuss-ev.de\\\/wuppertal\\\/\",\"name\":\"Wuppertal - FUSS e.V.\",\"description\":\"\",\"publisher\":{\"@id\":\"https:\\\/\\\/www.fuss-ev.de\\\/wuppertal\\\/#organization\"},\"potentialAction\":[{\"@type\":\"SearchAction\",\"target\":{\"@type\":\"EntryPoint\",\"urlTemplate\":\"https:\\\/\\\/www.fuss-ev.de\\\/wuppertal\\\/?s={search_term_string}\"},\"query-input\":{\"@type\":\"PropertyValueSpecification\",\"valueRequired\":true,\"valueName\":\"search_term_string\"}}],\"inLanguage\":\"de\"},{\"@type\":\"Organization\",\"@id\":\"https:\\\/\\\/www.fuss-ev.de\\\/wuppertal\\\/#organization\",\"name\":\"Wuppertal - FUSS e.V.\",\"url\":\"https:\\\/\\\/www.fuss-ev.de\\\/wuppertal\\\/\",\"logo\":{\"@type\":\"ImageObject\",\"inLanguage\":\"de\",\"@id\":\"https:\\\/\\\/www.fuss-ev.de\\\/wuppertal\\\/#\\\/schema\\\/logo\\\/image\\\/\",\"url\":\"https:\\\/\\\/www.fuss-ev.de\\\/wuppertal\\\/wp-content\\\/uploads\\\/sites\\\/20\\\/2025\\\/01\\\/FUSS_Logo.jpg\",\"contentUrl\":\"https:\\\/\\\/www.fuss-ev.de\\\/wuppertal\\\/wp-content\\\/uploads\\\/sites\\\/20\\\/2025\\\/01\\\/FUSS_Logo.jpg\",\"width\":2082,\"height\":979,\"caption\":\"Wuppertal - FUSS e.V.\"},\"image\":{\"@id\":\"https:\\\/\\\/www.fuss-ev.de\\\/wuppertal\\\/#\\\/schema\\\/logo\\\/image\\\/\"},\"sameAs\":[\"https:\\\/\\\/www.facebook.com\\\/fussverkehr.de\"]},{\"@type\":\"Person\",\"@id\":\"https:\\\/\\\/www.fuss-ev.de\\\/wuppertal\\\/#\\\/schema\\\/person\\\/c8db420c941076acab609d46a44c2dba\",\"name\":\"wolfhardwinkelstroeter\",\"image\":{\"@type\":\"ImageObject\",\"inLanguage\":\"de\",\"@id\":\"https:\\\/\\\/secure.gravatar.com\\\/avatar\\\/16984e6b0d78cf07ffe0a05dddfb00323db169803ed43e94c046b877250b7aa1?s=96&d=mm&r=g\",\"url\":\"https:\\\/\\\/secure.gravatar.com\\\/avatar\\\/16984e6b0d78cf07ffe0a05dddfb00323db169803ed43e94c046b877250b7aa1?s=96&d=mm&r=g\",\"contentUrl\":\"https:\\\/\\\/secure.gravatar.com\\\/avatar\\\/16984e6b0d78cf07ffe0a05dddfb00323db169803ed43e94c046b877250b7aa1?s=96&d=mm&r=g\",\"caption\":\"wolfhardwinkelstroeter\"},\"url\":\"https:\\\/\\\/www.fuss-ev.de\\\/wuppertal\\\/author\\\/wolfhardwinkelstroeter\\\/\"}]}<\/script>\n<!-- \/ Yoast SEO plugin. -->","yoast_head_json":{"title":"Elberfeld: Radfahrer gegen Fu\u00dfg\u00e4nger - Unfallflucht! - Wuppertal - FUSS e.V.","description":"Auf der Friedrich-Ebert-Stra\u00dfe w\u00fcrde ein Fu\u00dfg\u00e4nger von einem betrunkenen Radfahrer angefahren, der dann fl\u00fcchtete.","robots":{"index":"index","follow":"follow","max-snippet":"max-snippet:-1","max-image-preview":"max-image-preview:large","max-video-preview":"max-video-preview:-1"},"canonical":"https:\/\/www.fuss-ev.de\/wuppertal\/2026\/03\/09\/elberfeld-radfahrer-gegen-fussgaenger-unfall\/","og_locale":"de_DE","og_type":"article","og_title":"Elberfeld: Radfahrer gegen Fu\u00dfg\u00e4nger - Unfallflucht! - Wuppertal - FUSS e.V.","og_description":"Auf der Friedrich-Ebert-Stra\u00dfe w\u00fcrde ein Fu\u00dfg\u00e4nger von einem betrunkenen Radfahrer angefahren, der dann fl\u00fcchtete.","og_url":"https:\/\/www.fuss-ev.de\/wuppertal\/2026\/03\/09\/elberfeld-radfahrer-gegen-fussgaenger-unfall\/","og_site_name":"Wuppertal - FUSS e.V.","article_publisher":"https:\/\/www.facebook.com\/fussverkehr.de","article_published_time":"2026-03-09T18:36:34+00:00","og_image":[{"width":319,"height":200,"url":"https:\/\/www.fuss-ev.de\/wuppertal\/wp-content\/uploads\/sites\/20\/2025\/03\/Blaulicht-Polizei-klein-319x200-1.png","type":"image\/png"}],"author":"wolfhardwinkelstroeter","twitter_card":"summary_large_image","twitter_misc":{"Verfasst von":"wolfhardwinkelstroeter","Gesch\u00e4tzte Lesezeit":"1\u00a0Minute"},"schema":{"@context":"https:\/\/schema.org","@graph":[{"@type":"Article","@id":"https:\/\/www.fuss-ev.de\/wuppertal\/2026\/03\/09\/elberfeld-radfahrer-gegen-fussgaenger-unfall\/#article","isPartOf":{"@id":"https:\/\/www.fuss-ev.de\/wuppertal\/2026\/03\/09\/elberfeld-radfahrer-gegen-fussgaenger-unfall\/"},"author":{"name":"wolfhardwinkelstroeter","@id":"https:\/\/www.fuss-ev.de\/wuppertal\/#\/schema\/person\/c8db420c941076acab609d46a44c2dba"},"headline":"Elberfeld: Radfahrer gegen Fu\u00dfg\u00e4nger &#8211; Unfallflucht!","datePublished":"2026-03-09T18:36:34+00:00","mainEntityOfPage":{"@id":"https:\/\/www.fuss-ev.de\/wuppertal\/2026\/03\/09\/elberfeld-radfahrer-gegen-fussgaenger-unfall\/"},"wordCount":203,"publisher":{"@id":"https:\/\/www.fuss-ev.de\/wuppertal\/#organization"},"image":{"@id":"https:\/\/www.fuss-ev.de\/wuppertal\/2026\/03\/09\/elberfeld-radfahrer-gegen-fussgaenger-unfall\/#primaryimage"},"thumbnailUrl":"https:\/\/www.fuss-ev.de\/wuppertal\/wp-content\/uploads\/sites\/20\/2025\/03\/Blaulicht-Polizei-klein-319x200-1.png","keywords":["Elberfeld","Polizeibericht","Radfahrer","Unfallflucht","Verkehr","Verkehrsunfall","verletzter Mann","Wuppertal"],"articleSection":["Aktuelles"],"inLanguage":"de"},{"@type":"WebPage","@id":"https:\/\/www.fuss-ev.de\/wuppertal\/2026\/03\/09\/elberfeld-radfahrer-gegen-fussgaenger-unfall\/","url":"https:\/\/www.fuss-ev.de\/wuppertal\/2026\/03\/09\/elberfeld-radfahrer-gegen-fussgaenger-unfall\/","name":"Elberfeld: Radfahrer gegen Fu\u00dfg\u00e4nger - Unfallflucht! - Wuppertal - FUSS e.V.","isPartOf":{"@id":"https:\/\/www.fuss-ev.de\/wuppertal\/#website"},"primaryImageOfPage":{"@id":"https:\/\/www.fuss-ev.de\/wuppertal\/2026\/03\/09\/elberfeld-radfahrer-gegen-fussgaenger-unfall\/#primaryimage"},"image":{"@id":"https:\/\/www.fuss-ev.de\/wuppertal\/2026\/03\/09\/elberfeld-radfahrer-gegen-fussgaenger-unfall\/#primaryimage"},"thumbnailUrl":"https:\/\/www.fuss-ev.de\/wuppertal\/wp-content\/uploads\/sites\/20\/2025\/03\/Blaulicht-Polizei-klein-319x200-1.png","datePublished":"2026-03-09T18:36:34+00:00","description":"Auf der Friedrich-Ebert-Stra\u00dfe w\u00fcrde ein Fu\u00dfg\u00e4nger von einem betrunkenen Radfahrer angefahren, der dann fl\u00fcchtete.","breadcrumb":{"@id":"https:\/\/www.fuss-ev.de\/wuppertal\/2026\/03\/09\/elberfeld-radfahrer-gegen-fussgaenger-unfall\/#breadcrumb"},"inLanguage":"de","potentialAction":[{"@type":"ReadAction","target":["https:\/\/www.fuss-ev.de\/wuppertal\/2026\/03\/09\/elberfeld-radfahrer-gegen-fussgaenger-unfall\/"]}]},{"@type":"ImageObject","inLanguage":"de","@id":"https:\/\/www.fuss-ev.de\/wuppertal\/2026\/03\/09\/elberfeld-radfahrer-gegen-fussgaenger-unfall\/#primaryimage","url":"https:\/\/www.fuss-ev.de\/wuppertal\/wp-content\/uploads\/sites\/20\/2025\/03\/Blaulicht-Polizei-klein-319x200-1.png","contentUrl":"https:\/\/www.fuss-ev.de\/wuppertal\/wp-content\/uploads\/sites\/20\/2025\/03\/Blaulicht-Polizei-klein-319x200-1.png","width":319,"height":200,"caption":"Symbolbild Polizei Blaulicht"},{"@type":"BreadcrumbList","@id":"https:\/\/www.fuss-ev.de\/wuppertal\/2026\/03\/09\/elberfeld-radfahrer-gegen-fussgaenger-unfall\/#breadcrumb","itemListElement":[{"@type":"ListItem","position":1,"name":"Startseite","item":"https:\/\/www.fuss-ev.de\/wuppertal\/"},{"@type":"ListItem","position":2,"name":"Elberfeld: Radfahrer gegen Fu\u00dfg\u00e4nger &#8211; Unfallflucht!"}]},{"@type":"WebSite","@id":"https:\/\/www.fuss-ev.de\/wuppertal\/#website","url":"https:\/\/www.fuss-ev.de\/wuppertal\/","name":"Wuppertal - FUSS e.V.","description":"","publisher":{"@id":"https:\/\/www.fuss-ev.de\/wuppertal\/#organization"},"potentialAction":[{"@type":"SearchAction","target":{"@type":"EntryPoint","urlTemplate":"https:\/\/www.fuss-ev.de\/wuppertal\/?s={search_term_string}"},"query-input":{"@type":"PropertyValueSpecification","valueRequired":true,"valueName":"search_term_string"}}],"inLanguage":"de"},{"@type":"Organization","@id":"https:\/\/www.fuss-ev.de\/wuppertal\/#organization","name":"Wuppertal - FUSS e.V.","url":"https:\/\/www.fuss-ev.de\/wuppertal\/","logo":{"@type":"ImageObject","inLanguage":"de","@id":"https:\/\/www.fuss-ev.de\/wuppertal\/#\/schema\/logo\/image\/","url":"https:\/\/www.fuss-ev.de\/wuppertal\/wp-content\/uploads\/sites\/20\/2025\/01\/FUSS_Logo.jpg","contentUrl":"https:\/\/www.fuss-ev.de\/wuppertal\/wp-content\/uploads\/sites\/20\/2025\/01\/FUSS_Logo.jpg","width":2082,"height":979,"caption":"Wuppertal - FUSS e.V."},"image":{"@id":"https:\/\/www.fuss-ev.de\/wuppertal\/#\/schema\/logo\/image\/"},"sameAs":["https:\/\/www.facebook.com\/fussverkehr.de"]},{"@type":"Person","@id":"https:\/\/www.fuss-ev.de\/wuppertal\/#\/schema\/person\/c8db420c941076acab609d46a44c2dba","name":"wolfhardwinkelstroeter","image":{"@type":"ImageObject","inLanguage":"de","@id":"https:\/\/secure.gravatar.com\/avatar\/16984e6b0d78cf07ffe0a05dddfb00323db169803ed43e94c046b877250b7aa1?s=96&d=mm&r=g","url":"https:\/\/secure.gravatar.com\/avatar\/16984e6b0d78cf07ffe0a05dddfb00323db169803ed43e94c046b877250b7aa1?s=96&d=mm&r=g","contentUrl":"https:\/\/secure.gravatar.com\/avatar\/16984e6b0d78cf07ffe0a05dddfb00323db169803ed43e94c046b877250b7aa1?s=96&d=mm&r=g","caption":"wolfhardwinkelstroeter"},"url":"https:\/\/www.fuss-ev.de\/wuppertal\/author\/wolfhardwinkelstroeter\/"}]}},"publishpress_future_action":{"enabled":false,"date":"2026-05-07 13:33:54","action":"change-status","newStatus":"draft","terms":[],"taxonomy":"category","extraData":[]},"publishpress_future_workflow_manual_trigger":{"enabledWorkflows":[]},"_links":{"self":[{"href":"https:\/\/www.fuss-ev.de\/wuppertal\/wp-json\/wp\/v2\/posts\/4897","targetHints":{"allow":["GET"]}}],"collection":[{"href":"https:\/\/www.fuss-ev.de\/wuppertal\/wp-json\/wp\/v2\/posts"}],"about":[{"href":"https:\/\/www.fuss-ev.de\/wuppertal\/wp-json\/wp\/v2\/types\/post"}],"author":[{"embeddable":true,"href":"https:\/\/www.fuss-ev.de\/wuppertal\/wp-json\/wp\/v2\/users\/45"}],"replies":[{"embeddable":true,"href":"https:\/\/www.fuss-ev.de\/wuppertal\/wp-json\/wp\/v2\/comments?post=4897"}],"version-history":[{"count":2,"href":"https:\/\/www.fuss-ev.de\/wuppertal\/wp-json\/wp\/v2\/posts\/4897\/revisions"}],"predecessor-version":[{"id":4899,"href":"https:\/\/www.fuss-ev.de\/wuppertal\/wp-json\/wp\/v2\/posts\/4897\/revisions\/4899"}],"wp:featuredmedia":[{"embeddable":true,"href":"https:\/\/www.fuss-ev.de\/wuppertal\/wp-json\/wp\/v2\/media\/4681"}],"wp:attachment":[{"href":"https:\/\/www.fuss-ev.de\/wuppertal\/wp-json\/wp\/v2\/media?parent=4897"}],"wp:term":[{"taxonomy":"category","embeddable":true,"href":"https:\/\/www.fuss-ev.de\/wuppertal\/wp-json\/wp\/v2\/categories?post=4897"},{"taxonomy":"post_tag","embeddable":true,"href":"https:\/\/www.fuss-ev.de\/wuppertal\/wp-json\/wp\/v2\/tags?post=4897"}],"curies":[{"name":"wp","href":"https:\/\/api.w.org\/{rel}","templated":true}]}}