{"id":4719,"date":"2025-07-28T14:29:12","date_gmt":"2025-07-28T12:29:12","guid":{"rendered":"https:\/\/www.fuss-ev.de\/offenburg\/?p=4719"},"modified":"2025-07-28T14:29:12","modified_gmt":"2025-07-28T12:29:12","slug":"spielraum-beats-kinderdisco-trifft-stadtwandel","status":"publish","type":"post","link":"https:\/\/www.fuss-ev.de\/offenburg\/2025\/07\/28\/spielraum-beats-kinderdisco-trifft-stadtwandel\/","title":{"rendered":"Spielraum Beats \u2013 Kinderdisco trifft Stadtwandel!"},"content":{"rendered":"<p data-start=\"114\" data-end=\"200\"><strong data-start=\"114\" data-end=\"200\">Offenburg, 17. Juli 2025, 15:00\u201317:00 \u2013 Spielplatz am Platz der Verfassungsfreunde<\/strong><\/p>\n<p data-start=\"202\" data-end=\"278\"><span class=\"relative -mx-px my-[-0.2rem] rounded px-px py-[0.2rem] transition-colors duration-100 ease-in-out\">Am Nachmittag des 17. Juli verwandelte sich der Spielplatz in Offenburg f\u00fcr zwei Stunden in einen lebendigen Raum voller Beats, Tanz und politischer Diskussion \u2013 organisiert von der Konferenz f\u00fcr Urban Transformation Design in Kooperation mit KfUTD<\/span> <span class=\"\" data-state=\"closed\"><span class=\"ms-1 inline-flex max-w-full items-center relative top-[-0.094rem] animate-[show_150ms_ease-in]\"><a class=\"flex h-4.5 overflow-hidden rounded-xl px-2 text-[9px] font-medium text-token-text-secondary! bg-[#F4F4F4]! dark:bg-[#303030]! transition-colors duration-150 ease-in-out\" href=\"https:\/\/kfutd.de\/event\/spielraum-beats-kinderdisco-trifft-stadtwandel\/?utm_source=chatgpt.com\" target=\"_blank\" rel=\"noopener\"><span class=\"relative start-0 bottom-0 flex h-full w-full items-center\"><span class=\"flex h-4 w-full items-center justify-between absolute\"><span class=\"max-w-full grow truncate overflow-hidden text-center\">Facebook<\/span><span class=\"-me-1 flex h-full items-center rounded-full px-1 text-[#8F8F8F]\">+2<\/span><\/span><span class=\"flex h-4 w-full items-center justify-between\"><span class=\"max-w-full grow truncate overflow-hidden text-center\">kfutd.de<\/span><span class=\"-me-1 flex h-full items-center rounded-full px-1 text-[#8F8F8F]\">+2<\/span><\/span><span class=\"flex h-4 w-full items-center justify-between absolute\"><span class=\"max-w-full grow truncate overflow-hidden text-center\">Facebook<\/span><span class=\"-me-1 flex h-full items-center rounded-full px-1 text-[#8F8F8F]\">+2<\/span><\/span><\/span><\/a><\/span><\/span>.<\/p>\n<h4 data-start=\"280\" data-end=\"328\">Unsere Eindr\u00fccke und Beitr\u00e4ge als FUSS e.V.<\/h4>\n<p data-start=\"330\" data-end=\"412\"><strong data-start=\"330\" data-end=\"372\">Spielende Kinder und engagierte Eltern<\/strong><br data-start=\"372\" data-end=\"375\" \/><span class=\"relative -mx-px my-[-0.2rem] rounded px-px py-[0.2rem] transition-colors duration-100 ease-in-out\">W\u00e4hrend die Kinder tanzten, lachten und den Freiraum genossen, besetzten Eltern, P\u00e4dagog:innen und Aktive die Picknickdecken f\u00fcr intensive Gespr\u00e4che. Die Atmosph\u00e4re war kraftvoll: Leben im \u00f6ffentlichen Raum, sichtbar und laut.<\/span><\/p>\n<p data-start=\"414\" data-end=\"476\"><strong data-start=\"414\" data-end=\"436\">Unsere Beteiligung<\/strong><br data-start=\"436\" data-end=\"439\" \/><span class=\"relative -mx-px my-[-0.2rem] rounded px-px py-[0.2rem] transition-colors duration-100 ease-in-out\">Wir haben das Stadtgeschehen nicht nur beobachtet \u2013 wir haben uns aktiv eingemischt:<\/span><\/p>\n<ul data-start=\"478\" data-end=\"636\">\n<li data-start=\"478\" data-end=\"517\">\n<p data-start=\"480\" data-end=\"517\"><span class=\"relative -mx-px my-[-0.2rem] rounded px-px py-[0.2rem] transition-colors duration-100 ease-in-out\">Wir teilten unsere Perspektive aus dem Blickwinkel urbaner Mobilit\u00e4t und barrierefreier Wege.<\/span><\/p>\n<\/li>\n<li data-start=\"518\" data-end=\"596\">\n<p data-start=\"520\" data-end=\"596\"><span class=\"relative -mx-px my-[-0.2rem] rounded px-px py-[0.2rem] transition-colors duration-100 ease-in-out\">Auf Gespr\u00e4chen mit Eltern h\u00f6rten wir W\u00fcnsche nach Schattenpl\u00e4tzen, Wasserspielen, Trinkwasserbrunnen, E\u2011Ladepunkten \u2013 und dem Wunsch nach Inklusion auch bei \u00f6ffentlichen Toiletten<\/span> <span class=\"\" data-state=\"closed\"><span class=\"ms-1 inline-flex max-w-full items-center relative top-[-0.094rem] animate-[show_150ms_ease-in]\"><a class=\"flex h-4.5 overflow-hidden rounded-xl px-2 text-[9px] font-medium text-token-text-secondary! bg-[#F4F4F4]! dark:bg-[#303030]! transition-colors duration-150 ease-in-out\" href=\"https:\/\/kfutd.de\/event\/spielraum-beats-kinderdisco-trifft-stadtwandel\/?utm_source=chatgpt.com\" target=\"_blank\" rel=\"noopener\"><span class=\"relative start-0 bottom-0 flex h-full w-full items-center\"><span class=\"flex h-4 w-full items-center justify-between overflow-hidden\"><span class=\"max-w-full grow truncate overflow-hidden text-center\">kfutd.de<\/span><\/span><\/span><\/a><\/span><\/span>.<\/p>\n<\/li>\n<li data-start=\"597\" data-end=\"636\">\n<p data-start=\"599\" data-end=\"636\"><span class=\"relative -mx-px my-[-0.2rem] rounded px-px py-[0.2rem] transition-colors duration-100 ease-in-out\">Gemeinsam formulierten wir Forderungen an Stadtverwaltung und Lokalpolitik f\u00fcr einen klimafreundlichen sowie sozial gerechten \u00f6ffentlichen Raum.<\/span><\/p>\n<\/li>\n<\/ul>\n<p data-start=\"638\" data-end=\"753\"><strong data-start=\"638\" data-end=\"672\">Warum diese Aktion wichtig war<\/strong><br data-start=\"672\" data-end=\"675\" \/><span class=\"relative -mx-px my-[-0.2rem] rounded px-px py-[0.2rem] transition-colors duration-100 ease-in-out\">\u201eSpielraum Beats\u201c zeigte deutlich: Stadt ist kein Verkehrsraum allein. Stadt ist, wenn sie geh\u00f6rt wird \u2013 von Kindern, Eltern und Menschen, die sich einbringen. Rund 200 Menschen folgten der Einladung und tanzten gemeinsam f\u00fcr einen lebenswerten Stadtraum \u2013 ein beeindruckendes Statement.<\/span><\/p>\n<h4 data-start=\"755\" data-end=\"780\">Was bleibt h\u00e4ngen?<\/h4>\n<p data-start=\"781\" data-end=\"829\">Wir ziehen klare Konsequenzen f\u00fcr unsere Arbeit:<\/p>\n<ul data-start=\"831\" data-end=\"1172\">\n<li data-start=\"831\" data-end=\"972\">\n<p data-start=\"833\" data-end=\"972\"><strong data-start=\"833\" data-end=\"860\">B\u00fcrger:innenbeteiligung<\/strong> geht weit \u00fcber Schriftst\u00fccke: Sie passiert dort, wo wir als Gemeinschaft R\u00e4ume gestalten, nutzen und ver\u00e4ndern.<\/p>\n<\/li>\n<li data-start=\"973\" data-end=\"1031\">\n<p data-start=\"975\" data-end=\"1031\">Eltern m\u00f6chten nicht nur spielen \u2013 sie wollen gestalten.<\/p>\n<\/li>\n<li data-start=\"1032\" data-end=\"1172\">\n<p data-start=\"1034\" data-end=\"1172\">Wir m\u00fcssen unsere Stimme weiter tragen: Forderungen nach Ausstattung, Inklusion und nachhaltiger Planung geh\u00f6ren auf die kommunale Agenda.<\/p>\n<\/li>\n<\/ul>\n<h3 data-start=\"1179\" data-end=\"1199\">Fazit &amp; Ausblick<\/h3>\n<p data-start=\"1201\" data-end=\"1438\">Wir \u2013 die FUSS e.V. Ortsgruppe Offenburg \u2013 sind best\u00e4rkt: <strong data-start=\"1259\" data-end=\"1333\">Stadtverkehr und Freiraum sind keine Gegens\u00e4tze, sondern bedingen sich<\/strong>. Diese Kinderdisco war ein kraftvoller Raum des Mitgestaltens \u2013 charmant, laut, partizipativ, politisch.<\/p>\n<p data-start=\"1440\" data-end=\"1637\">Lasst uns weiter f\u00fcr eine Stadt einstehen, in der Wege sicher, Pl\u00e4tze inklusiv und urbane R\u00e4ume lebendig sind. Wir bleiben dran \u2013 und Ihr alle seid eingeladen, diesen Wandel mit uns mitzugestalten!<\/p>\n<p data-start=\"1639\" data-end=\"1819\">Welche Ideen haben euch besonders bewegt? Was m\u00f6chtet ihr beim n\u00e4chsten Mal anders oder zus\u00e4tzlich sichtbar machen? Wir freuen uns auf eure Gedanken und einen lebendigen Austausch!<\/p>\n","protected":false},"excerpt":{"rendered":"<p>Offenburg, 17. Juli 2025, 15:00\u201317:00 \u2013 Spielplatz am Platz der Verfassungsfreunde Am Nachmittag des 17. Juli verwandelte sich der Spielplatz in Offenburg f\u00fcr zwei Stunden in einen lebendigen Raum voller Beats, Tanz und politischer Diskussion [&hellip;]<\/p>\n","protected":false},"author":40,"featured_media":4720,"comment_status":"open","ping_status":"open","sticky":false,"template":"","format":"standard","meta":{"_acf_changed":false,"_relevanssi_hide_post":"","_relevanssi_hide_content":"","_relevanssi_pin_for_all":"","_relevanssi_pin_keywords":"","_relevanssi_unpin_keywords":"","_relevanssi_related_keywords":"","_relevanssi_related_include_ids":"","_relevanssi_related_exclude_ids":"","_relevanssi_related_no_append":"","_relevanssi_related_not_related":"","_relevanssi_related_posts":"","_relevanssi_noindex_reason":"","inline_featured_image":false,"footnotes":""},"categories":[8],"tags":[],"class_list":["post-4719","post","type-post","status-publish","format-standard","has-post-thumbnail","hentry","category-aktuelles"],"acf":[],"yoast_head":"<!-- This site is optimized with the Yoast SEO plugin v27.4 - https:\/\/yoast.com\/product\/yoast-seo-wordpress\/ -->\n<title>Spielraum Beats \u2013 Kinderdisco trifft Stadtwandel! - Offenburg - FUSS e.V.<\/title>\n<meta name=\"robots\" content=\"index, follow, max-snippet:-1, max-image-preview:large, max-video-preview:-1\" \/>\n<link rel=\"canonical\" href=\"https:\/\/www.fuss-ev.de\/offenburg\/2025\/07\/28\/spielraum-beats-kinderdisco-trifft-stadtwandel\/\" \/>\n<meta property=\"og:locale\" content=\"de_DE\" \/>\n<meta property=\"og:type\" content=\"article\" \/>\n<meta property=\"og:title\" content=\"Spielraum Beats \u2013 Kinderdisco trifft Stadtwandel! - Offenburg - FUSS e.V.\" \/>\n<meta property=\"og:description\" content=\"Offenburg, 17. Juli 2025, 15:00\u201317:00 \u2013 Spielplatz am Platz der Verfassungsfreunde Am Nachmittag des 17. Juli verwandelte sich der Spielplatz in Offenburg f\u00fcr zwei Stunden in einen lebendigen Raum voller Beats, Tanz und politischer Diskussion [&hellip;]\" \/>\n<meta property=\"og:url\" content=\"https:\/\/www.fuss-ev.de\/offenburg\/2025\/07\/28\/spielraum-beats-kinderdisco-trifft-stadtwandel\/\" \/>\n<meta property=\"og:site_name\" content=\"Offenburg - FUSS e.V.\" \/>\n<meta property=\"article:published_time\" content=\"2025-07-28T12:29:12+00:00\" \/>\n<meta property=\"og:image\" content=\"https:\/\/www.fuss-ev.de\/offenburg\/wp-content\/uploads\/sites\/16\/2025\/07\/Spielraum-Beats-17.05.25-94-von-96-scaled.jpeg\" \/>\n\t<meta property=\"og:image:width\" content=\"2560\" \/>\n\t<meta property=\"og:image:height\" content=\"1440\" \/>\n\t<meta property=\"og:image:type\" content=\"image\/jpeg\" \/>\n<meta name=\"author\" content=\"ralphfroehlich\" \/>\n<meta name=\"twitter:card\" content=\"summary_large_image\" \/>\n<meta name=\"twitter:label1\" content=\"Verfasst von\" \/>\n\t<meta name=\"twitter:data1\" content=\"ralphfroehlich\" \/>\n\t<meta name=\"twitter:label2\" content=\"Gesch\u00e4tzte Lesezeit\" \/>\n\t<meta name=\"twitter:data2\" content=\"3\u00a0Minuten\" \/>\n<script type=\"application\/ld+json\" class=\"yoast-schema-graph\">{\"@context\":\"https:\\\/\\\/schema.org\",\"@graph\":[{\"@type\":\"Article\",\"@id\":\"https:\\\/\\\/www.fuss-ev.de\\\/offenburg\\\/2025\\\/07\\\/28\\\/spielraum-beats-kinderdisco-trifft-stadtwandel\\\/#article\",\"isPartOf\":{\"@id\":\"https:\\\/\\\/www.fuss-ev.de\\\/offenburg\\\/2025\\\/07\\\/28\\\/spielraum-beats-kinderdisco-trifft-stadtwandel\\\/\"},\"author\":{\"name\":\"ralphfroehlich\",\"@id\":\"https:\\\/\\\/www.fuss-ev.de\\\/offenburg\\\/#\\\/schema\\\/person\\\/f952ec6cf11355981d4822a56c4f5af4\"},\"headline\":\"Spielraum Beats \u2013 Kinderdisco trifft Stadtwandel!\",\"datePublished\":\"2025-07-28T12:29:12+00:00\",\"mainEntityOfPage\":{\"@id\":\"https:\\\/\\\/www.fuss-ev.de\\\/offenburg\\\/2025\\\/07\\\/28\\\/spielraum-beats-kinderdisco-trifft-stadtwandel\\\/\"},\"wordCount\":383,\"commentCount\":0,\"publisher\":{\"@id\":\"https:\\\/\\\/www.fuss-ev.de\\\/offenburg\\\/#organization\"},\"image\":{\"@id\":\"https:\\\/\\\/www.fuss-ev.de\\\/offenburg\\\/2025\\\/07\\\/28\\\/spielraum-beats-kinderdisco-trifft-stadtwandel\\\/#primaryimage\"},\"thumbnailUrl\":\"https:\\\/\\\/www.fuss-ev.de\\\/offenburg\\\/wp-content\\\/uploads\\\/sites\\\/16\\\/2025\\\/07\\\/Spielraum-Beats-17.05.25-94-von-96-scaled.jpeg\",\"articleSection\":[\"Aktuelles\"],\"inLanguage\":\"de\",\"potentialAction\":[{\"@type\":\"CommentAction\",\"name\":\"Comment\",\"target\":[\"https:\\\/\\\/www.fuss-ev.de\\\/offenburg\\\/2025\\\/07\\\/28\\\/spielraum-beats-kinderdisco-trifft-stadtwandel\\\/#respond\"]}]},{\"@type\":\"WebPage\",\"@id\":\"https:\\\/\\\/www.fuss-ev.de\\\/offenburg\\\/2025\\\/07\\\/28\\\/spielraum-beats-kinderdisco-trifft-stadtwandel\\\/\",\"url\":\"https:\\\/\\\/www.fuss-ev.de\\\/offenburg\\\/2025\\\/07\\\/28\\\/spielraum-beats-kinderdisco-trifft-stadtwandel\\\/\",\"name\":\"Spielraum Beats \u2013 Kinderdisco trifft Stadtwandel! - Offenburg - FUSS e.V.\",\"isPartOf\":{\"@id\":\"https:\\\/\\\/www.fuss-ev.de\\\/offenburg\\\/#website\"},\"primaryImageOfPage\":{\"@id\":\"https:\\\/\\\/www.fuss-ev.de\\\/offenburg\\\/2025\\\/07\\\/28\\\/spielraum-beats-kinderdisco-trifft-stadtwandel\\\/#primaryimage\"},\"image\":{\"@id\":\"https:\\\/\\\/www.fuss-ev.de\\\/offenburg\\\/2025\\\/07\\\/28\\\/spielraum-beats-kinderdisco-trifft-stadtwandel\\\/#primaryimage\"},\"thumbnailUrl\":\"https:\\\/\\\/www.fuss-ev.de\\\/offenburg\\\/wp-content\\\/uploads\\\/sites\\\/16\\\/2025\\\/07\\\/Spielraum-Beats-17.05.25-94-von-96-scaled.jpeg\",\"datePublished\":\"2025-07-28T12:29:12+00:00\",\"breadcrumb\":{\"@id\":\"https:\\\/\\\/www.fuss-ev.de\\\/offenburg\\\/2025\\\/07\\\/28\\\/spielraum-beats-kinderdisco-trifft-stadtwandel\\\/#breadcrumb\"},\"inLanguage\":\"de\",\"potentialAction\":[{\"@type\":\"ReadAction\",\"target\":[\"https:\\\/\\\/www.fuss-ev.de\\\/offenburg\\\/2025\\\/07\\\/28\\\/spielraum-beats-kinderdisco-trifft-stadtwandel\\\/\"]}]},{\"@type\":\"ImageObject\",\"inLanguage\":\"de\",\"@id\":\"https:\\\/\\\/www.fuss-ev.de\\\/offenburg\\\/2025\\\/07\\\/28\\\/spielraum-beats-kinderdisco-trifft-stadtwandel\\\/#primaryimage\",\"url\":\"https:\\\/\\\/www.fuss-ev.de\\\/offenburg\\\/wp-content\\\/uploads\\\/sites\\\/16\\\/2025\\\/07\\\/Spielraum-Beats-17.05.25-94-von-96-scaled.jpeg\",\"contentUrl\":\"https:\\\/\\\/www.fuss-ev.de\\\/offenburg\\\/wp-content\\\/uploads\\\/sites\\\/16\\\/2025\\\/07\\\/Spielraum-Beats-17.05.25-94-von-96-scaled.jpeg\",\"width\":2560,\"height\":1440},{\"@type\":\"BreadcrumbList\",\"@id\":\"https:\\\/\\\/www.fuss-ev.de\\\/offenburg\\\/2025\\\/07\\\/28\\\/spielraum-beats-kinderdisco-trifft-stadtwandel\\\/#breadcrumb\",\"itemListElement\":[{\"@type\":\"ListItem\",\"position\":1,\"name\":\"Startseite\",\"item\":\"https:\\\/\\\/www.fuss-ev.de\\\/offenburg\\\/\"},{\"@type\":\"ListItem\",\"position\":2,\"name\":\"Spielraum Beats \u2013 Kinderdisco trifft Stadtwandel!\"}]},{\"@type\":\"WebSite\",\"@id\":\"https:\\\/\\\/www.fuss-ev.de\\\/offenburg\\\/#website\",\"url\":\"https:\\\/\\\/www.fuss-ev.de\\\/offenburg\\\/\",\"name\":\"Offenburg - FUSS e.V.\",\"description\":\"\",\"publisher\":{\"@id\":\"https:\\\/\\\/www.fuss-ev.de\\\/offenburg\\\/#organization\"},\"potentialAction\":[{\"@type\":\"SearchAction\",\"target\":{\"@type\":\"EntryPoint\",\"urlTemplate\":\"https:\\\/\\\/www.fuss-ev.de\\\/offenburg\\\/?s={search_term_string}\"},\"query-input\":{\"@type\":\"PropertyValueSpecification\",\"valueRequired\":true,\"valueName\":\"search_term_string\"}}],\"inLanguage\":\"de\"},{\"@type\":\"Organization\",\"@id\":\"https:\\\/\\\/www.fuss-ev.de\\\/offenburg\\\/#organization\",\"name\":\"Offenburg - FUSS e.V.\",\"url\":\"https:\\\/\\\/www.fuss-ev.de\\\/offenburg\\\/\",\"logo\":{\"@type\":\"ImageObject\",\"inLanguage\":\"de\",\"@id\":\"https:\\\/\\\/www.fuss-ev.de\\\/offenburg\\\/#\\\/schema\\\/logo\\\/image\\\/\",\"url\":\"https:\\\/\\\/www.fuss-ev.de\\\/offenburg\\\/wp-content\\\/uploads\\\/sites\\\/16\\\/2025\\\/01\\\/FUSS_Logo.jpg\",\"contentUrl\":\"https:\\\/\\\/www.fuss-ev.de\\\/offenburg\\\/wp-content\\\/uploads\\\/sites\\\/16\\\/2025\\\/01\\\/FUSS_Logo.jpg\",\"width\":2082,\"height\":979,\"caption\":\"Offenburg - FUSS e.V.\"},\"image\":{\"@id\":\"https:\\\/\\\/www.fuss-ev.de\\\/offenburg\\\/#\\\/schema\\\/logo\\\/image\\\/\"}},{\"@type\":\"Person\",\"@id\":\"https:\\\/\\\/www.fuss-ev.de\\\/offenburg\\\/#\\\/schema\\\/person\\\/f952ec6cf11355981d4822a56c4f5af4\",\"name\":\"ralphfroehlich\",\"image\":{\"@type\":\"ImageObject\",\"inLanguage\":\"de\",\"@id\":\"https:\\\/\\\/secure.gravatar.com\\\/avatar\\\/20b585e96c820dc21d6036f2b07bd6053fc1eb5afd09d9021daf71b9414be083?s=96&d=mm&r=g\",\"url\":\"https:\\\/\\\/secure.gravatar.com\\\/avatar\\\/20b585e96c820dc21d6036f2b07bd6053fc1eb5afd09d9021daf71b9414be083?s=96&d=mm&r=g\",\"contentUrl\":\"https:\\\/\\\/secure.gravatar.com\\\/avatar\\\/20b585e96c820dc21d6036f2b07bd6053fc1eb5afd09d9021daf71b9414be083?s=96&d=mm&r=g\",\"caption\":\"ralphfroehlich\"},\"url\":\"https:\\\/\\\/www.fuss-ev.de\\\/offenburg\\\/author\\\/ralphfroehlich\\\/\"}]}<\/script>\n<!-- \/ Yoast SEO plugin. -->","yoast_head_json":{"title":"Spielraum Beats \u2013 Kinderdisco trifft Stadtwandel! - Offenburg - FUSS e.V.","robots":{"index":"index","follow":"follow","max-snippet":"max-snippet:-1","max-image-preview":"max-image-preview:large","max-video-preview":"max-video-preview:-1"},"canonical":"https:\/\/www.fuss-ev.de\/offenburg\/2025\/07\/28\/spielraum-beats-kinderdisco-trifft-stadtwandel\/","og_locale":"de_DE","og_type":"article","og_title":"Spielraum Beats \u2013 Kinderdisco trifft Stadtwandel! - Offenburg - FUSS e.V.","og_description":"Offenburg, 17. Juli 2025, 15:00\u201317:00 \u2013 Spielplatz am Platz der Verfassungsfreunde Am Nachmittag des 17. Juli verwandelte sich der Spielplatz in Offenburg f\u00fcr zwei Stunden in einen lebendigen Raum voller Beats, Tanz und politischer Diskussion [&hellip;]","og_url":"https:\/\/www.fuss-ev.de\/offenburg\/2025\/07\/28\/spielraum-beats-kinderdisco-trifft-stadtwandel\/","og_site_name":"Offenburg - FUSS e.V.","article_published_time":"2025-07-28T12:29:12+00:00","og_image":[{"width":2560,"height":1440,"url":"https:\/\/www.fuss-ev.de\/offenburg\/wp-content\/uploads\/sites\/16\/2025\/07\/Spielraum-Beats-17.05.25-94-von-96-scaled.jpeg","type":"image\/jpeg"}],"author":"ralphfroehlich","twitter_card":"summary_large_image","twitter_misc":{"Verfasst von":"ralphfroehlich","Gesch\u00e4tzte Lesezeit":"3\u00a0Minuten"},"schema":{"@context":"https:\/\/schema.org","@graph":[{"@type":"Article","@id":"https:\/\/www.fuss-ev.de\/offenburg\/2025\/07\/28\/spielraum-beats-kinderdisco-trifft-stadtwandel\/#article","isPartOf":{"@id":"https:\/\/www.fuss-ev.de\/offenburg\/2025\/07\/28\/spielraum-beats-kinderdisco-trifft-stadtwandel\/"},"author":{"name":"ralphfroehlich","@id":"https:\/\/www.fuss-ev.de\/offenburg\/#\/schema\/person\/f952ec6cf11355981d4822a56c4f5af4"},"headline":"Spielraum Beats \u2013 Kinderdisco trifft Stadtwandel!","datePublished":"2025-07-28T12:29:12+00:00","mainEntityOfPage":{"@id":"https:\/\/www.fuss-ev.de\/offenburg\/2025\/07\/28\/spielraum-beats-kinderdisco-trifft-stadtwandel\/"},"wordCount":383,"commentCount":0,"publisher":{"@id":"https:\/\/www.fuss-ev.de\/offenburg\/#organization"},"image":{"@id":"https:\/\/www.fuss-ev.de\/offenburg\/2025\/07\/28\/spielraum-beats-kinderdisco-trifft-stadtwandel\/#primaryimage"},"thumbnailUrl":"https:\/\/www.fuss-ev.de\/offenburg\/wp-content\/uploads\/sites\/16\/2025\/07\/Spielraum-Beats-17.05.25-94-von-96-scaled.jpeg","articleSection":["Aktuelles"],"inLanguage":"de","potentialAction":[{"@type":"CommentAction","name":"Comment","target":["https:\/\/www.fuss-ev.de\/offenburg\/2025\/07\/28\/spielraum-beats-kinderdisco-trifft-stadtwandel\/#respond"]}]},{"@type":"WebPage","@id":"https:\/\/www.fuss-ev.de\/offenburg\/2025\/07\/28\/spielraum-beats-kinderdisco-trifft-stadtwandel\/","url":"https:\/\/www.fuss-ev.de\/offenburg\/2025\/07\/28\/spielraum-beats-kinderdisco-trifft-stadtwandel\/","name":"Spielraum Beats \u2013 Kinderdisco trifft Stadtwandel! - Offenburg - FUSS e.V.","isPartOf":{"@id":"https:\/\/www.fuss-ev.de\/offenburg\/#website"},"primaryImageOfPage":{"@id":"https:\/\/www.fuss-ev.de\/offenburg\/2025\/07\/28\/spielraum-beats-kinderdisco-trifft-stadtwandel\/#primaryimage"},"image":{"@id":"https:\/\/www.fuss-ev.de\/offenburg\/2025\/07\/28\/spielraum-beats-kinderdisco-trifft-stadtwandel\/#primaryimage"},"thumbnailUrl":"https:\/\/www.fuss-ev.de\/offenburg\/wp-content\/uploads\/sites\/16\/2025\/07\/Spielraum-Beats-17.05.25-94-von-96-scaled.jpeg","datePublished":"2025-07-28T12:29:12+00:00","breadcrumb":{"@id":"https:\/\/www.fuss-ev.de\/offenburg\/2025\/07\/28\/spielraum-beats-kinderdisco-trifft-stadtwandel\/#breadcrumb"},"inLanguage":"de","potentialAction":[{"@type":"ReadAction","target":["https:\/\/www.fuss-ev.de\/offenburg\/2025\/07\/28\/spielraum-beats-kinderdisco-trifft-stadtwandel\/"]}]},{"@type":"ImageObject","inLanguage":"de","@id":"https:\/\/www.fuss-ev.de\/offenburg\/2025\/07\/28\/spielraum-beats-kinderdisco-trifft-stadtwandel\/#primaryimage","url":"https:\/\/www.fuss-ev.de\/offenburg\/wp-content\/uploads\/sites\/16\/2025\/07\/Spielraum-Beats-17.05.25-94-von-96-scaled.jpeg","contentUrl":"https:\/\/www.fuss-ev.de\/offenburg\/wp-content\/uploads\/sites\/16\/2025\/07\/Spielraum-Beats-17.05.25-94-von-96-scaled.jpeg","width":2560,"height":1440},{"@type":"BreadcrumbList","@id":"https:\/\/www.fuss-ev.de\/offenburg\/2025\/07\/28\/spielraum-beats-kinderdisco-trifft-stadtwandel\/#breadcrumb","itemListElement":[{"@type":"ListItem","position":1,"name":"Startseite","item":"https:\/\/www.fuss-ev.de\/offenburg\/"},{"@type":"ListItem","position":2,"name":"Spielraum Beats \u2013 Kinderdisco trifft Stadtwandel!"}]},{"@type":"WebSite","@id":"https:\/\/www.fuss-ev.de\/offenburg\/#website","url":"https:\/\/www.fuss-ev.de\/offenburg\/","name":"Offenburg - FUSS e.V.","description":"","publisher":{"@id":"https:\/\/www.fuss-ev.de\/offenburg\/#organization"},"potentialAction":[{"@type":"SearchAction","target":{"@type":"EntryPoint","urlTemplate":"https:\/\/www.fuss-ev.de\/offenburg\/?s={search_term_string}"},"query-input":{"@type":"PropertyValueSpecification","valueRequired":true,"valueName":"search_term_string"}}],"inLanguage":"de"},{"@type":"Organization","@id":"https:\/\/www.fuss-ev.de\/offenburg\/#organization","name":"Offenburg - FUSS e.V.","url":"https:\/\/www.fuss-ev.de\/offenburg\/","logo":{"@type":"ImageObject","inLanguage":"de","@id":"https:\/\/www.fuss-ev.de\/offenburg\/#\/schema\/logo\/image\/","url":"https:\/\/www.fuss-ev.de\/offenburg\/wp-content\/uploads\/sites\/16\/2025\/01\/FUSS_Logo.jpg","contentUrl":"https:\/\/www.fuss-ev.de\/offenburg\/wp-content\/uploads\/sites\/16\/2025\/01\/FUSS_Logo.jpg","width":2082,"height":979,"caption":"Offenburg - FUSS e.V."},"image":{"@id":"https:\/\/www.fuss-ev.de\/offenburg\/#\/schema\/logo\/image\/"}},{"@type":"Person","@id":"https:\/\/www.fuss-ev.de\/offenburg\/#\/schema\/person\/f952ec6cf11355981d4822a56c4f5af4","name":"ralphfroehlich","image":{"@type":"ImageObject","inLanguage":"de","@id":"https:\/\/secure.gravatar.com\/avatar\/20b585e96c820dc21d6036f2b07bd6053fc1eb5afd09d9021daf71b9414be083?s=96&d=mm&r=g","url":"https:\/\/secure.gravatar.com\/avatar\/20b585e96c820dc21d6036f2b07bd6053fc1eb5afd09d9021daf71b9414be083?s=96&d=mm&r=g","contentUrl":"https:\/\/secure.gravatar.com\/avatar\/20b585e96c820dc21d6036f2b07bd6053fc1eb5afd09d9021daf71b9414be083?s=96&d=mm&r=g","caption":"ralphfroehlich"},"url":"https:\/\/www.fuss-ev.de\/offenburg\/author\/ralphfroehlich\/"}]}},"publishpress_future_action":{"enabled":false,"date":"2026-05-02 10:58:30","action":"change-status","newStatus":"draft","terms":[],"taxonomy":"category","extraData":[]},"publishpress_future_workflow_manual_trigger":{"enabledWorkflows":[]},"_links":{"self":[{"href":"https:\/\/www.fuss-ev.de\/offenburg\/wp-json\/wp\/v2\/posts\/4719","targetHints":{"allow":["GET"]}}],"collection":[{"href":"https:\/\/www.fuss-ev.de\/offenburg\/wp-json\/wp\/v2\/posts"}],"about":[{"href":"https:\/\/www.fuss-ev.de\/offenburg\/wp-json\/wp\/v2\/types\/post"}],"author":[{"embeddable":true,"href":"https:\/\/www.fuss-ev.de\/offenburg\/wp-json\/wp\/v2\/users\/40"}],"replies":[{"embeddable":true,"href":"https:\/\/www.fuss-ev.de\/offenburg\/wp-json\/wp\/v2\/comments?post=4719"}],"version-history":[{"count":1,"href":"https:\/\/www.fuss-ev.de\/offenburg\/wp-json\/wp\/v2\/posts\/4719\/revisions"}],"predecessor-version":[{"id":4721,"href":"https:\/\/www.fuss-ev.de\/offenburg\/wp-json\/wp\/v2\/posts\/4719\/revisions\/4721"}],"wp:featuredmedia":[{"embeddable":true,"href":"https:\/\/www.fuss-ev.de\/offenburg\/wp-json\/wp\/v2\/media\/4720"}],"wp:attachment":[{"href":"https:\/\/www.fuss-ev.de\/offenburg\/wp-json\/wp\/v2\/media?parent=4719"}],"wp:term":[{"taxonomy":"category","embeddable":true,"href":"https:\/\/www.fuss-ev.de\/offenburg\/wp-json\/wp\/v2\/categories?post=4719"},{"taxonomy":"post_tag","embeddable":true,"href":"https:\/\/www.fuss-ev.de\/offenburg\/wp-json\/wp\/v2\/tags?post=4719"}],"curies":[{"name":"wp","href":"https:\/\/api.w.org\/{rel}","templated":true}]}}