{"id":4716,"date":"2025-07-27T17:31:02","date_gmt":"2025-07-27T15:31:02","guid":{"rendered":"https:\/\/www.fuss-ev.de\/offenburg\/?p=4716"},"modified":"2025-07-27T17:31:02","modified_gmt":"2025-07-27T15:31:02","slug":"die-stadt-zu-fuessen-gespraeche-ueber-eine-gerechtere-zukunft","status":"publish","type":"post","link":"https:\/\/www.fuss-ev.de\/offenburg\/2025\/07\/27\/die-stadt-zu-fuessen-gespraeche-ueber-eine-gerechtere-zukunft\/","title":{"rendered":"Die Stadt zu F\u00fc\u00dfen \u2013 Gespr\u00e4che \u00fcber eine gerechtere Zukunft"},"content":{"rendered":"<p>Am Samstag lag unser begehbarer Stadtplan direkt vor dem Rathaus \u2013 und mit ihm die Ideen, W\u00fcnsche und Forderungen der Offenburger:innen. Viele Passant:innen hielten inne, schauten, diskutierten, markierten Orte, an denen sie Ver\u00e4nderungen w\u00fcnschen. Immer wieder kamen klare Botschaften: Mehr Tempo 30. Bessere Wege f\u00fcr Rad und Fu\u00df. Trinkbrunnen. Schatten. Stadtgr\u00fcn.<\/p>\n<p>Erfreulich: Ein Stadtrat (Herr Meier, CDU) nahm sich Zeit f\u00fcr den Dialog. Er h\u00f6rte zu, was die Menschen bewegt \u2013 und das ist selten die Forderung nach mehr Stra\u00dfen oder Parkpl\u00e4tzen. Im Gegenteil: Die Freiburger Stra\u00dfe wird als Hindernis wahrgenommen \u2013 gerade auf H\u00f6he der Wasserstra\u00dfe fehlt eine sichere Querung. Warum das nicht mit der geplanten Br\u00fccke \u00fcber die Kinzig verbunden wird? Diese Frage kam mehrfach.<\/p>\n<p>F\u00fcr uns ist klar: Diese Art der Beteiligung funktioniert \u2013 direkt, niedrigschwellig und mit viel Resonanz. Der Stadtplan kommt wieder. Die Stadt geh\u00f6rt allen \u2013 und gemeinsam machen wir sie besser.<\/p>\n<p>&nbsp;<\/p>\n","protected":false},"excerpt":{"rendered":"<p>Am Samstag lag unser begehbarer Stadtplan direkt vor dem Rathaus \u2013 und mit ihm die Ideen, W\u00fcnsche und Forderungen der Offenburger:innen. Viele Passant:innen hielten inne, schauten, diskutierten, markierten Orte, an denen sie Ver\u00e4nderungen w\u00fcnschen. Immer [&hellip;]<\/p>\n","protected":false},"author":40,"featured_media":4717,"comment_status":"open","ping_status":"open","sticky":false,"template":"","format":"standard","meta":{"_acf_changed":false,"_relevanssi_hide_post":"","_relevanssi_hide_content":"","_relevanssi_pin_for_all":"","_relevanssi_pin_keywords":"","_relevanssi_unpin_keywords":"","_relevanssi_related_keywords":"","_relevanssi_related_include_ids":"","_relevanssi_related_exclude_ids":"","_relevanssi_related_no_append":"","_relevanssi_related_not_related":"","_relevanssi_related_posts":"","_relevanssi_noindex_reason":"","inline_featured_image":false,"footnotes":""},"categories":[8],"tags":[],"class_list":["post-4716","post","type-post","status-publish","format-standard","has-post-thumbnail","hentry","category-aktuelles"],"acf":[],"yoast_head":"<!-- This site is optimized with the Yoast SEO plugin v27.4 - https:\/\/yoast.com\/product\/yoast-seo-wordpress\/ -->\n<title>Die Stadt zu F\u00fc\u00dfen \u2013 Gespr\u00e4che \u00fcber eine gerechtere Zukunft - Offenburg - FUSS e.V.<\/title>\n<meta name=\"robots\" content=\"index, follow, max-snippet:-1, max-image-preview:large, max-video-preview:-1\" \/>\n<link rel=\"canonical\" href=\"https:\/\/www.fuss-ev.de\/offenburg\/2025\/07\/27\/die-stadt-zu-fuessen-gespraeche-ueber-eine-gerechtere-zukunft\/\" \/>\n<meta property=\"og:locale\" content=\"de_DE\" \/>\n<meta property=\"og:type\" content=\"article\" \/>\n<meta property=\"og:title\" content=\"Die Stadt zu F\u00fc\u00dfen \u2013 Gespr\u00e4che \u00fcber eine gerechtere Zukunft - Offenburg - FUSS e.V.\" \/>\n<meta property=\"og:description\" content=\"Am Samstag lag unser begehbarer Stadtplan direkt vor dem Rathaus \u2013 und mit ihm die Ideen, W\u00fcnsche und Forderungen der Offenburger:innen. Viele Passant:innen hielten inne, schauten, diskutierten, markierten Orte, an denen sie Ver\u00e4nderungen w\u00fcnschen. Immer [&hellip;]\" \/>\n<meta property=\"og:url\" content=\"https:\/\/www.fuss-ev.de\/offenburg\/2025\/07\/27\/die-stadt-zu-fuessen-gespraeche-ueber-eine-gerechtere-zukunft\/\" \/>\n<meta property=\"og:site_name\" content=\"Offenburg - FUSS e.V.\" \/>\n<meta property=\"article:published_time\" content=\"2025-07-27T15:31:02+00:00\" \/>\n<meta property=\"og:image\" content=\"https:\/\/www.fuss-ev.de\/offenburg\/wp-content\/uploads\/sites\/16\/2025\/07\/PXL_20250726_084011163.RAW-01.COVER2_.jpg\" \/>\n\t<meta property=\"og:image:width\" content=\"1146\" \/>\n\t<meta property=\"og:image:height\" content=\"1146\" \/>\n\t<meta property=\"og:image:type\" content=\"image\/jpeg\" \/>\n<meta name=\"author\" content=\"ralphfroehlich\" \/>\n<meta name=\"twitter:card\" content=\"summary_large_image\" \/>\n<meta name=\"twitter:label1\" content=\"Verfasst von\" \/>\n\t<meta name=\"twitter:data1\" content=\"ralphfroehlich\" \/>\n\t<meta name=\"twitter:label2\" content=\"Gesch\u00e4tzte Lesezeit\" \/>\n\t<meta name=\"twitter:data2\" content=\"1\u00a0Minute\" \/>\n<script type=\"application\/ld+json\" class=\"yoast-schema-graph\">{\"@context\":\"https:\\\/\\\/schema.org\",\"@graph\":[{\"@type\":\"Article\",\"@id\":\"https:\\\/\\\/www.fuss-ev.de\\\/offenburg\\\/2025\\\/07\\\/27\\\/die-stadt-zu-fuessen-gespraeche-ueber-eine-gerechtere-zukunft\\\/#article\",\"isPartOf\":{\"@id\":\"https:\\\/\\\/www.fuss-ev.de\\\/offenburg\\\/2025\\\/07\\\/27\\\/die-stadt-zu-fuessen-gespraeche-ueber-eine-gerechtere-zukunft\\\/\"},\"author\":{\"name\":\"ralphfroehlich\",\"@id\":\"https:\\\/\\\/www.fuss-ev.de\\\/offenburg\\\/#\\\/schema\\\/person\\\/f952ec6cf11355981d4822a56c4f5af4\"},\"headline\":\"Die Stadt zu F\u00fc\u00dfen \u2013 Gespr\u00e4che \u00fcber eine gerechtere Zukunft\",\"datePublished\":\"2025-07-27T15:31:02+00:00\",\"mainEntityOfPage\":{\"@id\":\"https:\\\/\\\/www.fuss-ev.de\\\/offenburg\\\/2025\\\/07\\\/27\\\/die-stadt-zu-fuessen-gespraeche-ueber-eine-gerechtere-zukunft\\\/\"},\"wordCount\":171,\"commentCount\":0,\"publisher\":{\"@id\":\"https:\\\/\\\/www.fuss-ev.de\\\/offenburg\\\/#organization\"},\"image\":{\"@id\":\"https:\\\/\\\/www.fuss-ev.de\\\/offenburg\\\/2025\\\/07\\\/27\\\/die-stadt-zu-fuessen-gespraeche-ueber-eine-gerechtere-zukunft\\\/#primaryimage\"},\"thumbnailUrl\":\"https:\\\/\\\/www.fuss-ev.de\\\/offenburg\\\/wp-content\\\/uploads\\\/sites\\\/16\\\/2025\\\/07\\\/PXL_20250726_084011163.RAW-01.COVER2_.jpg\",\"articleSection\":[\"Aktuelles\"],\"inLanguage\":\"de\",\"potentialAction\":[{\"@type\":\"CommentAction\",\"name\":\"Comment\",\"target\":[\"https:\\\/\\\/www.fuss-ev.de\\\/offenburg\\\/2025\\\/07\\\/27\\\/die-stadt-zu-fuessen-gespraeche-ueber-eine-gerechtere-zukunft\\\/#respond\"]}]},{\"@type\":\"WebPage\",\"@id\":\"https:\\\/\\\/www.fuss-ev.de\\\/offenburg\\\/2025\\\/07\\\/27\\\/die-stadt-zu-fuessen-gespraeche-ueber-eine-gerechtere-zukunft\\\/\",\"url\":\"https:\\\/\\\/www.fuss-ev.de\\\/offenburg\\\/2025\\\/07\\\/27\\\/die-stadt-zu-fuessen-gespraeche-ueber-eine-gerechtere-zukunft\\\/\",\"name\":\"Die Stadt zu F\u00fc\u00dfen \u2013 Gespr\u00e4che \u00fcber eine gerechtere Zukunft - Offenburg - FUSS e.V.\",\"isPartOf\":{\"@id\":\"https:\\\/\\\/www.fuss-ev.de\\\/offenburg\\\/#website\"},\"primaryImageOfPage\":{\"@id\":\"https:\\\/\\\/www.fuss-ev.de\\\/offenburg\\\/2025\\\/07\\\/27\\\/die-stadt-zu-fuessen-gespraeche-ueber-eine-gerechtere-zukunft\\\/#primaryimage\"},\"image\":{\"@id\":\"https:\\\/\\\/www.fuss-ev.de\\\/offenburg\\\/2025\\\/07\\\/27\\\/die-stadt-zu-fuessen-gespraeche-ueber-eine-gerechtere-zukunft\\\/#primaryimage\"},\"thumbnailUrl\":\"https:\\\/\\\/www.fuss-ev.de\\\/offenburg\\\/wp-content\\\/uploads\\\/sites\\\/16\\\/2025\\\/07\\\/PXL_20250726_084011163.RAW-01.COVER2_.jpg\",\"datePublished\":\"2025-07-27T15:31:02+00:00\",\"breadcrumb\":{\"@id\":\"https:\\\/\\\/www.fuss-ev.de\\\/offenburg\\\/2025\\\/07\\\/27\\\/die-stadt-zu-fuessen-gespraeche-ueber-eine-gerechtere-zukunft\\\/#breadcrumb\"},\"inLanguage\":\"de\",\"potentialAction\":[{\"@type\":\"ReadAction\",\"target\":[\"https:\\\/\\\/www.fuss-ev.de\\\/offenburg\\\/2025\\\/07\\\/27\\\/die-stadt-zu-fuessen-gespraeche-ueber-eine-gerechtere-zukunft\\\/\"]}]},{\"@type\":\"ImageObject\",\"inLanguage\":\"de\",\"@id\":\"https:\\\/\\\/www.fuss-ev.de\\\/offenburg\\\/2025\\\/07\\\/27\\\/die-stadt-zu-fuessen-gespraeche-ueber-eine-gerechtere-zukunft\\\/#primaryimage\",\"url\":\"https:\\\/\\\/www.fuss-ev.de\\\/offenburg\\\/wp-content\\\/uploads\\\/sites\\\/16\\\/2025\\\/07\\\/PXL_20250726_084011163.RAW-01.COVER2_.jpg\",\"contentUrl\":\"https:\\\/\\\/www.fuss-ev.de\\\/offenburg\\\/wp-content\\\/uploads\\\/sites\\\/16\\\/2025\\\/07\\\/PXL_20250726_084011163.RAW-01.COVER2_.jpg\",\"width\":1146,\"height\":1146},{\"@type\":\"BreadcrumbList\",\"@id\":\"https:\\\/\\\/www.fuss-ev.de\\\/offenburg\\\/2025\\\/07\\\/27\\\/die-stadt-zu-fuessen-gespraeche-ueber-eine-gerechtere-zukunft\\\/#breadcrumb\",\"itemListElement\":[{\"@type\":\"ListItem\",\"position\":1,\"name\":\"Startseite\",\"item\":\"https:\\\/\\\/www.fuss-ev.de\\\/offenburg\\\/\"},{\"@type\":\"ListItem\",\"position\":2,\"name\":\"Die Stadt zu F\u00fc\u00dfen \u2013 Gespr\u00e4che \u00fcber eine gerechtere Zukunft\"}]},{\"@type\":\"WebSite\",\"@id\":\"https:\\\/\\\/www.fuss-ev.de\\\/offenburg\\\/#website\",\"url\":\"https:\\\/\\\/www.fuss-ev.de\\\/offenburg\\\/\",\"name\":\"Offenburg - FUSS e.V.\",\"description\":\"\",\"publisher\":{\"@id\":\"https:\\\/\\\/www.fuss-ev.de\\\/offenburg\\\/#organization\"},\"potentialAction\":[{\"@type\":\"SearchAction\",\"target\":{\"@type\":\"EntryPoint\",\"urlTemplate\":\"https:\\\/\\\/www.fuss-ev.de\\\/offenburg\\\/?s={search_term_string}\"},\"query-input\":{\"@type\":\"PropertyValueSpecification\",\"valueRequired\":true,\"valueName\":\"search_term_string\"}}],\"inLanguage\":\"de\"},{\"@type\":\"Organization\",\"@id\":\"https:\\\/\\\/www.fuss-ev.de\\\/offenburg\\\/#organization\",\"name\":\"Offenburg - FUSS e.V.\",\"url\":\"https:\\\/\\\/www.fuss-ev.de\\\/offenburg\\\/\",\"logo\":{\"@type\":\"ImageObject\",\"inLanguage\":\"de\",\"@id\":\"https:\\\/\\\/www.fuss-ev.de\\\/offenburg\\\/#\\\/schema\\\/logo\\\/image\\\/\",\"url\":\"https:\\\/\\\/www.fuss-ev.de\\\/offenburg\\\/wp-content\\\/uploads\\\/sites\\\/16\\\/2025\\\/01\\\/FUSS_Logo.jpg\",\"contentUrl\":\"https:\\\/\\\/www.fuss-ev.de\\\/offenburg\\\/wp-content\\\/uploads\\\/sites\\\/16\\\/2025\\\/01\\\/FUSS_Logo.jpg\",\"width\":2082,\"height\":979,\"caption\":\"Offenburg - FUSS e.V.\"},\"image\":{\"@id\":\"https:\\\/\\\/www.fuss-ev.de\\\/offenburg\\\/#\\\/schema\\\/logo\\\/image\\\/\"}},{\"@type\":\"Person\",\"@id\":\"https:\\\/\\\/www.fuss-ev.de\\\/offenburg\\\/#\\\/schema\\\/person\\\/f952ec6cf11355981d4822a56c4f5af4\",\"name\":\"ralphfroehlich\",\"image\":{\"@type\":\"ImageObject\",\"inLanguage\":\"de\",\"@id\":\"https:\\\/\\\/secure.gravatar.com\\\/avatar\\\/20b585e96c820dc21d6036f2b07bd6053fc1eb5afd09d9021daf71b9414be083?s=96&d=mm&r=g\",\"url\":\"https:\\\/\\\/secure.gravatar.com\\\/avatar\\\/20b585e96c820dc21d6036f2b07bd6053fc1eb5afd09d9021daf71b9414be083?s=96&d=mm&r=g\",\"contentUrl\":\"https:\\\/\\\/secure.gravatar.com\\\/avatar\\\/20b585e96c820dc21d6036f2b07bd6053fc1eb5afd09d9021daf71b9414be083?s=96&d=mm&r=g\",\"caption\":\"ralphfroehlich\"},\"url\":\"https:\\\/\\\/www.fuss-ev.de\\\/offenburg\\\/author\\\/ralphfroehlich\\\/\"}]}<\/script>\n<!-- \/ Yoast SEO plugin. -->","yoast_head_json":{"title":"Die Stadt zu F\u00fc\u00dfen \u2013 Gespr\u00e4che \u00fcber eine gerechtere Zukunft - Offenburg - FUSS e.V.","robots":{"index":"index","follow":"follow","max-snippet":"max-snippet:-1","max-image-preview":"max-image-preview:large","max-video-preview":"max-video-preview:-1"},"canonical":"https:\/\/www.fuss-ev.de\/offenburg\/2025\/07\/27\/die-stadt-zu-fuessen-gespraeche-ueber-eine-gerechtere-zukunft\/","og_locale":"de_DE","og_type":"article","og_title":"Die Stadt zu F\u00fc\u00dfen \u2013 Gespr\u00e4che \u00fcber eine gerechtere Zukunft - Offenburg - FUSS e.V.","og_description":"Am Samstag lag unser begehbarer Stadtplan direkt vor dem Rathaus \u2013 und mit ihm die Ideen, W\u00fcnsche und Forderungen der Offenburger:innen. Viele Passant:innen hielten inne, schauten, diskutierten, markierten Orte, an denen sie Ver\u00e4nderungen w\u00fcnschen. Immer [&hellip;]","og_url":"https:\/\/www.fuss-ev.de\/offenburg\/2025\/07\/27\/die-stadt-zu-fuessen-gespraeche-ueber-eine-gerechtere-zukunft\/","og_site_name":"Offenburg - FUSS e.V.","article_published_time":"2025-07-27T15:31:02+00:00","og_image":[{"width":1146,"height":1146,"url":"https:\/\/www.fuss-ev.de\/offenburg\/wp-content\/uploads\/sites\/16\/2025\/07\/PXL_20250726_084011163.RAW-01.COVER2_.jpg","type":"image\/jpeg"}],"author":"ralphfroehlich","twitter_card":"summary_large_image","twitter_misc":{"Verfasst von":"ralphfroehlich","Gesch\u00e4tzte Lesezeit":"1\u00a0Minute"},"schema":{"@context":"https:\/\/schema.org","@graph":[{"@type":"Article","@id":"https:\/\/www.fuss-ev.de\/offenburg\/2025\/07\/27\/die-stadt-zu-fuessen-gespraeche-ueber-eine-gerechtere-zukunft\/#article","isPartOf":{"@id":"https:\/\/www.fuss-ev.de\/offenburg\/2025\/07\/27\/die-stadt-zu-fuessen-gespraeche-ueber-eine-gerechtere-zukunft\/"},"author":{"name":"ralphfroehlich","@id":"https:\/\/www.fuss-ev.de\/offenburg\/#\/schema\/person\/f952ec6cf11355981d4822a56c4f5af4"},"headline":"Die Stadt zu F\u00fc\u00dfen \u2013 Gespr\u00e4che \u00fcber eine gerechtere Zukunft","datePublished":"2025-07-27T15:31:02+00:00","mainEntityOfPage":{"@id":"https:\/\/www.fuss-ev.de\/offenburg\/2025\/07\/27\/die-stadt-zu-fuessen-gespraeche-ueber-eine-gerechtere-zukunft\/"},"wordCount":171,"commentCount":0,"publisher":{"@id":"https:\/\/www.fuss-ev.de\/offenburg\/#organization"},"image":{"@id":"https:\/\/www.fuss-ev.de\/offenburg\/2025\/07\/27\/die-stadt-zu-fuessen-gespraeche-ueber-eine-gerechtere-zukunft\/#primaryimage"},"thumbnailUrl":"https:\/\/www.fuss-ev.de\/offenburg\/wp-content\/uploads\/sites\/16\/2025\/07\/PXL_20250726_084011163.RAW-01.COVER2_.jpg","articleSection":["Aktuelles"],"inLanguage":"de","potentialAction":[{"@type":"CommentAction","name":"Comment","target":["https:\/\/www.fuss-ev.de\/offenburg\/2025\/07\/27\/die-stadt-zu-fuessen-gespraeche-ueber-eine-gerechtere-zukunft\/#respond"]}]},{"@type":"WebPage","@id":"https:\/\/www.fuss-ev.de\/offenburg\/2025\/07\/27\/die-stadt-zu-fuessen-gespraeche-ueber-eine-gerechtere-zukunft\/","url":"https:\/\/www.fuss-ev.de\/offenburg\/2025\/07\/27\/die-stadt-zu-fuessen-gespraeche-ueber-eine-gerechtere-zukunft\/","name":"Die Stadt zu F\u00fc\u00dfen \u2013 Gespr\u00e4che \u00fcber eine gerechtere Zukunft - Offenburg - FUSS e.V.","isPartOf":{"@id":"https:\/\/www.fuss-ev.de\/offenburg\/#website"},"primaryImageOfPage":{"@id":"https:\/\/www.fuss-ev.de\/offenburg\/2025\/07\/27\/die-stadt-zu-fuessen-gespraeche-ueber-eine-gerechtere-zukunft\/#primaryimage"},"image":{"@id":"https:\/\/www.fuss-ev.de\/offenburg\/2025\/07\/27\/die-stadt-zu-fuessen-gespraeche-ueber-eine-gerechtere-zukunft\/#primaryimage"},"thumbnailUrl":"https:\/\/www.fuss-ev.de\/offenburg\/wp-content\/uploads\/sites\/16\/2025\/07\/PXL_20250726_084011163.RAW-01.COVER2_.jpg","datePublished":"2025-07-27T15:31:02+00:00","breadcrumb":{"@id":"https:\/\/www.fuss-ev.de\/offenburg\/2025\/07\/27\/die-stadt-zu-fuessen-gespraeche-ueber-eine-gerechtere-zukunft\/#breadcrumb"},"inLanguage":"de","potentialAction":[{"@type":"ReadAction","target":["https:\/\/www.fuss-ev.de\/offenburg\/2025\/07\/27\/die-stadt-zu-fuessen-gespraeche-ueber-eine-gerechtere-zukunft\/"]}]},{"@type":"ImageObject","inLanguage":"de","@id":"https:\/\/www.fuss-ev.de\/offenburg\/2025\/07\/27\/die-stadt-zu-fuessen-gespraeche-ueber-eine-gerechtere-zukunft\/#primaryimage","url":"https:\/\/www.fuss-ev.de\/offenburg\/wp-content\/uploads\/sites\/16\/2025\/07\/PXL_20250726_084011163.RAW-01.COVER2_.jpg","contentUrl":"https:\/\/www.fuss-ev.de\/offenburg\/wp-content\/uploads\/sites\/16\/2025\/07\/PXL_20250726_084011163.RAW-01.COVER2_.jpg","width":1146,"height":1146},{"@type":"BreadcrumbList","@id":"https:\/\/www.fuss-ev.de\/offenburg\/2025\/07\/27\/die-stadt-zu-fuessen-gespraeche-ueber-eine-gerechtere-zukunft\/#breadcrumb","itemListElement":[{"@type":"ListItem","position":1,"name":"Startseite","item":"https:\/\/www.fuss-ev.de\/offenburg\/"},{"@type":"ListItem","position":2,"name":"Die Stadt zu F\u00fc\u00dfen \u2013 Gespr\u00e4che \u00fcber eine gerechtere Zukunft"}]},{"@type":"WebSite","@id":"https:\/\/www.fuss-ev.de\/offenburg\/#website","url":"https:\/\/www.fuss-ev.de\/offenburg\/","name":"Offenburg - FUSS e.V.","description":"","publisher":{"@id":"https:\/\/www.fuss-ev.de\/offenburg\/#organization"},"potentialAction":[{"@type":"SearchAction","target":{"@type":"EntryPoint","urlTemplate":"https:\/\/www.fuss-ev.de\/offenburg\/?s={search_term_string}"},"query-input":{"@type":"PropertyValueSpecification","valueRequired":true,"valueName":"search_term_string"}}],"inLanguage":"de"},{"@type":"Organization","@id":"https:\/\/www.fuss-ev.de\/offenburg\/#organization","name":"Offenburg - FUSS e.V.","url":"https:\/\/www.fuss-ev.de\/offenburg\/","logo":{"@type":"ImageObject","inLanguage":"de","@id":"https:\/\/www.fuss-ev.de\/offenburg\/#\/schema\/logo\/image\/","url":"https:\/\/www.fuss-ev.de\/offenburg\/wp-content\/uploads\/sites\/16\/2025\/01\/FUSS_Logo.jpg","contentUrl":"https:\/\/www.fuss-ev.de\/offenburg\/wp-content\/uploads\/sites\/16\/2025\/01\/FUSS_Logo.jpg","width":2082,"height":979,"caption":"Offenburg - FUSS e.V."},"image":{"@id":"https:\/\/www.fuss-ev.de\/offenburg\/#\/schema\/logo\/image\/"}},{"@type":"Person","@id":"https:\/\/www.fuss-ev.de\/offenburg\/#\/schema\/person\/f952ec6cf11355981d4822a56c4f5af4","name":"ralphfroehlich","image":{"@type":"ImageObject","inLanguage":"de","@id":"https:\/\/secure.gravatar.com\/avatar\/20b585e96c820dc21d6036f2b07bd6053fc1eb5afd09d9021daf71b9414be083?s=96&d=mm&r=g","url":"https:\/\/secure.gravatar.com\/avatar\/20b585e96c820dc21d6036f2b07bd6053fc1eb5afd09d9021daf71b9414be083?s=96&d=mm&r=g","contentUrl":"https:\/\/secure.gravatar.com\/avatar\/20b585e96c820dc21d6036f2b07bd6053fc1eb5afd09d9021daf71b9414be083?s=96&d=mm&r=g","caption":"ralphfroehlich"},"url":"https:\/\/www.fuss-ev.de\/offenburg\/author\/ralphfroehlich\/"}]}},"publishpress_future_action":{"enabled":false,"date":"2026-05-02 10:46:36","action":"change-status","newStatus":"draft","terms":[],"taxonomy":"category","extraData":[]},"publishpress_future_workflow_manual_trigger":{"enabledWorkflows":[]},"_links":{"self":[{"href":"https:\/\/www.fuss-ev.de\/offenburg\/wp-json\/wp\/v2\/posts\/4716","targetHints":{"allow":["GET"]}}],"collection":[{"href":"https:\/\/www.fuss-ev.de\/offenburg\/wp-json\/wp\/v2\/posts"}],"about":[{"href":"https:\/\/www.fuss-ev.de\/offenburg\/wp-json\/wp\/v2\/types\/post"}],"author":[{"embeddable":true,"href":"https:\/\/www.fuss-ev.de\/offenburg\/wp-json\/wp\/v2\/users\/40"}],"replies":[{"embeddable":true,"href":"https:\/\/www.fuss-ev.de\/offenburg\/wp-json\/wp\/v2\/comments?post=4716"}],"version-history":[{"count":1,"href":"https:\/\/www.fuss-ev.de\/offenburg\/wp-json\/wp\/v2\/posts\/4716\/revisions"}],"predecessor-version":[{"id":4718,"href":"https:\/\/www.fuss-ev.de\/offenburg\/wp-json\/wp\/v2\/posts\/4716\/revisions\/4718"}],"wp:featuredmedia":[{"embeddable":true,"href":"https:\/\/www.fuss-ev.de\/offenburg\/wp-json\/wp\/v2\/media\/4717"}],"wp:attachment":[{"href":"https:\/\/www.fuss-ev.de\/offenburg\/wp-json\/wp\/v2\/media?parent=4716"}],"wp:term":[{"taxonomy":"category","embeddable":true,"href":"https:\/\/www.fuss-ev.de\/offenburg\/wp-json\/wp\/v2\/categories?post=4716"},{"taxonomy":"post_tag","embeddable":true,"href":"https:\/\/www.fuss-ev.de\/offenburg\/wp-json\/wp\/v2\/tags?post=4716"}],"curies":[{"name":"wp","href":"https:\/\/api.w.org\/{rel}","templated":true}]}}