{"id":4670,"date":"2025-03-03T08:14:54","date_gmt":"2025-03-03T07:14:54","guid":{"rendered":"https:\/\/www.fuss-ev.de\/offenburg\/?p=4670"},"modified":"2025-03-03T08:42:53","modified_gmt":"2025-03-03T07:42:53","slug":"wem-gehoert-die-stadt-einladung-zur-stadt-raum-debatte-am-10-mai","status":"publish","type":"post","link":"https:\/\/www.fuss-ev.de\/offenburg\/2025\/03\/03\/wem-gehoert-die-stadt-einladung-zur-stadt-raum-debatte-am-10-mai\/","title":{"rendered":"Wem geh\u00f6rt die Stadt? Einladung zur Stadt-Raum-Debatte am 10. Mai"},"content":{"rendered":"<p><strong>FUSS e.V. Offenburg l\u00e4dt ein zur Diskussion \u00fcber gerechte Fl\u00e4chennutzung und lebenswerte St\u00e4dte!<\/strong><\/p>\n<p>Am <strong>10. Mai<\/strong> findet in Offenburg eine spannende <strong>Stadt-Raum-Debatte<\/strong> statt. Gemeinsam mit anderen Initiativen setzen wir uns mit der Frage auseinander: <strong>Wem geh\u00f6rt die Stadt?<\/strong> Welche Fl\u00e4chen stehen Fu\u00dfg\u00e4nger:innen zur Verf\u00fcgung? Wie kann der \u00f6ffentliche Raum gerechter verteilt werden?<\/p>\n<p>Auch <strong>FUSS e.V. Offenburg<\/strong> wird mit einem eigenen Angebot vor Ort sein! Wir zeigen, wie eine fu\u00dfg\u00e4ngerfreundliche Stadt aussehen kann, warum breite Gehwege, Sitzgelegenheiten und sichere Querungen f\u00fcr alle Generationen wichtig sind \u2013 und was jede:r selbst tun kann, um die Stadt nachhaltiger zu gestalten.<\/p>\n<p>\ud83d\udccd <strong>Ort:<\/strong> Offenburg, Platz der Verfassungsfreunde<br \/>\n\ud83d\udd55 <strong>Zeit:<\/strong> 10. Mai, 11h30<\/p>\n<p>Sei dabei und diskutiere mit uns! Gemeinsam k\u00f6nnen wir Offenburg lebenswerter machen.<\/p>\n<p>\u2139\ufe0f Mehr Informationen zur Veranstaltung gibt es auch bei der <a href=\"https:\/\/kfutd.de\/aspekte\/wem-gehoert-die-stadt-einladung-zur-stadt-raum-debatte-am-10-mai\/\">Konferenz f\u00fcr Urban Transformation Design<\/a>.<\/p>\n<p>Wir freuen uns auf dich!<\/p>\n<p><strong>FUSS e.V. Offenburg<\/strong><\/p>\n","protected":false},"excerpt":{"rendered":"<p>FUSS e.V. Offenburg l\u00e4dt ein zur Diskussion \u00fcber gerechte Fl\u00e4chennutzung und lebenswerte St\u00e4dte! Am 10. Mai findet in Offenburg eine spannende Stadt-Raum-Debatte statt. Gemeinsam mit anderen Initiativen setzen wir uns mit der Frage auseinander: Wem [&hellip;]<\/p>\n","protected":false},"author":40,"featured_media":4671,"comment_status":"closed","ping_status":"closed","sticky":false,"template":"","format":"standard","meta":{"_acf_changed":false,"_relevanssi_hide_post":"","_relevanssi_hide_content":"","_relevanssi_pin_for_all":"","_relevanssi_pin_keywords":"","_relevanssi_unpin_keywords":"","_relevanssi_related_keywords":"","_relevanssi_related_include_ids":"","_relevanssi_related_exclude_ids":"","_relevanssi_related_no_append":"","_relevanssi_related_not_related":"","_relevanssi_related_posts":"","_relevanssi_noindex_reason":"","footnotes":""},"categories":[8,9],"tags":[],"class_list":["post-4670","post","type-post","status-publish","format-standard","has-post-thumbnail","hentry","category-aktuelles","category-projekte"],"acf":[],"yoast_head":"<!-- This site is optimized with the Yoast SEO plugin v27.4 - https:\/\/yoast.com\/product\/yoast-seo-wordpress\/ -->\n<title>Wem geh\u00f6rt die Stadt? Einladung zur Stadt-Raum-Debatte am 10. Mai - Offenburg - FUSS e.V.<\/title>\n<meta name=\"robots\" content=\"index, follow, max-snippet:-1, max-image-preview:large, max-video-preview:-1\" \/>\n<link rel=\"canonical\" href=\"https:\/\/www.fuss-ev.de\/offenburg\/2025\/03\/03\/wem-gehoert-die-stadt-einladung-zur-stadt-raum-debatte-am-10-mai\/\" \/>\n<meta property=\"og:locale\" content=\"de_DE\" \/>\n<meta property=\"og:type\" content=\"article\" \/>\n<meta property=\"og:title\" content=\"Wem geh\u00f6rt die Stadt? Einladung zur Stadt-Raum-Debatte am 10. Mai - Offenburg - FUSS e.V.\" \/>\n<meta property=\"og:description\" content=\"FUSS e.V. Offenburg l\u00e4dt ein zur Diskussion \u00fcber gerechte Fl\u00e4chennutzung und lebenswerte St\u00e4dte! Am 10. Mai findet in Offenburg eine spannende Stadt-Raum-Debatte statt. Gemeinsam mit anderen Initiativen setzen wir uns mit der Frage auseinander: Wem [&hellip;]\" \/>\n<meta property=\"og:url\" content=\"https:\/\/www.fuss-ev.de\/offenburg\/2025\/03\/03\/wem-gehoert-die-stadt-einladung-zur-stadt-raum-debatte-am-10-mai\/\" \/>\n<meta property=\"og:site_name\" content=\"Offenburg - FUSS e.V.\" \/>\n<meta property=\"article:published_time\" content=\"2025-03-03T07:14:54+00:00\" \/>\n<meta property=\"article:modified_time\" content=\"2025-03-03T07:42:53+00:00\" \/>\n<meta property=\"og:image\" content=\"https:\/\/www.fuss-ev.de\/offenburg\/wp-content\/uploads\/sites\/16\/2025\/03\/wem-gehoert-die-stadt-v2-1433x2048-1.jpg\" \/>\n\t<meta property=\"og:image:width\" content=\"1433\" \/>\n\t<meta property=\"og:image:height\" content=\"2048\" \/>\n\t<meta property=\"og:image:type\" content=\"image\/jpeg\" \/>\n<meta name=\"author\" content=\"ralphfroehlich\" \/>\n<meta name=\"twitter:card\" content=\"summary_large_image\" \/>\n<meta name=\"twitter:label1\" content=\"Verfasst von\" \/>\n\t<meta name=\"twitter:data1\" content=\"ralphfroehlich\" \/>\n\t<meta name=\"twitter:label2\" content=\"Gesch\u00e4tzte Lesezeit\" \/>\n\t<meta name=\"twitter:data2\" content=\"1\u00a0Minute\" \/>\n<script type=\"application\/ld+json\" class=\"yoast-schema-graph\">{\"@context\":\"https:\\\/\\\/schema.org\",\"@graph\":[{\"@type\":\"Article\",\"@id\":\"https:\\\/\\\/www.fuss-ev.de\\\/offenburg\\\/2025\\\/03\\\/03\\\/wem-gehoert-die-stadt-einladung-zur-stadt-raum-debatte-am-10-mai\\\/#article\",\"isPartOf\":{\"@id\":\"https:\\\/\\\/www.fuss-ev.de\\\/offenburg\\\/2025\\\/03\\\/03\\\/wem-gehoert-die-stadt-einladung-zur-stadt-raum-debatte-am-10-mai\\\/\"},\"author\":{\"name\":\"ralphfroehlich\",\"@id\":\"https:\\\/\\\/www.fuss-ev.de\\\/offenburg\\\/#\\\/schema\\\/person\\\/f952ec6cf11355981d4822a56c4f5af4\"},\"headline\":\"Wem geh\u00f6rt die Stadt? Einladung zur Stadt-Raum-Debatte am 10. Mai\",\"datePublished\":\"2025-03-03T07:14:54+00:00\",\"dateModified\":\"2025-03-03T07:42:53+00:00\",\"mainEntityOfPage\":{\"@id\":\"https:\\\/\\\/www.fuss-ev.de\\\/offenburg\\\/2025\\\/03\\\/03\\\/wem-gehoert-die-stadt-einladung-zur-stadt-raum-debatte-am-10-mai\\\/\"},\"wordCount\":165,\"publisher\":{\"@id\":\"https:\\\/\\\/www.fuss-ev.de\\\/offenburg\\\/#organization\"},\"image\":{\"@id\":\"https:\\\/\\\/www.fuss-ev.de\\\/offenburg\\\/2025\\\/03\\\/03\\\/wem-gehoert-die-stadt-einladung-zur-stadt-raum-debatte-am-10-mai\\\/#primaryimage\"},\"thumbnailUrl\":\"https:\\\/\\\/www.fuss-ev.de\\\/offenburg\\\/wp-content\\\/uploads\\\/sites\\\/16\\\/2025\\\/03\\\/wem-gehoert-die-stadt-v2-1433x2048-1.jpg\",\"articleSection\":[\"Aktuelles\",\"Projekte\"],\"inLanguage\":\"de\"},{\"@type\":\"WebPage\",\"@id\":\"https:\\\/\\\/www.fuss-ev.de\\\/offenburg\\\/2025\\\/03\\\/03\\\/wem-gehoert-die-stadt-einladung-zur-stadt-raum-debatte-am-10-mai\\\/\",\"url\":\"https:\\\/\\\/www.fuss-ev.de\\\/offenburg\\\/2025\\\/03\\\/03\\\/wem-gehoert-die-stadt-einladung-zur-stadt-raum-debatte-am-10-mai\\\/\",\"name\":\"Wem geh\u00f6rt die Stadt? Einladung zur Stadt-Raum-Debatte am 10. Mai - Offenburg - FUSS e.V.\",\"isPartOf\":{\"@id\":\"https:\\\/\\\/www.fuss-ev.de\\\/offenburg\\\/#website\"},\"primaryImageOfPage\":{\"@id\":\"https:\\\/\\\/www.fuss-ev.de\\\/offenburg\\\/2025\\\/03\\\/03\\\/wem-gehoert-die-stadt-einladung-zur-stadt-raum-debatte-am-10-mai\\\/#primaryimage\"},\"image\":{\"@id\":\"https:\\\/\\\/www.fuss-ev.de\\\/offenburg\\\/2025\\\/03\\\/03\\\/wem-gehoert-die-stadt-einladung-zur-stadt-raum-debatte-am-10-mai\\\/#primaryimage\"},\"thumbnailUrl\":\"https:\\\/\\\/www.fuss-ev.de\\\/offenburg\\\/wp-content\\\/uploads\\\/sites\\\/16\\\/2025\\\/03\\\/wem-gehoert-die-stadt-v2-1433x2048-1.jpg\",\"datePublished\":\"2025-03-03T07:14:54+00:00\",\"dateModified\":\"2025-03-03T07:42:53+00:00\",\"breadcrumb\":{\"@id\":\"https:\\\/\\\/www.fuss-ev.de\\\/offenburg\\\/2025\\\/03\\\/03\\\/wem-gehoert-die-stadt-einladung-zur-stadt-raum-debatte-am-10-mai\\\/#breadcrumb\"},\"inLanguage\":\"de\",\"potentialAction\":[{\"@type\":\"ReadAction\",\"target\":[\"https:\\\/\\\/www.fuss-ev.de\\\/offenburg\\\/2025\\\/03\\\/03\\\/wem-gehoert-die-stadt-einladung-zur-stadt-raum-debatte-am-10-mai\\\/\"]}]},{\"@type\":\"ImageObject\",\"inLanguage\":\"de\",\"@id\":\"https:\\\/\\\/www.fuss-ev.de\\\/offenburg\\\/2025\\\/03\\\/03\\\/wem-gehoert-die-stadt-einladung-zur-stadt-raum-debatte-am-10-mai\\\/#primaryimage\",\"url\":\"https:\\\/\\\/www.fuss-ev.de\\\/offenburg\\\/wp-content\\\/uploads\\\/sites\\\/16\\\/2025\\\/03\\\/wem-gehoert-die-stadt-v2-1433x2048-1.jpg\",\"contentUrl\":\"https:\\\/\\\/www.fuss-ev.de\\\/offenburg\\\/wp-content\\\/uploads\\\/sites\\\/16\\\/2025\\\/03\\\/wem-gehoert-die-stadt-v2-1433x2048-1.jpg\",\"width\":1433,\"height\":2048},{\"@type\":\"BreadcrumbList\",\"@id\":\"https:\\\/\\\/www.fuss-ev.de\\\/offenburg\\\/2025\\\/03\\\/03\\\/wem-gehoert-die-stadt-einladung-zur-stadt-raum-debatte-am-10-mai\\\/#breadcrumb\",\"itemListElement\":[{\"@type\":\"ListItem\",\"position\":1,\"name\":\"Startseite\",\"item\":\"https:\\\/\\\/www.fuss-ev.de\\\/offenburg\\\/\"},{\"@type\":\"ListItem\",\"position\":2,\"name\":\"Wem geh\u00f6rt die Stadt? Einladung zur Stadt-Raum-Debatte am 10. Mai\"}]},{\"@type\":\"WebSite\",\"@id\":\"https:\\\/\\\/www.fuss-ev.de\\\/offenburg\\\/#website\",\"url\":\"https:\\\/\\\/www.fuss-ev.de\\\/offenburg\\\/\",\"name\":\"Offenburg - FUSS e.V.\",\"description\":\"\",\"publisher\":{\"@id\":\"https:\\\/\\\/www.fuss-ev.de\\\/offenburg\\\/#organization\"},\"potentialAction\":[{\"@type\":\"SearchAction\",\"target\":{\"@type\":\"EntryPoint\",\"urlTemplate\":\"https:\\\/\\\/www.fuss-ev.de\\\/offenburg\\\/?s={search_term_string}\"},\"query-input\":{\"@type\":\"PropertyValueSpecification\",\"valueRequired\":true,\"valueName\":\"search_term_string\"}}],\"inLanguage\":\"de\"},{\"@type\":\"Organization\",\"@id\":\"https:\\\/\\\/www.fuss-ev.de\\\/offenburg\\\/#organization\",\"name\":\"Offenburg - FUSS e.V.\",\"url\":\"https:\\\/\\\/www.fuss-ev.de\\\/offenburg\\\/\",\"logo\":{\"@type\":\"ImageObject\",\"inLanguage\":\"de\",\"@id\":\"https:\\\/\\\/www.fuss-ev.de\\\/offenburg\\\/#\\\/schema\\\/logo\\\/image\\\/\",\"url\":\"https:\\\/\\\/www.fuss-ev.de\\\/offenburg\\\/wp-content\\\/uploads\\\/sites\\\/16\\\/2025\\\/01\\\/FUSS_Logo.jpg\",\"contentUrl\":\"https:\\\/\\\/www.fuss-ev.de\\\/offenburg\\\/wp-content\\\/uploads\\\/sites\\\/16\\\/2025\\\/01\\\/FUSS_Logo.jpg\",\"width\":2082,\"height\":979,\"caption\":\"Offenburg - FUSS e.V.\"},\"image\":{\"@id\":\"https:\\\/\\\/www.fuss-ev.de\\\/offenburg\\\/#\\\/schema\\\/logo\\\/image\\\/\"}},{\"@type\":\"Person\",\"@id\":\"https:\\\/\\\/www.fuss-ev.de\\\/offenburg\\\/#\\\/schema\\\/person\\\/f952ec6cf11355981d4822a56c4f5af4\",\"name\":\"ralphfroehlich\",\"image\":{\"@type\":\"ImageObject\",\"inLanguage\":\"de\",\"@id\":\"https:\\\/\\\/secure.gravatar.com\\\/avatar\\\/20b585e96c820dc21d6036f2b07bd6053fc1eb5afd09d9021daf71b9414be083?s=96&d=mm&r=g\",\"url\":\"https:\\\/\\\/secure.gravatar.com\\\/avatar\\\/20b585e96c820dc21d6036f2b07bd6053fc1eb5afd09d9021daf71b9414be083?s=96&d=mm&r=g\",\"contentUrl\":\"https:\\\/\\\/secure.gravatar.com\\\/avatar\\\/20b585e96c820dc21d6036f2b07bd6053fc1eb5afd09d9021daf71b9414be083?s=96&d=mm&r=g\",\"caption\":\"ralphfroehlich\"},\"url\":\"https:\\\/\\\/www.fuss-ev.de\\\/offenburg\\\/author\\\/ralphfroehlich\\\/\"}]}<\/script>\n<!-- \/ Yoast SEO plugin. -->","yoast_head_json":{"title":"Wem geh\u00f6rt die Stadt? Einladung zur Stadt-Raum-Debatte am 10. Mai - Offenburg - FUSS e.V.","robots":{"index":"index","follow":"follow","max-snippet":"max-snippet:-1","max-image-preview":"max-image-preview:large","max-video-preview":"max-video-preview:-1"},"canonical":"https:\/\/www.fuss-ev.de\/offenburg\/2025\/03\/03\/wem-gehoert-die-stadt-einladung-zur-stadt-raum-debatte-am-10-mai\/","og_locale":"de_DE","og_type":"article","og_title":"Wem geh\u00f6rt die Stadt? Einladung zur Stadt-Raum-Debatte am 10. Mai - Offenburg - FUSS e.V.","og_description":"FUSS e.V. Offenburg l\u00e4dt ein zur Diskussion \u00fcber gerechte Fl\u00e4chennutzung und lebenswerte St\u00e4dte! Am 10. Mai findet in Offenburg eine spannende Stadt-Raum-Debatte statt. Gemeinsam mit anderen Initiativen setzen wir uns mit der Frage auseinander: Wem [&hellip;]","og_url":"https:\/\/www.fuss-ev.de\/offenburg\/2025\/03\/03\/wem-gehoert-die-stadt-einladung-zur-stadt-raum-debatte-am-10-mai\/","og_site_name":"Offenburg - FUSS e.V.","article_published_time":"2025-03-03T07:14:54+00:00","article_modified_time":"2025-03-03T07:42:53+00:00","og_image":[{"width":1433,"height":2048,"url":"https:\/\/www.fuss-ev.de\/offenburg\/wp-content\/uploads\/sites\/16\/2025\/03\/wem-gehoert-die-stadt-v2-1433x2048-1.jpg","type":"image\/jpeg"}],"author":"ralphfroehlich","twitter_card":"summary_large_image","twitter_misc":{"Verfasst von":"ralphfroehlich","Gesch\u00e4tzte Lesezeit":"1\u00a0Minute"},"schema":{"@context":"https:\/\/schema.org","@graph":[{"@type":"Article","@id":"https:\/\/www.fuss-ev.de\/offenburg\/2025\/03\/03\/wem-gehoert-die-stadt-einladung-zur-stadt-raum-debatte-am-10-mai\/#article","isPartOf":{"@id":"https:\/\/www.fuss-ev.de\/offenburg\/2025\/03\/03\/wem-gehoert-die-stadt-einladung-zur-stadt-raum-debatte-am-10-mai\/"},"author":{"name":"ralphfroehlich","@id":"https:\/\/www.fuss-ev.de\/offenburg\/#\/schema\/person\/f952ec6cf11355981d4822a56c4f5af4"},"headline":"Wem geh\u00f6rt die Stadt? Einladung zur Stadt-Raum-Debatte am 10. Mai","datePublished":"2025-03-03T07:14:54+00:00","dateModified":"2025-03-03T07:42:53+00:00","mainEntityOfPage":{"@id":"https:\/\/www.fuss-ev.de\/offenburg\/2025\/03\/03\/wem-gehoert-die-stadt-einladung-zur-stadt-raum-debatte-am-10-mai\/"},"wordCount":165,"publisher":{"@id":"https:\/\/www.fuss-ev.de\/offenburg\/#organization"},"image":{"@id":"https:\/\/www.fuss-ev.de\/offenburg\/2025\/03\/03\/wem-gehoert-die-stadt-einladung-zur-stadt-raum-debatte-am-10-mai\/#primaryimage"},"thumbnailUrl":"https:\/\/www.fuss-ev.de\/offenburg\/wp-content\/uploads\/sites\/16\/2025\/03\/wem-gehoert-die-stadt-v2-1433x2048-1.jpg","articleSection":["Aktuelles","Projekte"],"inLanguage":"de"},{"@type":"WebPage","@id":"https:\/\/www.fuss-ev.de\/offenburg\/2025\/03\/03\/wem-gehoert-die-stadt-einladung-zur-stadt-raum-debatte-am-10-mai\/","url":"https:\/\/www.fuss-ev.de\/offenburg\/2025\/03\/03\/wem-gehoert-die-stadt-einladung-zur-stadt-raum-debatte-am-10-mai\/","name":"Wem geh\u00f6rt die Stadt? Einladung zur Stadt-Raum-Debatte am 10. Mai - Offenburg - FUSS e.V.","isPartOf":{"@id":"https:\/\/www.fuss-ev.de\/offenburg\/#website"},"primaryImageOfPage":{"@id":"https:\/\/www.fuss-ev.de\/offenburg\/2025\/03\/03\/wem-gehoert-die-stadt-einladung-zur-stadt-raum-debatte-am-10-mai\/#primaryimage"},"image":{"@id":"https:\/\/www.fuss-ev.de\/offenburg\/2025\/03\/03\/wem-gehoert-die-stadt-einladung-zur-stadt-raum-debatte-am-10-mai\/#primaryimage"},"thumbnailUrl":"https:\/\/www.fuss-ev.de\/offenburg\/wp-content\/uploads\/sites\/16\/2025\/03\/wem-gehoert-die-stadt-v2-1433x2048-1.jpg","datePublished":"2025-03-03T07:14:54+00:00","dateModified":"2025-03-03T07:42:53+00:00","breadcrumb":{"@id":"https:\/\/www.fuss-ev.de\/offenburg\/2025\/03\/03\/wem-gehoert-die-stadt-einladung-zur-stadt-raum-debatte-am-10-mai\/#breadcrumb"},"inLanguage":"de","potentialAction":[{"@type":"ReadAction","target":["https:\/\/www.fuss-ev.de\/offenburg\/2025\/03\/03\/wem-gehoert-die-stadt-einladung-zur-stadt-raum-debatte-am-10-mai\/"]}]},{"@type":"ImageObject","inLanguage":"de","@id":"https:\/\/www.fuss-ev.de\/offenburg\/2025\/03\/03\/wem-gehoert-die-stadt-einladung-zur-stadt-raum-debatte-am-10-mai\/#primaryimage","url":"https:\/\/www.fuss-ev.de\/offenburg\/wp-content\/uploads\/sites\/16\/2025\/03\/wem-gehoert-die-stadt-v2-1433x2048-1.jpg","contentUrl":"https:\/\/www.fuss-ev.de\/offenburg\/wp-content\/uploads\/sites\/16\/2025\/03\/wem-gehoert-die-stadt-v2-1433x2048-1.jpg","width":1433,"height":2048},{"@type":"BreadcrumbList","@id":"https:\/\/www.fuss-ev.de\/offenburg\/2025\/03\/03\/wem-gehoert-die-stadt-einladung-zur-stadt-raum-debatte-am-10-mai\/#breadcrumb","itemListElement":[{"@type":"ListItem","position":1,"name":"Startseite","item":"https:\/\/www.fuss-ev.de\/offenburg\/"},{"@type":"ListItem","position":2,"name":"Wem geh\u00f6rt die Stadt? Einladung zur Stadt-Raum-Debatte am 10. Mai"}]},{"@type":"WebSite","@id":"https:\/\/www.fuss-ev.de\/offenburg\/#website","url":"https:\/\/www.fuss-ev.de\/offenburg\/","name":"Offenburg - FUSS e.V.","description":"","publisher":{"@id":"https:\/\/www.fuss-ev.de\/offenburg\/#organization"},"potentialAction":[{"@type":"SearchAction","target":{"@type":"EntryPoint","urlTemplate":"https:\/\/www.fuss-ev.de\/offenburg\/?s={search_term_string}"},"query-input":{"@type":"PropertyValueSpecification","valueRequired":true,"valueName":"search_term_string"}}],"inLanguage":"de"},{"@type":"Organization","@id":"https:\/\/www.fuss-ev.de\/offenburg\/#organization","name":"Offenburg - FUSS e.V.","url":"https:\/\/www.fuss-ev.de\/offenburg\/","logo":{"@type":"ImageObject","inLanguage":"de","@id":"https:\/\/www.fuss-ev.de\/offenburg\/#\/schema\/logo\/image\/","url":"https:\/\/www.fuss-ev.de\/offenburg\/wp-content\/uploads\/sites\/16\/2025\/01\/FUSS_Logo.jpg","contentUrl":"https:\/\/www.fuss-ev.de\/offenburg\/wp-content\/uploads\/sites\/16\/2025\/01\/FUSS_Logo.jpg","width":2082,"height":979,"caption":"Offenburg - FUSS e.V."},"image":{"@id":"https:\/\/www.fuss-ev.de\/offenburg\/#\/schema\/logo\/image\/"}},{"@type":"Person","@id":"https:\/\/www.fuss-ev.de\/offenburg\/#\/schema\/person\/f952ec6cf11355981d4822a56c4f5af4","name":"ralphfroehlich","image":{"@type":"ImageObject","inLanguage":"de","@id":"https:\/\/secure.gravatar.com\/avatar\/20b585e96c820dc21d6036f2b07bd6053fc1eb5afd09d9021daf71b9414be083?s=96&d=mm&r=g","url":"https:\/\/secure.gravatar.com\/avatar\/20b585e96c820dc21d6036f2b07bd6053fc1eb5afd09d9021daf71b9414be083?s=96&d=mm&r=g","contentUrl":"https:\/\/secure.gravatar.com\/avatar\/20b585e96c820dc21d6036f2b07bd6053fc1eb5afd09d9021daf71b9414be083?s=96&d=mm&r=g","caption":"ralphfroehlich"},"url":"https:\/\/www.fuss-ev.de\/offenburg\/author\/ralphfroehlich\/"}]}},"publishpress_future_action":{"enabled":false,"date":"2026-05-08 01:34:51","action":"change-status","newStatus":"draft","terms":[],"taxonomy":"category","extraData":[]},"publishpress_future_workflow_manual_trigger":{"enabledWorkflows":[]},"_links":{"self":[{"href":"https:\/\/www.fuss-ev.de\/offenburg\/wp-json\/wp\/v2\/posts\/4670","targetHints":{"allow":["GET"]}}],"collection":[{"href":"https:\/\/www.fuss-ev.de\/offenburg\/wp-json\/wp\/v2\/posts"}],"about":[{"href":"https:\/\/www.fuss-ev.de\/offenburg\/wp-json\/wp\/v2\/types\/post"}],"author":[{"embeddable":true,"href":"https:\/\/www.fuss-ev.de\/offenburg\/wp-json\/wp\/v2\/users\/40"}],"replies":[{"embeddable":true,"href":"https:\/\/www.fuss-ev.de\/offenburg\/wp-json\/wp\/v2\/comments?post=4670"}],"version-history":[{"count":4,"href":"https:\/\/www.fuss-ev.de\/offenburg\/wp-json\/wp\/v2\/posts\/4670\/revisions"}],"predecessor-version":[{"id":4681,"href":"https:\/\/www.fuss-ev.de\/offenburg\/wp-json\/wp\/v2\/posts\/4670\/revisions\/4681"}],"wp:featuredmedia":[{"embeddable":true,"href":"https:\/\/www.fuss-ev.de\/offenburg\/wp-json\/wp\/v2\/media\/4671"}],"wp:attachment":[{"href":"https:\/\/www.fuss-ev.de\/offenburg\/wp-json\/wp\/v2\/media?parent=4670"}],"wp:term":[{"taxonomy":"category","embeddable":true,"href":"https:\/\/www.fuss-ev.de\/offenburg\/wp-json\/wp\/v2\/categories?post=4670"},{"taxonomy":"post_tag","embeddable":true,"href":"https:\/\/www.fuss-ev.de\/offenburg\/wp-json\/wp\/v2\/tags?post=4670"}],"curies":[{"name":"wp","href":"https:\/\/api.w.org\/{rel}","templated":true}]}}