{"id":5032,"date":"2026-04-09T17:38:34","date_gmt":"2026-04-09T15:38:34","guid":{"rendered":"https:\/\/www.fuss-ev.de\/koeln\/?p=5032"},"modified":"2026-04-19T17:31:33","modified_gmt":"2026-04-19T15:31:33","slug":"janes-walk-in-koeln-am-2-und-3-mai-2026","status":"publish","type":"post","link":"https:\/\/www.fuss-ev.de\/koeln\/janes-walk-in-koeln-am-2-und-3-mai-2026\/","title":{"rendered":"Jane\u2018s Walk in K\u00f6ln am 2. und 3. Mai 2026"},"content":{"rendered":"<div class=\"wpb-content-wrapper\"><p>[vc_row][vc_column][vc_column_text css=&#8221;&#8221;]FUSS e.V., VCD und RADKOMM laden in K\u00f6ln bereits zum 3. Mal zum &#8220;Jane\u2018s Walk&#8221; ein. <!--more--><\/p>\n<p><img loading=\"lazy\" decoding=\"async\" class=\"wp-image-5037 size-medium alignnone\" src=\"https:\/\/www.fuss-ev.de\/koeln\/wp-content\/uploads\/sites\/28\/2026\/04\/janeswalk_koeln-300x187.png\" alt=\"Grafik zum Jane's Walk K\u00f6ln\" width=\"300\" height=\"187\" srcset=\"https:\/\/www.fuss-ev.de\/koeln\/wp-content\/uploads\/sites\/28\/2026\/04\/janeswalk_koeln-300x187.png 300w, https:\/\/www.fuss-ev.de\/koeln\/wp-content\/uploads\/sites\/28\/2026\/04\/janeswalk_koeln.png 761w\" sizes=\"auto, (max-width: 300px) 100vw, 300px\" \/><\/p>\n<p>Jedes Jahr am ersten Mai-Wochenende treffen sich Menschen auf der ganzen Welt zum &#8220;Jane\u2018s Walk&#8221;, spazieren gemeinsam durch ein Stadtviertel und teilen ihre Beobachtungen.<\/p>\n<p>2026 gibt es in K\u00f6ln zum ersten Mal zwei Termine:<\/p>\n<p>&#8211; <a href=\"https:\/\/www.fuss-ev.de\/koeln\/janes-walk-in-koeln-kalk-am-2-mai-2026\/\" target=\"_blank\" rel=\"noopener\"><strong>in Kalk<\/strong><\/a> am <strong>2. Mai um 14 Uhr<\/strong>: <strong>Treffpunkt Kalker Post<\/strong>, Platz vor der Post an der Kalker Hauptstra\u00dfe an der gleichnamigen U-Bahn Haltestelle; Dauer ca. 2 Stunden;<\/p>\n<p>&#8211; <a href=\"https:\/\/www.fuss-ev.de\/koeln\/janes-walk-in-der-koelner-innenstadt-am-3-mai-2026\/\" target=\"_blank\" rel=\"noopener\"><strong>in<\/strong><strong> der Innenstadt<\/strong><\/a> am <strong>3. Mai um 13 Uhr<\/strong>, <strong>Treffpunkt Christuskirche, <\/strong>Platz zwischen Christuskirche und Stadtgarten; Dauer ca. 90 Minuten.<\/p>\n<p>Bei <a href=\"https:\/\/radkomm.de\/\" target=\"_blank\" rel=\"noopener\"><strong>Radkomm<\/strong><\/a> gibt es Impressionen und einen <a href=\"https:\/\/radkomm.de\/rueckblick-janes-walk-koeln-2025-barrierefreiheit-gemeinsam-erkundet\/\" target=\"_blank\" rel=\"noopener\"><strong>Beitrag zur Veranstaltung<\/strong><\/a> vom vergangenen Jahr, die als Motto &#8220;Stadt f\u00fcr alle \u2013 barrierefrei und inklusiv&#8221; hatte.<\/p>\n<h2>\u00dcber Jane Jacobs, die mit &#8220;Jane\u2018s Walk&#8221; gefeiert wird<\/h2>\n<p>Jane Jacobs (1916-2006) war eine Stadt- und Architekturkritikerin, die sich auch praktisch f\u00fcr eine <strong>behutsame<\/strong> Stadterneuerung einsetzte. Sie k\u00e4mpfte gegen die Idee der <strong>&#8220;autogerechten Stadt&#8221;<\/strong>, deren Entwicklung in vielen L\u00e4ndern Fl\u00e4chensanierungen und die Zerst\u00f6rung von Stadtvierteln zur Folge hatte. In ihrem Wohnort New York und sp\u00e4ter in Toronto fand sie viele Mitstreiter*innen. Ihr Buch &#8220;Tod und Leben gro\u00dfer amerikanischer St\u00e4dte&#8221; machte sie auf der ganzen Welt bekannt, nicht nur bei Architekt*innen und Planer*innen.<\/p>\n<p>Zur Erinnerung an sie und zum Fortleben ihrer Ideen finden die &#8220;Jane\u2018s Walks&#8221; statt. Ihre Maxime lautete: <strong>&#8220;You have to go out and walk&#8221;<\/strong>, &#8220;Du musst aus dem Haus und spazieren gehen&#8221;, weil man im Gehen die Stadt und die Menschen am besten wahrnimmt. Die Veranstalter in K\u00f6ln, FUSS e.V., der VCD und RADKOMM, f\u00fchlen sich den Gedanken Jane Jacobs verbunden.<\/p>\n<p>Wir laden dazu ein, in diesem Jahr mit uns am Samstag durch Kalk und am Sonntag durch einen Teil der Innenstadt zu gehen. <strong>Die Teilnahme ist kostenlos<\/strong>.[\/vc_column_text][\/vc_column][\/vc_row]<\/p>\n<\/div>","protected":false},"excerpt":{"rendered":"<p>[vc_row][vc_column][vc_column_text css=&#8221;&#8221;]FUSS e.V., VCD und RADKOMM laden in K\u00f6ln bereits zum 3. Mal zum &#8220;Jane\u2018s Walk&#8221; ein.<\/p>\n","protected":false},"author":53,"featured_media":5044,"comment_status":"open","ping_status":"closed","sticky":false,"template":"","format":"standard","meta":{"_acf_changed":false,"_relevanssi_hide_post":"","_relevanssi_hide_content":"","_relevanssi_pin_for_all":"","_relevanssi_pin_keywords":"","_relevanssi_unpin_keywords":"","_relevanssi_related_keywords":"","_relevanssi_related_include_ids":"","_relevanssi_related_exclude_ids":"","_relevanssi_related_no_append":"","_relevanssi_related_not_related":"","_relevanssi_related_posts":"","_relevanssi_noindex_reason":"","footnotes":""},"categories":[8,12],"tags":[],"class_list":["post-5032","post","type-post","status-publish","format-standard","has-post-thumbnail","hentry","category-aktuelles","category-termine"],"acf":[],"yoast_head":"<!-- This site is optimized with the Yoast SEO plugin v27.4 - https:\/\/yoast.com\/product\/yoast-seo-wordpress\/ -->\n<title>Jane\u2018s Walk in K\u00f6ln am 2. und 3. Mai 2026 - FUSS e.V. K\u00f6ln<\/title>\n<meta name=\"robots\" content=\"index, follow, max-snippet:-1, max-image-preview:large, max-video-preview:-1\" \/>\n<link rel=\"canonical\" href=\"https:\/\/www.fuss-ev.de\/koeln\/janes-walk-in-koeln-am-2-und-3-mai-2026\/\" \/>\n<meta property=\"og:locale\" content=\"de_DE\" \/>\n<meta property=\"og:type\" content=\"article\" \/>\n<meta property=\"og:title\" content=\"Jane\u2018s Walk in K\u00f6ln am 2. und 3. Mai 2026 - FUSS e.V. K\u00f6ln\" \/>\n<meta property=\"og:description\" content=\"[vc_row][vc_column][vc_column_text css=&#8221;&#8221;]FUSS e.V., VCD und RADKOMM laden in K\u00f6ln bereits zum 3. Mal zum &#8220;Jane\u2018s Walk&#8221; ein.\" \/>\n<meta property=\"og:url\" content=\"https:\/\/www.fuss-ev.de\/koeln\/janes-walk-in-koeln-am-2-und-3-mai-2026\/\" \/>\n<meta property=\"og:site_name\" content=\"FUSS e.V. K\u00f6ln\" \/>\n<meta property=\"article:published_time\" content=\"2026-04-09T15:38:34+00:00\" \/>\n<meta property=\"article:modified_time\" content=\"2026-04-19T15:31:33+00:00\" \/>\n<meta property=\"og:image\" content=\"https:\/\/www.fuss-ev.de\/koeln\/wp-content\/uploads\/sites\/28\/2026\/04\/janeswalk_koeln_2026d.jpg\" \/>\n\t<meta property=\"og:image:width\" content=\"1024\" \/>\n\t<meta property=\"og:image:height\" content=\"1280\" \/>\n\t<meta property=\"og:image:type\" content=\"image\/jpeg\" \/>\n<meta name=\"author\" content=\"michaelgerloff\" \/>\n<meta name=\"twitter:card\" content=\"summary_large_image\" \/>\n<meta name=\"twitter:label1\" content=\"Verfasst von\" \/>\n\t<meta name=\"twitter:data1\" content=\"michaelgerloff\" \/>\n\t<meta name=\"twitter:label2\" content=\"Gesch\u00e4tzte Lesezeit\" \/>\n\t<meta name=\"twitter:data2\" content=\"2\u00a0Minuten\" \/>\n<script type=\"application\/ld+json\" class=\"yoast-schema-graph\">{\"@context\":\"https:\\\/\\\/schema.org\",\"@graph\":[{\"@type\":\"Article\",\"@id\":\"https:\\\/\\\/www.fuss-ev.de\\\/koeln\\\/janes-walk-in-koeln-am-2-und-3-mai-2026\\\/#article\",\"isPartOf\":{\"@id\":\"https:\\\/\\\/www.fuss-ev.de\\\/koeln\\\/janes-walk-in-koeln-am-2-und-3-mai-2026\\\/\"},\"author\":{\"name\":\"michaelgerloff\",\"@id\":\"https:\\\/\\\/www.fuss-ev.de\\\/koeln\\\/#\\\/schema\\\/person\\\/0b04c1251a96d6579fc4185df0506d61\"},\"headline\":\"Jane\u2018s Walk in K\u00f6ln am 2. und 3. Mai 2026\",\"datePublished\":\"2026-04-09T15:38:34+00:00\",\"dateModified\":\"2026-04-19T15:31:33+00:00\",\"mainEntityOfPage\":{\"@id\":\"https:\\\/\\\/www.fuss-ev.de\\\/koeln\\\/janes-walk-in-koeln-am-2-und-3-mai-2026\\\/\"},\"wordCount\":332,\"commentCount\":0,\"publisher\":{\"@id\":\"https:\\\/\\\/www.fuss-ev.de\\\/koeln\\\/#organization\"},\"image\":{\"@id\":\"https:\\\/\\\/www.fuss-ev.de\\\/koeln\\\/janes-walk-in-koeln-am-2-und-3-mai-2026\\\/#primaryimage\"},\"thumbnailUrl\":\"https:\\\/\\\/www.fuss-ev.de\\\/koeln\\\/wp-content\\\/uploads\\\/sites\\\/28\\\/2026\\\/04\\\/janeswalk_koeln_2026d.jpg\",\"articleSection\":[\"Aktuelles\",\"Termine\"],\"inLanguage\":\"de\",\"potentialAction\":[{\"@type\":\"CommentAction\",\"name\":\"Comment\",\"target\":[\"https:\\\/\\\/www.fuss-ev.de\\\/koeln\\\/janes-walk-in-koeln-am-2-und-3-mai-2026\\\/#respond\"]}]},{\"@type\":\"WebPage\",\"@id\":\"https:\\\/\\\/www.fuss-ev.de\\\/koeln\\\/janes-walk-in-koeln-am-2-und-3-mai-2026\\\/\",\"url\":\"https:\\\/\\\/www.fuss-ev.de\\\/koeln\\\/janes-walk-in-koeln-am-2-und-3-mai-2026\\\/\",\"name\":\"Jane\u2018s Walk in K\u00f6ln am 2. und 3. Mai 2026 - FUSS e.V. K\u00f6ln\",\"isPartOf\":{\"@id\":\"https:\\\/\\\/www.fuss-ev.de\\\/koeln\\\/#website\"},\"primaryImageOfPage\":{\"@id\":\"https:\\\/\\\/www.fuss-ev.de\\\/koeln\\\/janes-walk-in-koeln-am-2-und-3-mai-2026\\\/#primaryimage\"},\"image\":{\"@id\":\"https:\\\/\\\/www.fuss-ev.de\\\/koeln\\\/janes-walk-in-koeln-am-2-und-3-mai-2026\\\/#primaryimage\"},\"thumbnailUrl\":\"https:\\\/\\\/www.fuss-ev.de\\\/koeln\\\/wp-content\\\/uploads\\\/sites\\\/28\\\/2026\\\/04\\\/janeswalk_koeln_2026d.jpg\",\"datePublished\":\"2026-04-09T15:38:34+00:00\",\"dateModified\":\"2026-04-19T15:31:33+00:00\",\"breadcrumb\":{\"@id\":\"https:\\\/\\\/www.fuss-ev.de\\\/koeln\\\/janes-walk-in-koeln-am-2-und-3-mai-2026\\\/#breadcrumb\"},\"inLanguage\":\"de\",\"potentialAction\":[{\"@type\":\"ReadAction\",\"target\":[\"https:\\\/\\\/www.fuss-ev.de\\\/koeln\\\/janes-walk-in-koeln-am-2-und-3-mai-2026\\\/\"]}]},{\"@type\":\"ImageObject\",\"inLanguage\":\"de\",\"@id\":\"https:\\\/\\\/www.fuss-ev.de\\\/koeln\\\/janes-walk-in-koeln-am-2-und-3-mai-2026\\\/#primaryimage\",\"url\":\"https:\\\/\\\/www.fuss-ev.de\\\/koeln\\\/wp-content\\\/uploads\\\/sites\\\/28\\\/2026\\\/04\\\/janeswalk_koeln_2026d.jpg\",\"contentUrl\":\"https:\\\/\\\/www.fuss-ev.de\\\/koeln\\\/wp-content\\\/uploads\\\/sites\\\/28\\\/2026\\\/04\\\/janeswalk_koeln_2026d.jpg\",\"width\":1024,\"height\":1280,\"caption\":\"Plakat zum K\u00f6lner Janes Walk 2026\"},{\"@type\":\"BreadcrumbList\",\"@id\":\"https:\\\/\\\/www.fuss-ev.de\\\/koeln\\\/janes-walk-in-koeln-am-2-und-3-mai-2026\\\/#breadcrumb\",\"itemListElement\":[{\"@type\":\"ListItem\",\"position\":1,\"name\":\"Startseite\",\"item\":\"https:\\\/\\\/www.fuss-ev.de\\\/koeln\\\/\"},{\"@type\":\"ListItem\",\"position\":2,\"name\":\"Jane\u2018s Walk in K\u00f6ln am 2. und 3. Mai 2026\"}]},{\"@type\":\"WebSite\",\"@id\":\"https:\\\/\\\/www.fuss-ev.de\\\/koeln\\\/#website\",\"url\":\"https:\\\/\\\/www.fuss-ev.de\\\/koeln\\\/\",\"name\":\"FUSS e.V. K\u00f6ln\",\"description\":\"Zu Fu\u00df durch K\u00f6ln \u2013 sicher und bequem!\",\"publisher\":{\"@id\":\"https:\\\/\\\/www.fuss-ev.de\\\/koeln\\\/#organization\"},\"potentialAction\":[{\"@type\":\"SearchAction\",\"target\":{\"@type\":\"EntryPoint\",\"urlTemplate\":\"https:\\\/\\\/www.fuss-ev.de\\\/koeln\\\/?s={search_term_string}\"},\"query-input\":{\"@type\":\"PropertyValueSpecification\",\"valueRequired\":true,\"valueName\":\"search_term_string\"}}],\"inLanguage\":\"de\"},{\"@type\":\"Organization\",\"@id\":\"https:\\\/\\\/www.fuss-ev.de\\\/koeln\\\/#organization\",\"name\":\"FUSS e.V. K\u00f6ln\",\"url\":\"https:\\\/\\\/www.fuss-ev.de\\\/koeln\\\/\",\"logo\":{\"@type\":\"ImageObject\",\"inLanguage\":\"de\",\"@id\":\"https:\\\/\\\/www.fuss-ev.de\\\/koeln\\\/#\\\/schema\\\/logo\\\/image\\\/\",\"url\":\"https:\\\/\\\/www.fuss-ev.de\\\/koeln\\\/wp-content\\\/uploads\\\/sites\\\/28\\\/2025\\\/01\\\/FUSS_Logo.jpg\",\"contentUrl\":\"https:\\\/\\\/www.fuss-ev.de\\\/koeln\\\/wp-content\\\/uploads\\\/sites\\\/28\\\/2025\\\/01\\\/FUSS_Logo.jpg\",\"width\":2082,\"height\":979,\"caption\":\"FUSS e.V. K\u00f6ln\"},\"image\":{\"@id\":\"https:\\\/\\\/www.fuss-ev.de\\\/koeln\\\/#\\\/schema\\\/logo\\\/image\\\/\"}},{\"@type\":\"Person\",\"@id\":\"https:\\\/\\\/www.fuss-ev.de\\\/koeln\\\/#\\\/schema\\\/person\\\/0b04c1251a96d6579fc4185df0506d61\",\"name\":\"michaelgerloff\",\"image\":{\"@type\":\"ImageObject\",\"inLanguage\":\"de\",\"@id\":\"https:\\\/\\\/secure.gravatar.com\\\/avatar\\\/133ed8d3167000e42e292cda00717660c6b797418b0c1cc1a67f5082247522e0?s=96&d=mm&r=g\",\"url\":\"https:\\\/\\\/secure.gravatar.com\\\/avatar\\\/133ed8d3167000e42e292cda00717660c6b797418b0c1cc1a67f5082247522e0?s=96&d=mm&r=g\",\"contentUrl\":\"https:\\\/\\\/secure.gravatar.com\\\/avatar\\\/133ed8d3167000e42e292cda00717660c6b797418b0c1cc1a67f5082247522e0?s=96&d=mm&r=g\",\"caption\":\"michaelgerloff\"},\"url\":\"https:\\\/\\\/www.fuss-ev.de\\\/koeln\\\/author\\\/michaelgerloff\\\/\"}]}<\/script>\n<!-- \/ Yoast SEO plugin. -->","yoast_head_json":{"title":"Jane\u2018s Walk in K\u00f6ln am 2. und 3. Mai 2026 - FUSS e.V. K\u00f6ln","robots":{"index":"index","follow":"follow","max-snippet":"max-snippet:-1","max-image-preview":"max-image-preview:large","max-video-preview":"max-video-preview:-1"},"canonical":"https:\/\/www.fuss-ev.de\/koeln\/janes-walk-in-koeln-am-2-und-3-mai-2026\/","og_locale":"de_DE","og_type":"article","og_title":"Jane\u2018s Walk in K\u00f6ln am 2. und 3. Mai 2026 - FUSS e.V. K\u00f6ln","og_description":"[vc_row][vc_column][vc_column_text css=&#8221;&#8221;]FUSS e.V., VCD und RADKOMM laden in K\u00f6ln bereits zum 3. Mal zum &#8220;Jane\u2018s Walk&#8221; ein.","og_url":"https:\/\/www.fuss-ev.de\/koeln\/janes-walk-in-koeln-am-2-und-3-mai-2026\/","og_site_name":"FUSS e.V. K\u00f6ln","article_published_time":"2026-04-09T15:38:34+00:00","article_modified_time":"2026-04-19T15:31:33+00:00","og_image":[{"width":1024,"height":1280,"url":"https:\/\/www.fuss-ev.de\/koeln\/wp-content\/uploads\/sites\/28\/2026\/04\/janeswalk_koeln_2026d.jpg","type":"image\/jpeg"}],"author":"michaelgerloff","twitter_card":"summary_large_image","twitter_misc":{"Verfasst von":"michaelgerloff","Gesch\u00e4tzte Lesezeit":"2\u00a0Minuten"},"schema":{"@context":"https:\/\/schema.org","@graph":[{"@type":"Article","@id":"https:\/\/www.fuss-ev.de\/koeln\/janes-walk-in-koeln-am-2-und-3-mai-2026\/#article","isPartOf":{"@id":"https:\/\/www.fuss-ev.de\/koeln\/janes-walk-in-koeln-am-2-und-3-mai-2026\/"},"author":{"name":"michaelgerloff","@id":"https:\/\/www.fuss-ev.de\/koeln\/#\/schema\/person\/0b04c1251a96d6579fc4185df0506d61"},"headline":"Jane\u2018s Walk in K\u00f6ln am 2. und 3. Mai 2026","datePublished":"2026-04-09T15:38:34+00:00","dateModified":"2026-04-19T15:31:33+00:00","mainEntityOfPage":{"@id":"https:\/\/www.fuss-ev.de\/koeln\/janes-walk-in-koeln-am-2-und-3-mai-2026\/"},"wordCount":332,"commentCount":0,"publisher":{"@id":"https:\/\/www.fuss-ev.de\/koeln\/#organization"},"image":{"@id":"https:\/\/www.fuss-ev.de\/koeln\/janes-walk-in-koeln-am-2-und-3-mai-2026\/#primaryimage"},"thumbnailUrl":"https:\/\/www.fuss-ev.de\/koeln\/wp-content\/uploads\/sites\/28\/2026\/04\/janeswalk_koeln_2026d.jpg","articleSection":["Aktuelles","Termine"],"inLanguage":"de","potentialAction":[{"@type":"CommentAction","name":"Comment","target":["https:\/\/www.fuss-ev.de\/koeln\/janes-walk-in-koeln-am-2-und-3-mai-2026\/#respond"]}]},{"@type":"WebPage","@id":"https:\/\/www.fuss-ev.de\/koeln\/janes-walk-in-koeln-am-2-und-3-mai-2026\/","url":"https:\/\/www.fuss-ev.de\/koeln\/janes-walk-in-koeln-am-2-und-3-mai-2026\/","name":"Jane\u2018s Walk in K\u00f6ln am 2. und 3. Mai 2026 - FUSS e.V. K\u00f6ln","isPartOf":{"@id":"https:\/\/www.fuss-ev.de\/koeln\/#website"},"primaryImageOfPage":{"@id":"https:\/\/www.fuss-ev.de\/koeln\/janes-walk-in-koeln-am-2-und-3-mai-2026\/#primaryimage"},"image":{"@id":"https:\/\/www.fuss-ev.de\/koeln\/janes-walk-in-koeln-am-2-und-3-mai-2026\/#primaryimage"},"thumbnailUrl":"https:\/\/www.fuss-ev.de\/koeln\/wp-content\/uploads\/sites\/28\/2026\/04\/janeswalk_koeln_2026d.jpg","datePublished":"2026-04-09T15:38:34+00:00","dateModified":"2026-04-19T15:31:33+00:00","breadcrumb":{"@id":"https:\/\/www.fuss-ev.de\/koeln\/janes-walk-in-koeln-am-2-und-3-mai-2026\/#breadcrumb"},"inLanguage":"de","potentialAction":[{"@type":"ReadAction","target":["https:\/\/www.fuss-ev.de\/koeln\/janes-walk-in-koeln-am-2-und-3-mai-2026\/"]}]},{"@type":"ImageObject","inLanguage":"de","@id":"https:\/\/www.fuss-ev.de\/koeln\/janes-walk-in-koeln-am-2-und-3-mai-2026\/#primaryimage","url":"https:\/\/www.fuss-ev.de\/koeln\/wp-content\/uploads\/sites\/28\/2026\/04\/janeswalk_koeln_2026d.jpg","contentUrl":"https:\/\/www.fuss-ev.de\/koeln\/wp-content\/uploads\/sites\/28\/2026\/04\/janeswalk_koeln_2026d.jpg","width":1024,"height":1280,"caption":"Plakat zum K\u00f6lner Janes Walk 2026"},{"@type":"BreadcrumbList","@id":"https:\/\/www.fuss-ev.de\/koeln\/janes-walk-in-koeln-am-2-und-3-mai-2026\/#breadcrumb","itemListElement":[{"@type":"ListItem","position":1,"name":"Startseite","item":"https:\/\/www.fuss-ev.de\/koeln\/"},{"@type":"ListItem","position":2,"name":"Jane\u2018s Walk in K\u00f6ln am 2. und 3. Mai 2026"}]},{"@type":"WebSite","@id":"https:\/\/www.fuss-ev.de\/koeln\/#website","url":"https:\/\/www.fuss-ev.de\/koeln\/","name":"FUSS e.V. K\u00f6ln","description":"Zu Fu\u00df durch K\u00f6ln \u2013 sicher und bequem!","publisher":{"@id":"https:\/\/www.fuss-ev.de\/koeln\/#organization"},"potentialAction":[{"@type":"SearchAction","target":{"@type":"EntryPoint","urlTemplate":"https:\/\/www.fuss-ev.de\/koeln\/?s={search_term_string}"},"query-input":{"@type":"PropertyValueSpecification","valueRequired":true,"valueName":"search_term_string"}}],"inLanguage":"de"},{"@type":"Organization","@id":"https:\/\/www.fuss-ev.de\/koeln\/#organization","name":"FUSS e.V. K\u00f6ln","url":"https:\/\/www.fuss-ev.de\/koeln\/","logo":{"@type":"ImageObject","inLanguage":"de","@id":"https:\/\/www.fuss-ev.de\/koeln\/#\/schema\/logo\/image\/","url":"https:\/\/www.fuss-ev.de\/koeln\/wp-content\/uploads\/sites\/28\/2025\/01\/FUSS_Logo.jpg","contentUrl":"https:\/\/www.fuss-ev.de\/koeln\/wp-content\/uploads\/sites\/28\/2025\/01\/FUSS_Logo.jpg","width":2082,"height":979,"caption":"FUSS e.V. K\u00f6ln"},"image":{"@id":"https:\/\/www.fuss-ev.de\/koeln\/#\/schema\/logo\/image\/"}},{"@type":"Person","@id":"https:\/\/www.fuss-ev.de\/koeln\/#\/schema\/person\/0b04c1251a96d6579fc4185df0506d61","name":"michaelgerloff","image":{"@type":"ImageObject","inLanguage":"de","@id":"https:\/\/secure.gravatar.com\/avatar\/133ed8d3167000e42e292cda00717660c6b797418b0c1cc1a67f5082247522e0?s=96&d=mm&r=g","url":"https:\/\/secure.gravatar.com\/avatar\/133ed8d3167000e42e292cda00717660c6b797418b0c1cc1a67f5082247522e0?s=96&d=mm&r=g","contentUrl":"https:\/\/secure.gravatar.com\/avatar\/133ed8d3167000e42e292cda00717660c6b797418b0c1cc1a67f5082247522e0?s=96&d=mm&r=g","caption":"michaelgerloff"},"url":"https:\/\/www.fuss-ev.de\/koeln\/author\/michaelgerloff\/"}]}},"publishpress_future_action":{"enabled":false,"date":"2026-05-07 07:53:46","action":"change-status","newStatus":"draft","terms":[],"taxonomy":"category","extraData":[]},"publishpress_future_workflow_manual_trigger":{"enabledWorkflows":[]},"_links":{"self":[{"href":"https:\/\/www.fuss-ev.de\/koeln\/wp-json\/wp\/v2\/posts\/5032","targetHints":{"allow":["GET"]}}],"collection":[{"href":"https:\/\/www.fuss-ev.de\/koeln\/wp-json\/wp\/v2\/posts"}],"about":[{"href":"https:\/\/www.fuss-ev.de\/koeln\/wp-json\/wp\/v2\/types\/post"}],"author":[{"embeddable":true,"href":"https:\/\/www.fuss-ev.de\/koeln\/wp-json\/wp\/v2\/users\/53"}],"replies":[{"embeddable":true,"href":"https:\/\/www.fuss-ev.de\/koeln\/wp-json\/wp\/v2\/comments?post=5032"}],"version-history":[{"count":17,"href":"https:\/\/www.fuss-ev.de\/koeln\/wp-json\/wp\/v2\/posts\/5032\/revisions"}],"predecessor-version":[{"id":5074,"href":"https:\/\/www.fuss-ev.de\/koeln\/wp-json\/wp\/v2\/posts\/5032\/revisions\/5074"}],"wp:featuredmedia":[{"embeddable":true,"href":"https:\/\/www.fuss-ev.de\/koeln\/wp-json\/wp\/v2\/media\/5044"}],"wp:attachment":[{"href":"https:\/\/www.fuss-ev.de\/koeln\/wp-json\/wp\/v2\/media?parent=5032"}],"wp:term":[{"taxonomy":"category","embeddable":true,"href":"https:\/\/www.fuss-ev.de\/koeln\/wp-json\/wp\/v2\/categories?post=5032"},{"taxonomy":"post_tag","embeddable":true,"href":"https:\/\/www.fuss-ev.de\/koeln\/wp-json\/wp\/v2\/tags?post=5032"}],"curies":[{"name":"wp","href":"https:\/\/api.w.org\/{rel}","templated":true}]}}