{"id":5013,"date":"2026-03-18T13:00:45","date_gmt":"2026-03-18T12:00:45","guid":{"rendered":"https:\/\/www.fuss-ev.de\/koeln\/?p=5013"},"modified":"2026-03-23T18:55:10","modified_gmt":"2026-03-23T17:55:10","slug":"einladung-zum-gemeinsamen-pressegespraech-von-vcd-und-fuss-e-v-am-13-maerz-2026","status":"publish","type":"post","link":"https:\/\/www.fuss-ev.de\/koeln\/einladung-zum-gemeinsamen-pressegespraech-von-vcd-und-fuss-e-v-am-13-maerz-2026\/","title":{"rendered":"Presse-Gespr\u00e4ch von VCD und FUSS e.V. am 13. M\u00e4rz 2026"},"content":{"rendered":"<div class=\"wpb-content-wrapper\"><p>[vc_row][vc_column][vc_column_text css=&#8221;&#8221;]<strong><img loading=\"lazy\" decoding=\"async\" class=\"aligncenter wp-image-5016 size-large\" src=\"https:\/\/www.fuss-ev.de\/koeln\/wp-content\/uploads\/sites\/28\/2026\/01\/fb-gehwegparken-819x1024.jpg\" alt=\"Autos sind schr\u00e4g auf einem Gehweg geparkt und lassen nur wenig Platz f\u00fcr Zufu\u00dfgehende\" width=\"819\" height=\"1024\" srcset=\"https:\/\/www.fuss-ev.de\/koeln\/wp-content\/uploads\/sites\/28\/2026\/01\/fb-gehwegparken-819x1024.jpg 819w, https:\/\/www.fuss-ev.de\/koeln\/wp-content\/uploads\/sites\/28\/2026\/01\/fb-gehwegparken-240x300.jpg 240w, https:\/\/www.fuss-ev.de\/koeln\/wp-content\/uploads\/sites\/28\/2026\/01\/fb-gehwegparken-768x960.jpg 768w, https:\/\/www.fuss-ev.de\/koeln\/wp-content\/uploads\/sites\/28\/2026\/01\/fb-gehwegparken-1229x1536.jpg 1229w, https:\/\/www.fuss-ev.de\/koeln\/wp-content\/uploads\/sites\/28\/2026\/01\/fb-gehwegparken-1638x2048.jpg 1638w, https:\/\/www.fuss-ev.de\/koeln\/wp-content\/uploads\/sites\/28\/2026\/01\/fb-gehwegparken-scaled.jpg 2048w\" sizes=\"auto, (max-width: 819px) 100vw, 819px\" \/><\/strong><\/p>\n<p><strong>Die VCD-Aktion \u201eFreie Gehwege\u201c legt offen: Behinderndes Parken auf dem Gehweg ist auch in K\u00f6ln ein Problem \u2013 K\u00f6ln ist unr\u00fchmlicher bundesweiter Spitzenreiter mit 315 Meldungen.<\/strong><\/p>\n<p><!--more--><\/p>\n<p>Zu den Ergebnissen der Aktion und der besonderen Situation in K\u00f6ln gab es am 13. M\u00e4rz 2026 ein gemeinsames Pressegespr\u00e4ch von VCD und FUSS in K\u00f6ln-Ehrenfeld an der Kreuzung Marienstra\u00dfe\/Lessingstra\u00dfe. Unter anderem hat der K\u00f6lner Stadtanzeiger berichtet: <a href=\"https:\/\/www.ksta.de\/koeln\/ehrenfeld\/ehrenfeld\/koeln-ehrenfeld-fussgaenger-und-rollstuhlfahrer-leiden-unter-zugeparkten-gehwegen-1244690\" target=\"_blank\" rel=\"noopener\">&#8220;Fu\u00dfg\u00e4nger und Rollstuhlfahrer leiden unter zugeparkten Gehwegen&#8221;<\/a>.<\/p>\n<p><strong>Zum Hintergrund:<\/strong><\/p>\n<p>Parkende Autos auf Gehwegen sind mehr als nur ein \u00c4rgernis f\u00fcr Fu\u00dfg\u00e4nger, oft f\u00fchren sie zu gef\u00e4hrlichen Situationen. Das gilt besonders f\u00fcr Kinder und f\u00fcr Menschen im Rollstuhl, mit Kinderwagen oder Rollator. Im letzten Jahr konnten Passanten Gehwege melden, die von Autos <strong>regelm\u00e4\u00dfig \u00fcber einen l\u00e4ngeren Abschnitt zugeparkt<\/strong> und unzul\u00e4ssig verengt werden. In K\u00f6ln wurden dem VCD \u00fcber 315 Gehwegabschnitte gemeldet, auf denen Passanten bei ihren Alltagswegen durch parkende Autos behindert werden. Mit dieser hohen Anzahl von Meldungen ist K\u00f6ln mit Abstand bundesweiter Spitzenreiter \u2013 ein eher unr\u00fchmlicher Titel.<\/p>\n<p><a href=\"https:\/\/www.vcd.org\/formular-gehwegparken\/uebersicht\" target=\"_blank\" rel=\"noopener\"><img loading=\"lazy\" decoding=\"async\" class=\"alignleft wp-image-5030\" src=\"https:\/\/www.fuss-ev.de\/koeln\/wp-content\/uploads\/sites\/28\/2026\/03\/vcd-gehweg-check-karte.jpg\" alt=\"Ausschnitt einer Stra\u00dfenkarte von K\u00f6ln mit Markierungen von Gefahrenstellen f\u00fcr Fu\u00dfg\u00e4nger\" width=\"600\" height=\"600\" srcset=\"https:\/\/www.fuss-ev.de\/koeln\/wp-content\/uploads\/sites\/28\/2026\/03\/vcd-gehweg-check-karte.jpg 800w, https:\/\/www.fuss-ev.de\/koeln\/wp-content\/uploads\/sites\/28\/2026\/03\/vcd-gehweg-check-karte-300x300.jpg 300w, https:\/\/www.fuss-ev.de\/koeln\/wp-content\/uploads\/sites\/28\/2026\/03\/vcd-gehweg-check-karte-150x150.jpg 150w, https:\/\/www.fuss-ev.de\/koeln\/wp-content\/uploads\/sites\/28\/2026\/03\/vcd-gehweg-check-karte-768x768.jpg 768w, https:\/\/www.fuss-ev.de\/koeln\/wp-content\/uploads\/sites\/28\/2026\/03\/vcd-gehweg-check-karte-100x100.jpg 100w\" sizes=\"auto, (max-width: 600px) 100vw, 600px\" \/><\/a><\/p>\n<p>Alle gemeldeten Stellen sind auf einer <a href=\"https:\/\/www.vcd.org\/formular-gehwegparken\/uebersicht\" target=\"_blank\" rel=\"noopener\">Online-Karte<\/a> einsehbar \u2013 die einzelnen Meldungen enthalten Informationen zu Lage, Restgehwegbreite, L\u00e4nge des Stra\u00dfenabschnitts und Art der Betroffenheit \u2013 oft auch ein Foto der Situation.<\/p>\n<p>Die Rechtslage ist eindeutig: Laut Stra\u00dfenverkehrsordnung (\u00a712 StVO) ist das <strong>Parken auf Gehwegen nicht zul\u00e4ssig<\/strong>. Lediglich in Ausnahmef\u00e4llen erlaubt es die StVO, auf dem Gehweg zu parken. Die Verwaltungsvorschrift f\u00fchrt dazu aus, dass es <strong>nur erlaubt<\/strong> ist, wenn Personen mit Rollstuhl, Kinderwagen oder Rollator <strong>ungehindert den Gehweg auch im Gegenverkehr passieren k\u00f6nnen<\/strong>. Dazu wird eine <strong>Gesamtgehwegbreite von 2,50 m<\/strong> ben\u00f6tigt, wie sie auch in der Richtlinie zur Anlage von Stadtstra\u00dfen genannt wird.<\/p>\n<p>Die Vorgaben, wann das Parken auf dem Gehweg zul\u00e4ssig ist, werden bei den eingegangenen Meldungen in kaum einem Fall eingehalten. So liegen die Gehwegbreiten in mehr als 80 Prozent der F\u00e4lle unter einem Meter, und es wird bei der H\u00e4lfte der gemeldeten Engstellen auf beiden Stra\u00dfenseiten auf dem Gehweg geparkt. Dies f\u00fchrt nicht nur zu einer Gef\u00e4hrdung von Fu\u00dfg\u00e4ngern, insbesondere mobilit\u00e4tseingeschr\u00e4nkten Personen, sondern stellt nach unserer Auffassung einen klaren Versto\u00df gegen die Stra\u00dfenverkehrsordnung dar. Der Gehweg wird dadurch unzul\u00e4ssig eingeschr\u00e4nkt, <strong>das Gehwegparken muss folglich beendet werden<\/strong>.<\/p>\n<p><strong>VCD und FUSS fordern die Stadtverwaltung<\/strong> daher im Namen der betroffenen Passanten auf, <strong>die gemeldeten Gehwegabschnitte zu \u00fcberpr\u00fcfen und die erforderlichen ordnungsrechtlichen Ma\u00dfnahmen zu ergreifen<\/strong>, um die Sicherheit und Ordnung im \u00f6ffentlichen Raum und den Schutz der Fu\u00dfg\u00e4ngerinnen und Fu\u00dfg\u00e4nger wiederherzustellen. N\u00f6tig ist dies zuallererst dort, wo Gehwege besonders schmal sind und Autos beidseitig auf dem Gehweg parken.<\/p>\n<p>VCD und FUSS machen sich f\u00fcr einen sichereren Fu\u00dfverkehr stark, insbesondere f\u00fcr Kinder und mobilit\u00e4tseingeschr\u00e4nkte Menschen. <strong>Denn: Gehwege sind f\u00fcr Menschen da, nicht f\u00fcr Autos.<\/strong>[\/vc_column_text][\/vc_column][\/vc_row]<\/p>\n<\/div>","protected":false},"excerpt":{"rendered":"<p>[vc_row][vc_column][vc_column_text css=&#8221;&#8221;] Die VCD-Aktion \u201eFreie Gehwege\u201c legt offen: Behinderndes Parken auf dem Gehweg ist auch in K\u00f6ln ein Problem \u2013 K\u00f6ln ist unr\u00fchmlicher bundesweiter Spitzenreiter mit 315 Meldungen.<\/p>\n","protected":false},"author":53,"featured_media":5016,"comment_status":"open","ping_status":"closed","sticky":false,"template":"","format":"standard","meta":{"_acf_changed":false,"_relevanssi_hide_post":"","_relevanssi_hide_content":"","_relevanssi_pin_for_all":"","_relevanssi_pin_keywords":"","_relevanssi_unpin_keywords":"","_relevanssi_related_keywords":"","_relevanssi_related_include_ids":"","_relevanssi_related_exclude_ids":"","_relevanssi_related_no_append":"","_relevanssi_related_not_related":"","_relevanssi_related_posts":"","_relevanssi_noindex_reason":"","footnotes":""},"categories":[8,13],"tags":[],"class_list":["post-5013","post","type-post","status-publish","format-standard","has-post-thumbnail","hentry","category-aktuelles","category-pressemitteilungen"],"acf":[],"yoast_head":"<!-- This site is optimized with the Yoast SEO plugin v27.4 - https:\/\/yoast.com\/product\/yoast-seo-wordpress\/ -->\n<title>Presse-Gespr\u00e4ch von VCD und FUSS e.V. am 13. M\u00e4rz 2026 - FUSS e.V. K\u00f6ln<\/title>\n<meta name=\"robots\" content=\"index, follow, max-snippet:-1, max-image-preview:large, max-video-preview:-1\" \/>\n<link rel=\"canonical\" href=\"https:\/\/www.fuss-ev.de\/koeln\/einladung-zum-gemeinsamen-pressegespraech-von-vcd-und-fuss-e-v-am-13-maerz-2026\/\" \/>\n<meta property=\"og:locale\" content=\"de_DE\" \/>\n<meta property=\"og:type\" content=\"article\" \/>\n<meta property=\"og:title\" content=\"Presse-Gespr\u00e4ch von VCD und FUSS e.V. am 13. M\u00e4rz 2026 - FUSS e.V. K\u00f6ln\" \/>\n<meta property=\"og:description\" content=\"[vc_row][vc_column][vc_column_text css=&#8221;&#8221;] Die VCD-Aktion \u201eFreie Gehwege\u201c legt offen: Behinderndes Parken auf dem Gehweg ist auch in K\u00f6ln ein Problem \u2013 K\u00f6ln ist unr\u00fchmlicher bundesweiter Spitzenreiter mit 315 Meldungen.\" \/>\n<meta property=\"og:url\" content=\"https:\/\/www.fuss-ev.de\/koeln\/einladung-zum-gemeinsamen-pressegespraech-von-vcd-und-fuss-e-v-am-13-maerz-2026\/\" \/>\n<meta property=\"og:site_name\" content=\"FUSS e.V. K\u00f6ln\" \/>\n<meta property=\"article:published_time\" content=\"2026-03-18T12:00:45+00:00\" \/>\n<meta property=\"article:modified_time\" content=\"2026-03-23T17:55:10+00:00\" \/>\n<meta property=\"og:image\" content=\"https:\/\/www.fuss-ev.de\/koeln\/wp-content\/uploads\/sites\/28\/2026\/01\/fb-gehwegparken-scaled.jpg\" \/>\n\t<meta property=\"og:image:width\" content=\"2048\" \/>\n\t<meta property=\"og:image:height\" content=\"2560\" \/>\n\t<meta property=\"og:image:type\" content=\"image\/jpeg\" \/>\n<meta name=\"author\" content=\"michaelgerloff\" \/>\n<meta name=\"twitter:card\" content=\"summary_large_image\" \/>\n<meta name=\"twitter:label1\" content=\"Verfasst von\" \/>\n\t<meta name=\"twitter:data1\" content=\"michaelgerloff\" \/>\n\t<meta name=\"twitter:label2\" content=\"Gesch\u00e4tzte Lesezeit\" \/>\n\t<meta name=\"twitter:data2\" content=\"3\u00a0Minuten\" \/>\n<script type=\"application\/ld+json\" class=\"yoast-schema-graph\">{\"@context\":\"https:\\\/\\\/schema.org\",\"@graph\":[{\"@type\":\"Article\",\"@id\":\"https:\\\/\\\/www.fuss-ev.de\\\/koeln\\\/einladung-zum-gemeinsamen-pressegespraech-von-vcd-und-fuss-e-v-am-13-maerz-2026\\\/#article\",\"isPartOf\":{\"@id\":\"https:\\\/\\\/www.fuss-ev.de\\\/koeln\\\/einladung-zum-gemeinsamen-pressegespraech-von-vcd-und-fuss-e-v-am-13-maerz-2026\\\/\"},\"author\":{\"name\":\"michaelgerloff\",\"@id\":\"https:\\\/\\\/www.fuss-ev.de\\\/koeln\\\/#\\\/schema\\\/person\\\/0b04c1251a96d6579fc4185df0506d61\"},\"headline\":\"Presse-Gespr\u00e4ch von VCD und FUSS e.V. am 13. M\u00e4rz 2026\",\"datePublished\":\"2026-03-18T12:00:45+00:00\",\"dateModified\":\"2026-03-23T17:55:10+00:00\",\"mainEntityOfPage\":{\"@id\":\"https:\\\/\\\/www.fuss-ev.de\\\/koeln\\\/einladung-zum-gemeinsamen-pressegespraech-von-vcd-und-fuss-e-v-am-13-maerz-2026\\\/\"},\"wordCount\":510,\"commentCount\":0,\"publisher\":{\"@id\":\"https:\\\/\\\/www.fuss-ev.de\\\/koeln\\\/#organization\"},\"image\":{\"@id\":\"https:\\\/\\\/www.fuss-ev.de\\\/koeln\\\/einladung-zum-gemeinsamen-pressegespraech-von-vcd-und-fuss-e-v-am-13-maerz-2026\\\/#primaryimage\"},\"thumbnailUrl\":\"https:\\\/\\\/www.fuss-ev.de\\\/koeln\\\/wp-content\\\/uploads\\\/sites\\\/28\\\/2026\\\/01\\\/fb-gehwegparken-scaled.jpg\",\"articleSection\":[\"Aktuelles\",\"Pressemitteilungen\"],\"inLanguage\":\"de\",\"potentialAction\":[{\"@type\":\"CommentAction\",\"name\":\"Comment\",\"target\":[\"https:\\\/\\\/www.fuss-ev.de\\\/koeln\\\/einladung-zum-gemeinsamen-pressegespraech-von-vcd-und-fuss-e-v-am-13-maerz-2026\\\/#respond\"]}]},{\"@type\":\"WebPage\",\"@id\":\"https:\\\/\\\/www.fuss-ev.de\\\/koeln\\\/einladung-zum-gemeinsamen-pressegespraech-von-vcd-und-fuss-e-v-am-13-maerz-2026\\\/\",\"url\":\"https:\\\/\\\/www.fuss-ev.de\\\/koeln\\\/einladung-zum-gemeinsamen-pressegespraech-von-vcd-und-fuss-e-v-am-13-maerz-2026\\\/\",\"name\":\"Presse-Gespr\u00e4ch von VCD und FUSS e.V. am 13. M\u00e4rz 2026 - FUSS e.V. K\u00f6ln\",\"isPartOf\":{\"@id\":\"https:\\\/\\\/www.fuss-ev.de\\\/koeln\\\/#website\"},\"primaryImageOfPage\":{\"@id\":\"https:\\\/\\\/www.fuss-ev.de\\\/koeln\\\/einladung-zum-gemeinsamen-pressegespraech-von-vcd-und-fuss-e-v-am-13-maerz-2026\\\/#primaryimage\"},\"image\":{\"@id\":\"https:\\\/\\\/www.fuss-ev.de\\\/koeln\\\/einladung-zum-gemeinsamen-pressegespraech-von-vcd-und-fuss-e-v-am-13-maerz-2026\\\/#primaryimage\"},\"thumbnailUrl\":\"https:\\\/\\\/www.fuss-ev.de\\\/koeln\\\/wp-content\\\/uploads\\\/sites\\\/28\\\/2026\\\/01\\\/fb-gehwegparken-scaled.jpg\",\"datePublished\":\"2026-03-18T12:00:45+00:00\",\"dateModified\":\"2026-03-23T17:55:10+00:00\",\"breadcrumb\":{\"@id\":\"https:\\\/\\\/www.fuss-ev.de\\\/koeln\\\/einladung-zum-gemeinsamen-pressegespraech-von-vcd-und-fuss-e-v-am-13-maerz-2026\\\/#breadcrumb\"},\"inLanguage\":\"de\",\"potentialAction\":[{\"@type\":\"ReadAction\",\"target\":[\"https:\\\/\\\/www.fuss-ev.de\\\/koeln\\\/einladung-zum-gemeinsamen-pressegespraech-von-vcd-und-fuss-e-v-am-13-maerz-2026\\\/\"]}]},{\"@type\":\"ImageObject\",\"inLanguage\":\"de\",\"@id\":\"https:\\\/\\\/www.fuss-ev.de\\\/koeln\\\/einladung-zum-gemeinsamen-pressegespraech-von-vcd-und-fuss-e-v-am-13-maerz-2026\\\/#primaryimage\",\"url\":\"https:\\\/\\\/www.fuss-ev.de\\\/koeln\\\/wp-content\\\/uploads\\\/sites\\\/28\\\/2026\\\/01\\\/fb-gehwegparken-scaled.jpg\",\"contentUrl\":\"https:\\\/\\\/www.fuss-ev.de\\\/koeln\\\/wp-content\\\/uploads\\\/sites\\\/28\\\/2026\\\/01\\\/fb-gehwegparken-scaled.jpg\",\"width\":2048,\"height\":2560,\"caption\":\"Autos sind schr\u00e4g auf einem Gehweg geparkt und lassen nur wenig Platz f\u00fcr Zufu\u00dfgehende; \u00a9 Anne Grose\"},{\"@type\":\"BreadcrumbList\",\"@id\":\"https:\\\/\\\/www.fuss-ev.de\\\/koeln\\\/einladung-zum-gemeinsamen-pressegespraech-von-vcd-und-fuss-e-v-am-13-maerz-2026\\\/#breadcrumb\",\"itemListElement\":[{\"@type\":\"ListItem\",\"position\":1,\"name\":\"Startseite\",\"item\":\"https:\\\/\\\/www.fuss-ev.de\\\/koeln\\\/\"},{\"@type\":\"ListItem\",\"position\":2,\"name\":\"Presse-Gespr\u00e4ch von VCD und FUSS e.V. am 13. M\u00e4rz 2026\"}]},{\"@type\":\"WebSite\",\"@id\":\"https:\\\/\\\/www.fuss-ev.de\\\/koeln\\\/#website\",\"url\":\"https:\\\/\\\/www.fuss-ev.de\\\/koeln\\\/\",\"name\":\"FUSS e.V. K\u00f6ln\",\"description\":\"Zu Fu\u00df durch K\u00f6ln \u2013 sicher und bequem!\",\"publisher\":{\"@id\":\"https:\\\/\\\/www.fuss-ev.de\\\/koeln\\\/#organization\"},\"potentialAction\":[{\"@type\":\"SearchAction\",\"target\":{\"@type\":\"EntryPoint\",\"urlTemplate\":\"https:\\\/\\\/www.fuss-ev.de\\\/koeln\\\/?s={search_term_string}\"},\"query-input\":{\"@type\":\"PropertyValueSpecification\",\"valueRequired\":true,\"valueName\":\"search_term_string\"}}],\"inLanguage\":\"de\"},{\"@type\":\"Organization\",\"@id\":\"https:\\\/\\\/www.fuss-ev.de\\\/koeln\\\/#organization\",\"name\":\"FUSS e.V. K\u00f6ln\",\"url\":\"https:\\\/\\\/www.fuss-ev.de\\\/koeln\\\/\",\"logo\":{\"@type\":\"ImageObject\",\"inLanguage\":\"de\",\"@id\":\"https:\\\/\\\/www.fuss-ev.de\\\/koeln\\\/#\\\/schema\\\/logo\\\/image\\\/\",\"url\":\"https:\\\/\\\/www.fuss-ev.de\\\/koeln\\\/wp-content\\\/uploads\\\/sites\\\/28\\\/2025\\\/01\\\/FUSS_Logo.jpg\",\"contentUrl\":\"https:\\\/\\\/www.fuss-ev.de\\\/koeln\\\/wp-content\\\/uploads\\\/sites\\\/28\\\/2025\\\/01\\\/FUSS_Logo.jpg\",\"width\":2082,\"height\":979,\"caption\":\"FUSS e.V. K\u00f6ln\"},\"image\":{\"@id\":\"https:\\\/\\\/www.fuss-ev.de\\\/koeln\\\/#\\\/schema\\\/logo\\\/image\\\/\"}},{\"@type\":\"Person\",\"@id\":\"https:\\\/\\\/www.fuss-ev.de\\\/koeln\\\/#\\\/schema\\\/person\\\/0b04c1251a96d6579fc4185df0506d61\",\"name\":\"michaelgerloff\",\"image\":{\"@type\":\"ImageObject\",\"inLanguage\":\"de\",\"@id\":\"https:\\\/\\\/secure.gravatar.com\\\/avatar\\\/133ed8d3167000e42e292cda00717660c6b797418b0c1cc1a67f5082247522e0?s=96&d=mm&r=g\",\"url\":\"https:\\\/\\\/secure.gravatar.com\\\/avatar\\\/133ed8d3167000e42e292cda00717660c6b797418b0c1cc1a67f5082247522e0?s=96&d=mm&r=g\",\"contentUrl\":\"https:\\\/\\\/secure.gravatar.com\\\/avatar\\\/133ed8d3167000e42e292cda00717660c6b797418b0c1cc1a67f5082247522e0?s=96&d=mm&r=g\",\"caption\":\"michaelgerloff\"},\"url\":\"https:\\\/\\\/www.fuss-ev.de\\\/koeln\\\/author\\\/michaelgerloff\\\/\"}]}<\/script>\n<!-- \/ Yoast SEO plugin. -->","yoast_head_json":{"title":"Presse-Gespr\u00e4ch von VCD und FUSS e.V. am 13. M\u00e4rz 2026 - FUSS e.V. K\u00f6ln","robots":{"index":"index","follow":"follow","max-snippet":"max-snippet:-1","max-image-preview":"max-image-preview:large","max-video-preview":"max-video-preview:-1"},"canonical":"https:\/\/www.fuss-ev.de\/koeln\/einladung-zum-gemeinsamen-pressegespraech-von-vcd-und-fuss-e-v-am-13-maerz-2026\/","og_locale":"de_DE","og_type":"article","og_title":"Presse-Gespr\u00e4ch von VCD und FUSS e.V. am 13. M\u00e4rz 2026 - FUSS e.V. K\u00f6ln","og_description":"[vc_row][vc_column][vc_column_text css=&#8221;&#8221;] Die VCD-Aktion \u201eFreie Gehwege\u201c legt offen: Behinderndes Parken auf dem Gehweg ist auch in K\u00f6ln ein Problem \u2013 K\u00f6ln ist unr\u00fchmlicher bundesweiter Spitzenreiter mit 315 Meldungen.","og_url":"https:\/\/www.fuss-ev.de\/koeln\/einladung-zum-gemeinsamen-pressegespraech-von-vcd-und-fuss-e-v-am-13-maerz-2026\/","og_site_name":"FUSS e.V. K\u00f6ln","article_published_time":"2026-03-18T12:00:45+00:00","article_modified_time":"2026-03-23T17:55:10+00:00","og_image":[{"width":2048,"height":2560,"url":"https:\/\/www.fuss-ev.de\/koeln\/wp-content\/uploads\/sites\/28\/2026\/01\/fb-gehwegparken-scaled.jpg","type":"image\/jpeg"}],"author":"michaelgerloff","twitter_card":"summary_large_image","twitter_misc":{"Verfasst von":"michaelgerloff","Gesch\u00e4tzte Lesezeit":"3\u00a0Minuten"},"schema":{"@context":"https:\/\/schema.org","@graph":[{"@type":"Article","@id":"https:\/\/www.fuss-ev.de\/koeln\/einladung-zum-gemeinsamen-pressegespraech-von-vcd-und-fuss-e-v-am-13-maerz-2026\/#article","isPartOf":{"@id":"https:\/\/www.fuss-ev.de\/koeln\/einladung-zum-gemeinsamen-pressegespraech-von-vcd-und-fuss-e-v-am-13-maerz-2026\/"},"author":{"name":"michaelgerloff","@id":"https:\/\/www.fuss-ev.de\/koeln\/#\/schema\/person\/0b04c1251a96d6579fc4185df0506d61"},"headline":"Presse-Gespr\u00e4ch von VCD und FUSS e.V. am 13. M\u00e4rz 2026","datePublished":"2026-03-18T12:00:45+00:00","dateModified":"2026-03-23T17:55:10+00:00","mainEntityOfPage":{"@id":"https:\/\/www.fuss-ev.de\/koeln\/einladung-zum-gemeinsamen-pressegespraech-von-vcd-und-fuss-e-v-am-13-maerz-2026\/"},"wordCount":510,"commentCount":0,"publisher":{"@id":"https:\/\/www.fuss-ev.de\/koeln\/#organization"},"image":{"@id":"https:\/\/www.fuss-ev.de\/koeln\/einladung-zum-gemeinsamen-pressegespraech-von-vcd-und-fuss-e-v-am-13-maerz-2026\/#primaryimage"},"thumbnailUrl":"https:\/\/www.fuss-ev.de\/koeln\/wp-content\/uploads\/sites\/28\/2026\/01\/fb-gehwegparken-scaled.jpg","articleSection":["Aktuelles","Pressemitteilungen"],"inLanguage":"de","potentialAction":[{"@type":"CommentAction","name":"Comment","target":["https:\/\/www.fuss-ev.de\/koeln\/einladung-zum-gemeinsamen-pressegespraech-von-vcd-und-fuss-e-v-am-13-maerz-2026\/#respond"]}]},{"@type":"WebPage","@id":"https:\/\/www.fuss-ev.de\/koeln\/einladung-zum-gemeinsamen-pressegespraech-von-vcd-und-fuss-e-v-am-13-maerz-2026\/","url":"https:\/\/www.fuss-ev.de\/koeln\/einladung-zum-gemeinsamen-pressegespraech-von-vcd-und-fuss-e-v-am-13-maerz-2026\/","name":"Presse-Gespr\u00e4ch von VCD und FUSS e.V. am 13. M\u00e4rz 2026 - FUSS e.V. K\u00f6ln","isPartOf":{"@id":"https:\/\/www.fuss-ev.de\/koeln\/#website"},"primaryImageOfPage":{"@id":"https:\/\/www.fuss-ev.de\/koeln\/einladung-zum-gemeinsamen-pressegespraech-von-vcd-und-fuss-e-v-am-13-maerz-2026\/#primaryimage"},"image":{"@id":"https:\/\/www.fuss-ev.de\/koeln\/einladung-zum-gemeinsamen-pressegespraech-von-vcd-und-fuss-e-v-am-13-maerz-2026\/#primaryimage"},"thumbnailUrl":"https:\/\/www.fuss-ev.de\/koeln\/wp-content\/uploads\/sites\/28\/2026\/01\/fb-gehwegparken-scaled.jpg","datePublished":"2026-03-18T12:00:45+00:00","dateModified":"2026-03-23T17:55:10+00:00","breadcrumb":{"@id":"https:\/\/www.fuss-ev.de\/koeln\/einladung-zum-gemeinsamen-pressegespraech-von-vcd-und-fuss-e-v-am-13-maerz-2026\/#breadcrumb"},"inLanguage":"de","potentialAction":[{"@type":"ReadAction","target":["https:\/\/www.fuss-ev.de\/koeln\/einladung-zum-gemeinsamen-pressegespraech-von-vcd-und-fuss-e-v-am-13-maerz-2026\/"]}]},{"@type":"ImageObject","inLanguage":"de","@id":"https:\/\/www.fuss-ev.de\/koeln\/einladung-zum-gemeinsamen-pressegespraech-von-vcd-und-fuss-e-v-am-13-maerz-2026\/#primaryimage","url":"https:\/\/www.fuss-ev.de\/koeln\/wp-content\/uploads\/sites\/28\/2026\/01\/fb-gehwegparken-scaled.jpg","contentUrl":"https:\/\/www.fuss-ev.de\/koeln\/wp-content\/uploads\/sites\/28\/2026\/01\/fb-gehwegparken-scaled.jpg","width":2048,"height":2560,"caption":"Autos sind schr\u00e4g auf einem Gehweg geparkt und lassen nur wenig Platz f\u00fcr Zufu\u00dfgehende; \u00a9 Anne Grose"},{"@type":"BreadcrumbList","@id":"https:\/\/www.fuss-ev.de\/koeln\/einladung-zum-gemeinsamen-pressegespraech-von-vcd-und-fuss-e-v-am-13-maerz-2026\/#breadcrumb","itemListElement":[{"@type":"ListItem","position":1,"name":"Startseite","item":"https:\/\/www.fuss-ev.de\/koeln\/"},{"@type":"ListItem","position":2,"name":"Presse-Gespr\u00e4ch von VCD und FUSS e.V. am 13. M\u00e4rz 2026"}]},{"@type":"WebSite","@id":"https:\/\/www.fuss-ev.de\/koeln\/#website","url":"https:\/\/www.fuss-ev.de\/koeln\/","name":"FUSS e.V. K\u00f6ln","description":"Zu Fu\u00df durch K\u00f6ln \u2013 sicher und bequem!","publisher":{"@id":"https:\/\/www.fuss-ev.de\/koeln\/#organization"},"potentialAction":[{"@type":"SearchAction","target":{"@type":"EntryPoint","urlTemplate":"https:\/\/www.fuss-ev.de\/koeln\/?s={search_term_string}"},"query-input":{"@type":"PropertyValueSpecification","valueRequired":true,"valueName":"search_term_string"}}],"inLanguage":"de"},{"@type":"Organization","@id":"https:\/\/www.fuss-ev.de\/koeln\/#organization","name":"FUSS e.V. K\u00f6ln","url":"https:\/\/www.fuss-ev.de\/koeln\/","logo":{"@type":"ImageObject","inLanguage":"de","@id":"https:\/\/www.fuss-ev.de\/koeln\/#\/schema\/logo\/image\/","url":"https:\/\/www.fuss-ev.de\/koeln\/wp-content\/uploads\/sites\/28\/2025\/01\/FUSS_Logo.jpg","contentUrl":"https:\/\/www.fuss-ev.de\/koeln\/wp-content\/uploads\/sites\/28\/2025\/01\/FUSS_Logo.jpg","width":2082,"height":979,"caption":"FUSS e.V. K\u00f6ln"},"image":{"@id":"https:\/\/www.fuss-ev.de\/koeln\/#\/schema\/logo\/image\/"}},{"@type":"Person","@id":"https:\/\/www.fuss-ev.de\/koeln\/#\/schema\/person\/0b04c1251a96d6579fc4185df0506d61","name":"michaelgerloff","image":{"@type":"ImageObject","inLanguage":"de","@id":"https:\/\/secure.gravatar.com\/avatar\/133ed8d3167000e42e292cda00717660c6b797418b0c1cc1a67f5082247522e0?s=96&d=mm&r=g","url":"https:\/\/secure.gravatar.com\/avatar\/133ed8d3167000e42e292cda00717660c6b797418b0c1cc1a67f5082247522e0?s=96&d=mm&r=g","contentUrl":"https:\/\/secure.gravatar.com\/avatar\/133ed8d3167000e42e292cda00717660c6b797418b0c1cc1a67f5082247522e0?s=96&d=mm&r=g","caption":"michaelgerloff"},"url":"https:\/\/www.fuss-ev.de\/koeln\/author\/michaelgerloff\/"}]}},"publishpress_future_action":{"enabled":false,"date":"2026-05-07 07:53:06","action":"change-status","newStatus":"draft","terms":[],"taxonomy":"category","extraData":[]},"publishpress_future_workflow_manual_trigger":{"enabledWorkflows":[]},"_links":{"self":[{"href":"https:\/\/www.fuss-ev.de\/koeln\/wp-json\/wp\/v2\/posts\/5013","targetHints":{"allow":["GET"]}}],"collection":[{"href":"https:\/\/www.fuss-ev.de\/koeln\/wp-json\/wp\/v2\/posts"}],"about":[{"href":"https:\/\/www.fuss-ev.de\/koeln\/wp-json\/wp\/v2\/types\/post"}],"author":[{"embeddable":true,"href":"https:\/\/www.fuss-ev.de\/koeln\/wp-json\/wp\/v2\/users\/53"}],"replies":[{"embeddable":true,"href":"https:\/\/www.fuss-ev.de\/koeln\/wp-json\/wp\/v2\/comments?post=5013"}],"version-history":[{"count":13,"href":"https:\/\/www.fuss-ev.de\/koeln\/wp-json\/wp\/v2\/posts\/5013\/revisions"}],"predecessor-version":[{"id":5031,"href":"https:\/\/www.fuss-ev.de\/koeln\/wp-json\/wp\/v2\/posts\/5013\/revisions\/5031"}],"wp:featuredmedia":[{"embeddable":true,"href":"https:\/\/www.fuss-ev.de\/koeln\/wp-json\/wp\/v2\/media\/5016"}],"wp:attachment":[{"href":"https:\/\/www.fuss-ev.de\/koeln\/wp-json\/wp\/v2\/media?parent=5013"}],"wp:term":[{"taxonomy":"category","embeddable":true,"href":"https:\/\/www.fuss-ev.de\/koeln\/wp-json\/wp\/v2\/categories?post=5013"},{"taxonomy":"post_tag","embeddable":true,"href":"https:\/\/www.fuss-ev.de\/koeln\/wp-json\/wp\/v2\/tags?post=5013"}],"curies":[{"name":"wp","href":"https:\/\/api.w.org\/{rel}","templated":true}]}}