{"id":4971,"date":"2025-12-10T20:51:15","date_gmt":"2025-12-10T19:51:15","guid":{"rendered":"https:\/\/www.fuss-ev.de\/koeln\/?p=4971"},"modified":"2025-12-11T08:13:44","modified_gmt":"2025-12-11T07:13:44","slug":"tempo-30-auf-koelner-strassen","status":"publish","type":"post","link":"https:\/\/www.fuss-ev.de\/koeln\/tempo-30-auf-koelner-strassen\/","title":{"rendered":"Tempo 30 auf K\u00f6lner Stra\u00dfen"},"content":{"rendered":"<div class=\"wpb-content-wrapper\"><p>[vc_row][vc_column][vc_column_text css=&#8221;&#8221;]<img loading=\"lazy\" decoding=\"async\" class=\"wp-image-4975 alignnone\" src=\"https:\/\/www.fuss-ev.de\/koeln\/wp-content\/uploads\/sites\/28\/2025\/12\/neue-30er-strassen-koeln-FUSS-eV-2-1024x605.jpg\" alt=\"Ein Tempo-30-Schild mit dem Zusatz L\u00e4rmschutz an einer Stra\u00dfe, an der Menschen auf Cafest\u00fchlen sitzen, auf der anderen Seite viele Autos im Stau\" width=\"600\" height=\"354\" srcset=\"https:\/\/www.fuss-ev.de\/koeln\/wp-content\/uploads\/sites\/28\/2025\/12\/neue-30er-strassen-koeln-FUSS-eV-2-1024x605.jpg 1024w, https:\/\/www.fuss-ev.de\/koeln\/wp-content\/uploads\/sites\/28\/2025\/12\/neue-30er-strassen-koeln-FUSS-eV-2-300x177.jpg 300w, https:\/\/www.fuss-ev.de\/koeln\/wp-content\/uploads\/sites\/28\/2025\/12\/neue-30er-strassen-koeln-FUSS-eV-2-768x454.jpg 768w, https:\/\/www.fuss-ev.de\/koeln\/wp-content\/uploads\/sites\/28\/2025\/12\/neue-30er-strassen-koeln-FUSS-eV-2-1536x907.jpg 1536w, https:\/\/www.fuss-ev.de\/koeln\/wp-content\/uploads\/sites\/28\/2025\/12\/neue-30er-strassen-koeln-FUSS-eV-2-2048x1210.jpg 2048w\" sizes=\"auto, (max-width: 600px) 100vw, 600px\" \/><\/p>\n<p>Die K\u00f6lner Ortsgruppe des FUSS e.V. hat anl\u00e4sslich des Artikels &#8220;<a href=\"https:\/\/www.ksta.de\/koeln\/koeln-fuehrt-auf-sechs-weiteren-strassen-tempo-30-wegen-laerms-ein-1163000\" target=\"_blank\" rel=\"noopener\">Stadt K\u00f6ln f\u00fchrt auf sechs weiteren Stra\u00dfen Tempo 30 wegen L\u00e4rms ein<\/a>&#8221; im K\u00f6lner Stadtanzeiger vom 9. Dezember 2025 eine Pressemitteilung ver\u00f6ffentlicht:<!--more--><\/p>\n<p>W\u00e4hrend es von Sommer 2024 bis Sommer 2025 in Helsinki kein einziges Todesopfer im Verkehr zu beklagen gab, m\u00fcssen wir in K\u00f6ln auf 15 im Stra\u00dfenverkehr get\u00f6tete Menschen verweisen, davon alleine f\u00fcnf Fu\u00dfg\u00e4nger*innen (2024). Helsinki hat also die &#8220;Vision zero&#8221; erreicht \u2013 K\u00f6ln ist noch sehr weit entfernt davon!<\/p>\n<p>Zwar hat ein ganzes B\u00fcndel von Ma\u00dfnahmen in Finnland zu diesem Ergebnis gef\u00fchrt, besondere Bedeutung hat aber in diesem Zusammenhang die Ausweitung von Tempo 30 in der gesamten Stadt: 60 % aller Stra\u00dfen weisen diese Geschwindigkeitsbeschr\u00e4nkung auf. Auch in Deutschland ist bekannt, dass Tempo 30 die Unfallh\u00e4ufigkeit wie auch die Schwere der Unf\u00e4lle reduziert.<\/p>\n<p><strong>FUSS e.V. unterst\u00fctzt Tempo 30 in der Stadt<\/strong><\/p>\n<p>Allein aus diesem Grund unterst\u00fctzt die Ortsgruppe K\u00f6ln des FUSS e.V. die Reduzierung der Geschwindigkeit auf den Stra\u00dfen K\u00f6lns.<br \/>\nEs gibt auch noch andere Vorteile, die den in der Stadt lebenden Menschen zugutekommen: Neben der Reduzierung von L\u00e4rm entstehen auch weniger Schmutz und Feinstaub in der Luft, weniger Reifenabrieb, weniger Schlagl\u00f6cher auf den Stra\u00dfen. Ein Drittel des emittierten Microplastik, das bekanntlich schon den Weg in unsere K\u00f6rper gefunden hat, stammt vom Reifenabrieb. Reduzierte Geschwindigkeiten reduzieren auch dieses &#8220;Nebenprodukt&#8221;.<\/p>\n<p>Herr Suthold vom ADAC verweist im Artikel auf andere M\u00f6glichkeiten der Einflussnahme auf die L\u00e4rmemissionen: z.B. durch eine Dreifachverglasung, die durch die Stadt finanziert werden soll. Ganz zu schweigen davon, dass die Finanzierung von Dreifachverglasung in Wohnh\u00e4usern von der Stadt im Moment gar nicht zu leisten ist, werden Unfallh\u00e4ufigkeit und Umweltverschmutzung hiervon gar nicht tangiert.<\/p>\n<p>Und last but not least: Fu\u00dfg\u00e4nger*innen f\u00fchlen sich sicherer auf Stra\u00dfen, auf denen nicht so schnell gefahren wird. Auch sie leiden unter Verkehrsl\u00e4rm und Luftverschmutzung.<\/p>\n<p>Anne Grose<br \/>\n<span class=\"s10\">Sprecherin der Ortsgruppe K\u00f6ln <\/span><span class=\"s10\">FUSS e.V<\/span><span class=\"s10\">.<\/span>[\/vc_column_text][\/vc_column][\/vc_row]<\/p>\n<\/div>","protected":false},"excerpt":{"rendered":"<p>[vc_row][vc_column][vc_column_text css=&#8221;&#8221;] Die K\u00f6lner Ortsgruppe des FUSS e.V. hat anl\u00e4sslich des Artikels &#8220;Stadt K\u00f6ln f\u00fchrt auf sechs weiteren Stra\u00dfen Tempo 30 wegen L\u00e4rms ein&#8221; im K\u00f6lner Stadtanzeiger vom 9. Dezember 2025 eine Pressemitteilung ver\u00f6ffentlicht:<\/p>\n","protected":false},"author":53,"featured_media":4975,"comment_status":"closed","ping_status":"closed","sticky":false,"template":"","format":"standard","meta":{"_acf_changed":false,"_relevanssi_hide_post":"","_relevanssi_hide_content":"","_relevanssi_pin_for_all":"","_relevanssi_pin_keywords":"","_relevanssi_unpin_keywords":"","_relevanssi_related_keywords":"","_relevanssi_related_include_ids":"","_relevanssi_related_exclude_ids":"","_relevanssi_related_no_append":"","_relevanssi_related_not_related":"","_relevanssi_related_posts":"","_relevanssi_noindex_reason":"","footnotes":""},"categories":[8,13],"tags":[],"class_list":["post-4971","post","type-post","status-publish","format-standard","has-post-thumbnail","hentry","category-aktuelles","category-pressemitteilungen"],"acf":[],"yoast_head":"<!-- This site is optimized with the Yoast SEO plugin v27.4 - https:\/\/yoast.com\/product\/yoast-seo-wordpress\/ -->\n<title>Tempo 30 auf K\u00f6lner Stra\u00dfen - FUSS e.V. K\u00f6ln<\/title>\n<meta name=\"robots\" content=\"index, follow, max-snippet:-1, max-image-preview:large, max-video-preview:-1\" \/>\n<link rel=\"canonical\" href=\"https:\/\/www.fuss-ev.de\/koeln\/tempo-30-auf-koelner-strassen\/\" \/>\n<meta property=\"og:locale\" content=\"de_DE\" \/>\n<meta property=\"og:type\" content=\"article\" \/>\n<meta property=\"og:title\" content=\"Tempo 30 auf K\u00f6lner Stra\u00dfen - FUSS e.V. K\u00f6ln\" \/>\n<meta property=\"og:description\" content=\"[vc_row][vc_column][vc_column_text css=&#8221;&#8221;] Die K\u00f6lner Ortsgruppe des FUSS e.V. hat anl\u00e4sslich des Artikels &#8220;Stadt K\u00f6ln f\u00fchrt auf sechs weiteren Stra\u00dfen Tempo 30 wegen L\u00e4rms ein&#8221; im K\u00f6lner Stadtanzeiger vom 9. Dezember 2025 eine Pressemitteilung ver\u00f6ffentlicht:\" \/>\n<meta property=\"og:url\" content=\"https:\/\/www.fuss-ev.de\/koeln\/tempo-30-auf-koelner-strassen\/\" \/>\n<meta property=\"og:site_name\" content=\"FUSS e.V. K\u00f6ln\" \/>\n<meta property=\"article:published_time\" content=\"2025-12-10T19:51:15+00:00\" \/>\n<meta property=\"article:modified_time\" content=\"2025-12-11T07:13:44+00:00\" \/>\n<meta property=\"og:image\" content=\"https:\/\/www.fuss-ev.de\/koeln\/wp-content\/uploads\/sites\/28\/2025\/12\/neue-30er-strassen-koeln-FUSS-eV-2.jpg\" \/>\n\t<meta property=\"og:image:width\" content=\"2560\" \/>\n\t<meta property=\"og:image:height\" content=\"1512\" \/>\n\t<meta property=\"og:image:type\" content=\"image\/jpeg\" \/>\n<meta name=\"author\" content=\"michaelgerloff\" \/>\n<meta name=\"twitter:card\" content=\"summary_large_image\" \/>\n<meta name=\"twitter:label1\" content=\"Verfasst von\" \/>\n\t<meta name=\"twitter:data1\" content=\"michaelgerloff\" \/>\n\t<meta name=\"twitter:label2\" content=\"Gesch\u00e4tzte Lesezeit\" \/>\n\t<meta name=\"twitter:data2\" content=\"2\u00a0Minuten\" \/>\n<script type=\"application\/ld+json\" class=\"yoast-schema-graph\">{\"@context\":\"https:\\\/\\\/schema.org\",\"@graph\":[{\"@type\":\"Article\",\"@id\":\"https:\\\/\\\/www.fuss-ev.de\\\/koeln\\\/tempo-30-auf-koelner-strassen\\\/#article\",\"isPartOf\":{\"@id\":\"https:\\\/\\\/www.fuss-ev.de\\\/koeln\\\/tempo-30-auf-koelner-strassen\\\/\"},\"author\":{\"name\":\"michaelgerloff\",\"@id\":\"https:\\\/\\\/www.fuss-ev.de\\\/koeln\\\/#\\\/schema\\\/person\\\/0b04c1251a96d6579fc4185df0506d61\"},\"headline\":\"Tempo 30 auf K\u00f6lner Stra\u00dfen\",\"datePublished\":\"2025-12-10T19:51:15+00:00\",\"dateModified\":\"2025-12-11T07:13:44+00:00\",\"mainEntityOfPage\":{\"@id\":\"https:\\\/\\\/www.fuss-ev.de\\\/koeln\\\/tempo-30-auf-koelner-strassen\\\/\"},\"wordCount\":367,\"publisher\":{\"@id\":\"https:\\\/\\\/www.fuss-ev.de\\\/koeln\\\/#organization\"},\"image\":{\"@id\":\"https:\\\/\\\/www.fuss-ev.de\\\/koeln\\\/tempo-30-auf-koelner-strassen\\\/#primaryimage\"},\"thumbnailUrl\":\"https:\\\/\\\/www.fuss-ev.de\\\/koeln\\\/wp-content\\\/uploads\\\/sites\\\/28\\\/2025\\\/12\\\/neue-30er-strassen-koeln-FUSS-eV-2.jpg\",\"articleSection\":[\"Aktuelles\",\"Pressemitteilungen\"],\"inLanguage\":\"de\"},{\"@type\":\"WebPage\",\"@id\":\"https:\\\/\\\/www.fuss-ev.de\\\/koeln\\\/tempo-30-auf-koelner-strassen\\\/\",\"url\":\"https:\\\/\\\/www.fuss-ev.de\\\/koeln\\\/tempo-30-auf-koelner-strassen\\\/\",\"name\":\"Tempo 30 auf K\u00f6lner Stra\u00dfen - FUSS e.V. K\u00f6ln\",\"isPartOf\":{\"@id\":\"https:\\\/\\\/www.fuss-ev.de\\\/koeln\\\/#website\"},\"primaryImageOfPage\":{\"@id\":\"https:\\\/\\\/www.fuss-ev.de\\\/koeln\\\/tempo-30-auf-koelner-strassen\\\/#primaryimage\"},\"image\":{\"@id\":\"https:\\\/\\\/www.fuss-ev.de\\\/koeln\\\/tempo-30-auf-koelner-strassen\\\/#primaryimage\"},\"thumbnailUrl\":\"https:\\\/\\\/www.fuss-ev.de\\\/koeln\\\/wp-content\\\/uploads\\\/sites\\\/28\\\/2025\\\/12\\\/neue-30er-strassen-koeln-FUSS-eV-2.jpg\",\"datePublished\":\"2025-12-10T19:51:15+00:00\",\"dateModified\":\"2025-12-11T07:13:44+00:00\",\"breadcrumb\":{\"@id\":\"https:\\\/\\\/www.fuss-ev.de\\\/koeln\\\/tempo-30-auf-koelner-strassen\\\/#breadcrumb\"},\"inLanguage\":\"de\",\"potentialAction\":[{\"@type\":\"ReadAction\",\"target\":[\"https:\\\/\\\/www.fuss-ev.de\\\/koeln\\\/tempo-30-auf-koelner-strassen\\\/\"]}]},{\"@type\":\"ImageObject\",\"inLanguage\":\"de\",\"@id\":\"https:\\\/\\\/www.fuss-ev.de\\\/koeln\\\/tempo-30-auf-koelner-strassen\\\/#primaryimage\",\"url\":\"https:\\\/\\\/www.fuss-ev.de\\\/koeln\\\/wp-content\\\/uploads\\\/sites\\\/28\\\/2025\\\/12\\\/neue-30er-strassen-koeln-FUSS-eV-2.jpg\",\"contentUrl\":\"https:\\\/\\\/www.fuss-ev.de\\\/koeln\\\/wp-content\\\/uploads\\\/sites\\\/28\\\/2025\\\/12\\\/neue-30er-strassen-koeln-FUSS-eV-2.jpg\",\"width\":2560,\"height\":1512,\"caption\":\"Ein Tempo-30-Schild mit dem Zusatz L\u00e4rmschutz an einer Stra\u00dfe, an der Menschen auf Cafest\u00fchlen sitzen, auf der anderen Seite viele Autos im Stau\"},{\"@type\":\"BreadcrumbList\",\"@id\":\"https:\\\/\\\/www.fuss-ev.de\\\/koeln\\\/tempo-30-auf-koelner-strassen\\\/#breadcrumb\",\"itemListElement\":[{\"@type\":\"ListItem\",\"position\":1,\"name\":\"Startseite\",\"item\":\"https:\\\/\\\/www.fuss-ev.de\\\/koeln\\\/\"},{\"@type\":\"ListItem\",\"position\":2,\"name\":\"Tempo 30 auf K\u00f6lner Stra\u00dfen\"}]},{\"@type\":\"WebSite\",\"@id\":\"https:\\\/\\\/www.fuss-ev.de\\\/koeln\\\/#website\",\"url\":\"https:\\\/\\\/www.fuss-ev.de\\\/koeln\\\/\",\"name\":\"FUSS e.V. K\u00f6ln\",\"description\":\"Zu Fu\u00df durch K\u00f6ln \u2013 sicher und bequem!\",\"publisher\":{\"@id\":\"https:\\\/\\\/www.fuss-ev.de\\\/koeln\\\/#organization\"},\"potentialAction\":[{\"@type\":\"SearchAction\",\"target\":{\"@type\":\"EntryPoint\",\"urlTemplate\":\"https:\\\/\\\/www.fuss-ev.de\\\/koeln\\\/?s={search_term_string}\"},\"query-input\":{\"@type\":\"PropertyValueSpecification\",\"valueRequired\":true,\"valueName\":\"search_term_string\"}}],\"inLanguage\":\"de\"},{\"@type\":\"Organization\",\"@id\":\"https:\\\/\\\/www.fuss-ev.de\\\/koeln\\\/#organization\",\"name\":\"FUSS e.V. K\u00f6ln\",\"url\":\"https:\\\/\\\/www.fuss-ev.de\\\/koeln\\\/\",\"logo\":{\"@type\":\"ImageObject\",\"inLanguage\":\"de\",\"@id\":\"https:\\\/\\\/www.fuss-ev.de\\\/koeln\\\/#\\\/schema\\\/logo\\\/image\\\/\",\"url\":\"https:\\\/\\\/www.fuss-ev.de\\\/koeln\\\/wp-content\\\/uploads\\\/sites\\\/28\\\/2025\\\/01\\\/FUSS_Logo.jpg\",\"contentUrl\":\"https:\\\/\\\/www.fuss-ev.de\\\/koeln\\\/wp-content\\\/uploads\\\/sites\\\/28\\\/2025\\\/01\\\/FUSS_Logo.jpg\",\"width\":2082,\"height\":979,\"caption\":\"FUSS e.V. K\u00f6ln\"},\"image\":{\"@id\":\"https:\\\/\\\/www.fuss-ev.de\\\/koeln\\\/#\\\/schema\\\/logo\\\/image\\\/\"}},{\"@type\":\"Person\",\"@id\":\"https:\\\/\\\/www.fuss-ev.de\\\/koeln\\\/#\\\/schema\\\/person\\\/0b04c1251a96d6579fc4185df0506d61\",\"name\":\"michaelgerloff\",\"image\":{\"@type\":\"ImageObject\",\"inLanguage\":\"de\",\"@id\":\"https:\\\/\\\/secure.gravatar.com\\\/avatar\\\/133ed8d3167000e42e292cda00717660c6b797418b0c1cc1a67f5082247522e0?s=96&d=mm&r=g\",\"url\":\"https:\\\/\\\/secure.gravatar.com\\\/avatar\\\/133ed8d3167000e42e292cda00717660c6b797418b0c1cc1a67f5082247522e0?s=96&d=mm&r=g\",\"contentUrl\":\"https:\\\/\\\/secure.gravatar.com\\\/avatar\\\/133ed8d3167000e42e292cda00717660c6b797418b0c1cc1a67f5082247522e0?s=96&d=mm&r=g\",\"caption\":\"michaelgerloff\"},\"url\":\"https:\\\/\\\/www.fuss-ev.de\\\/koeln\\\/author\\\/michaelgerloff\\\/\"}]}<\/script>\n<!-- \/ Yoast SEO plugin. -->","yoast_head_json":{"title":"Tempo 30 auf K\u00f6lner Stra\u00dfen - FUSS e.V. K\u00f6ln","robots":{"index":"index","follow":"follow","max-snippet":"max-snippet:-1","max-image-preview":"max-image-preview:large","max-video-preview":"max-video-preview:-1"},"canonical":"https:\/\/www.fuss-ev.de\/koeln\/tempo-30-auf-koelner-strassen\/","og_locale":"de_DE","og_type":"article","og_title":"Tempo 30 auf K\u00f6lner Stra\u00dfen - FUSS e.V. K\u00f6ln","og_description":"[vc_row][vc_column][vc_column_text css=&#8221;&#8221;] Die K\u00f6lner Ortsgruppe des FUSS e.V. hat anl\u00e4sslich des Artikels &#8220;Stadt K\u00f6ln f\u00fchrt auf sechs weiteren Stra\u00dfen Tempo 30 wegen L\u00e4rms ein&#8221; im K\u00f6lner Stadtanzeiger vom 9. Dezember 2025 eine Pressemitteilung ver\u00f6ffentlicht:","og_url":"https:\/\/www.fuss-ev.de\/koeln\/tempo-30-auf-koelner-strassen\/","og_site_name":"FUSS e.V. K\u00f6ln","article_published_time":"2025-12-10T19:51:15+00:00","article_modified_time":"2025-12-11T07:13:44+00:00","og_image":[{"width":2560,"height":1512,"url":"https:\/\/www.fuss-ev.de\/koeln\/wp-content\/uploads\/sites\/28\/2025\/12\/neue-30er-strassen-koeln-FUSS-eV-2.jpg","type":"image\/jpeg"}],"author":"michaelgerloff","twitter_card":"summary_large_image","twitter_misc":{"Verfasst von":"michaelgerloff","Gesch\u00e4tzte Lesezeit":"2\u00a0Minuten"},"schema":{"@context":"https:\/\/schema.org","@graph":[{"@type":"Article","@id":"https:\/\/www.fuss-ev.de\/koeln\/tempo-30-auf-koelner-strassen\/#article","isPartOf":{"@id":"https:\/\/www.fuss-ev.de\/koeln\/tempo-30-auf-koelner-strassen\/"},"author":{"name":"michaelgerloff","@id":"https:\/\/www.fuss-ev.de\/koeln\/#\/schema\/person\/0b04c1251a96d6579fc4185df0506d61"},"headline":"Tempo 30 auf K\u00f6lner Stra\u00dfen","datePublished":"2025-12-10T19:51:15+00:00","dateModified":"2025-12-11T07:13:44+00:00","mainEntityOfPage":{"@id":"https:\/\/www.fuss-ev.de\/koeln\/tempo-30-auf-koelner-strassen\/"},"wordCount":367,"publisher":{"@id":"https:\/\/www.fuss-ev.de\/koeln\/#organization"},"image":{"@id":"https:\/\/www.fuss-ev.de\/koeln\/tempo-30-auf-koelner-strassen\/#primaryimage"},"thumbnailUrl":"https:\/\/www.fuss-ev.de\/koeln\/wp-content\/uploads\/sites\/28\/2025\/12\/neue-30er-strassen-koeln-FUSS-eV-2.jpg","articleSection":["Aktuelles","Pressemitteilungen"],"inLanguage":"de"},{"@type":"WebPage","@id":"https:\/\/www.fuss-ev.de\/koeln\/tempo-30-auf-koelner-strassen\/","url":"https:\/\/www.fuss-ev.de\/koeln\/tempo-30-auf-koelner-strassen\/","name":"Tempo 30 auf K\u00f6lner Stra\u00dfen - FUSS e.V. K\u00f6ln","isPartOf":{"@id":"https:\/\/www.fuss-ev.de\/koeln\/#website"},"primaryImageOfPage":{"@id":"https:\/\/www.fuss-ev.de\/koeln\/tempo-30-auf-koelner-strassen\/#primaryimage"},"image":{"@id":"https:\/\/www.fuss-ev.de\/koeln\/tempo-30-auf-koelner-strassen\/#primaryimage"},"thumbnailUrl":"https:\/\/www.fuss-ev.de\/koeln\/wp-content\/uploads\/sites\/28\/2025\/12\/neue-30er-strassen-koeln-FUSS-eV-2.jpg","datePublished":"2025-12-10T19:51:15+00:00","dateModified":"2025-12-11T07:13:44+00:00","breadcrumb":{"@id":"https:\/\/www.fuss-ev.de\/koeln\/tempo-30-auf-koelner-strassen\/#breadcrumb"},"inLanguage":"de","potentialAction":[{"@type":"ReadAction","target":["https:\/\/www.fuss-ev.de\/koeln\/tempo-30-auf-koelner-strassen\/"]}]},{"@type":"ImageObject","inLanguage":"de","@id":"https:\/\/www.fuss-ev.de\/koeln\/tempo-30-auf-koelner-strassen\/#primaryimage","url":"https:\/\/www.fuss-ev.de\/koeln\/wp-content\/uploads\/sites\/28\/2025\/12\/neue-30er-strassen-koeln-FUSS-eV-2.jpg","contentUrl":"https:\/\/www.fuss-ev.de\/koeln\/wp-content\/uploads\/sites\/28\/2025\/12\/neue-30er-strassen-koeln-FUSS-eV-2.jpg","width":2560,"height":1512,"caption":"Ein Tempo-30-Schild mit dem Zusatz L\u00e4rmschutz an einer Stra\u00dfe, an der Menschen auf Cafest\u00fchlen sitzen, auf der anderen Seite viele Autos im Stau"},{"@type":"BreadcrumbList","@id":"https:\/\/www.fuss-ev.de\/koeln\/tempo-30-auf-koelner-strassen\/#breadcrumb","itemListElement":[{"@type":"ListItem","position":1,"name":"Startseite","item":"https:\/\/www.fuss-ev.de\/koeln\/"},{"@type":"ListItem","position":2,"name":"Tempo 30 auf K\u00f6lner Stra\u00dfen"}]},{"@type":"WebSite","@id":"https:\/\/www.fuss-ev.de\/koeln\/#website","url":"https:\/\/www.fuss-ev.de\/koeln\/","name":"FUSS e.V. K\u00f6ln","description":"Zu Fu\u00df durch K\u00f6ln \u2013 sicher und bequem!","publisher":{"@id":"https:\/\/www.fuss-ev.de\/koeln\/#organization"},"potentialAction":[{"@type":"SearchAction","target":{"@type":"EntryPoint","urlTemplate":"https:\/\/www.fuss-ev.de\/koeln\/?s={search_term_string}"},"query-input":{"@type":"PropertyValueSpecification","valueRequired":true,"valueName":"search_term_string"}}],"inLanguage":"de"},{"@type":"Organization","@id":"https:\/\/www.fuss-ev.de\/koeln\/#organization","name":"FUSS e.V. K\u00f6ln","url":"https:\/\/www.fuss-ev.de\/koeln\/","logo":{"@type":"ImageObject","inLanguage":"de","@id":"https:\/\/www.fuss-ev.de\/koeln\/#\/schema\/logo\/image\/","url":"https:\/\/www.fuss-ev.de\/koeln\/wp-content\/uploads\/sites\/28\/2025\/01\/FUSS_Logo.jpg","contentUrl":"https:\/\/www.fuss-ev.de\/koeln\/wp-content\/uploads\/sites\/28\/2025\/01\/FUSS_Logo.jpg","width":2082,"height":979,"caption":"FUSS e.V. K\u00f6ln"},"image":{"@id":"https:\/\/www.fuss-ev.de\/koeln\/#\/schema\/logo\/image\/"}},{"@type":"Person","@id":"https:\/\/www.fuss-ev.de\/koeln\/#\/schema\/person\/0b04c1251a96d6579fc4185df0506d61","name":"michaelgerloff","image":{"@type":"ImageObject","inLanguage":"de","@id":"https:\/\/secure.gravatar.com\/avatar\/133ed8d3167000e42e292cda00717660c6b797418b0c1cc1a67f5082247522e0?s=96&d=mm&r=g","url":"https:\/\/secure.gravatar.com\/avatar\/133ed8d3167000e42e292cda00717660c6b797418b0c1cc1a67f5082247522e0?s=96&d=mm&r=g","contentUrl":"https:\/\/secure.gravatar.com\/avatar\/133ed8d3167000e42e292cda00717660c6b797418b0c1cc1a67f5082247522e0?s=96&d=mm&r=g","caption":"michaelgerloff"},"url":"https:\/\/www.fuss-ev.de\/koeln\/author\/michaelgerloff\/"}]}},"publishpress_future_action":{"enabled":false,"date":"2026-05-07 07:52:35","action":"change-status","newStatus":"draft","terms":[],"taxonomy":"category","extraData":[]},"publishpress_future_workflow_manual_trigger":{"enabledWorkflows":[]},"_links":{"self":[{"href":"https:\/\/www.fuss-ev.de\/koeln\/wp-json\/wp\/v2\/posts\/4971","targetHints":{"allow":["GET"]}}],"collection":[{"href":"https:\/\/www.fuss-ev.de\/koeln\/wp-json\/wp\/v2\/posts"}],"about":[{"href":"https:\/\/www.fuss-ev.de\/koeln\/wp-json\/wp\/v2\/types\/post"}],"author":[{"embeddable":true,"href":"https:\/\/www.fuss-ev.de\/koeln\/wp-json\/wp\/v2\/users\/53"}],"replies":[{"embeddable":true,"href":"https:\/\/www.fuss-ev.de\/koeln\/wp-json\/wp\/v2\/comments?post=4971"}],"version-history":[{"count":8,"href":"https:\/\/www.fuss-ev.de\/koeln\/wp-json\/wp\/v2\/posts\/4971\/revisions"}],"predecessor-version":[{"id":4982,"href":"https:\/\/www.fuss-ev.de\/koeln\/wp-json\/wp\/v2\/posts\/4971\/revisions\/4982"}],"wp:featuredmedia":[{"embeddable":true,"href":"https:\/\/www.fuss-ev.de\/koeln\/wp-json\/wp\/v2\/media\/4975"}],"wp:attachment":[{"href":"https:\/\/www.fuss-ev.de\/koeln\/wp-json\/wp\/v2\/media?parent=4971"}],"wp:term":[{"taxonomy":"category","embeddable":true,"href":"https:\/\/www.fuss-ev.de\/koeln\/wp-json\/wp\/v2\/categories?post=4971"},{"taxonomy":"post_tag","embeddable":true,"href":"https:\/\/www.fuss-ev.de\/koeln\/wp-json\/wp\/v2\/tags?post=4971"}],"curies":[{"name":"wp","href":"https:\/\/api.w.org\/{rel}","templated":true}]}}