{"id":4930,"date":"2025-10-15T10:10:32","date_gmt":"2025-10-15T08:10:32","guid":{"rendered":"https:\/\/www.fuss-ev.de\/koeln\/?p=4930"},"modified":"2026-02-12T19:53:17","modified_gmt":"2026-02-12T18:53:17","slug":"stuehle-und-baeume-fuer-das-klettenplaetzchen-vom-parkplatz-zur-gruenen-oase","status":"publish","type":"post","link":"https:\/\/www.fuss-ev.de\/koeln\/stuehle-und-baeume-fuer-das-klettenplaetzchen-vom-parkplatz-zur-gruenen-oase\/","title":{"rendered":"Das Klettenpl\u00e4tzchen: vom Parkplatz zur gr\u00fcnen Oase"},"content":{"rendered":"<p>Der Kreuzungsbereich Hardtstra\u00dfe\/ Breibergstra\u00dfe in Klettenberg ist einer der vielen h\u00e4sslichen Pl\u00e4tze, von denen es in K\u00f6ln (noch) viele gibt. Wie es auch anders geht, konnte man am 20.09.2025 erleben.<!--more--><\/p>\n<p><img loading=\"lazy\" decoding=\"async\" class=\"alignleft wp-image-4935\" src=\"https:\/\/www.fuss-ev.de\/koeln\/wp-content\/uploads\/sites\/28\/2025\/10\/Klettenplaetzchen-1_20250920-1024x640.jpg\" alt=\"Mehrere Menschen stehen auf einem sonnigen, durch Topfpflanzen begr\u00fcnten Platz und unterhalten sich.\" width=\"600\" height=\"375\" srcset=\"https:\/\/www.fuss-ev.de\/koeln\/wp-content\/uploads\/sites\/28\/2025\/10\/Klettenplaetzchen-1_20250920-1024x640.jpg 1024w, https:\/\/www.fuss-ev.de\/koeln\/wp-content\/uploads\/sites\/28\/2025\/10\/Klettenplaetzchen-1_20250920-300x188.jpg 300w, https:\/\/www.fuss-ev.de\/koeln\/wp-content\/uploads\/sites\/28\/2025\/10\/Klettenplaetzchen-1_20250920-768x480.jpg 768w, https:\/\/www.fuss-ev.de\/koeln\/wp-content\/uploads\/sites\/28\/2025\/10\/Klettenplaetzchen-1_20250920-1536x960.jpg 1536w, https:\/\/www.fuss-ev.de\/koeln\/wp-content\/uploads\/sites\/28\/2025\/10\/Klettenplaetzchen-1_20250920-2048x1280.jpg 2048w\" sizes=\"auto, (max-width: 600px) 100vw, 600px\" \/><\/p>\n<p>Die <strong>Nachbarschaftsinitiative Klettenpl\u00e4tzchen<\/strong> hatte zum nachbarschaftlichen Kennenlernen und Austausch eingeladen. Daf\u00fcr wurden vom Haus der Architektur K\u00f6ln (hdak) im Rahmen des Projekts &#8220;<a href=\"https:\/\/www.hda-koeln.de\/unser-neues-projekt-1000-stuehle-1000-baeume\/\" target=\"_blank\" rel=\"noopener\">1000 St\u00fchle 1000 B\u00e4ume<\/a>&#8221; schattenspendende, &#8220;mobile&#8221; B\u00e4ume und St\u00fchle zur Verf\u00fcgung gestellt. So wurde aus einem Parkplatz eine gr\u00fcne Oase, ein lebenswerter Platz f\u00fcr Menschen und nicht f\u00fcr Fahrzeuge.<\/p>\n<p>Das Projekt macht deutlich, wie selbstverst\u00e4ndlich in K\u00f6ln immer noch ein Gro\u00dfteil der Fl\u00e4chen parkenden oder fahrenden Autos vorbehalten ist. Dabei wird die Mehrheit der Wege zu Fu\u00df oder mit dem Fahrrad zur\u00fcckgelegt. Die Verteilung des \u00f6ffentlichen Raumes m\u00fcsse gerechter und nachhaltiger, Pl\u00e4tze lebenswerter gestaltet werden.<\/p>\n<p><img loading=\"lazy\" decoding=\"async\" class=\"aligncenter wp-image-4934\" src=\"https:\/\/www.fuss-ev.de\/koeln\/wp-content\/uploads\/sites\/28\/2025\/10\/Plakat-Entwurf-Klettenplaetzchen-e1760557099980-726x1024.jpg\" alt=\"Ein Plakat zeigt den Entwurf des begr\u00fcnten Klettenpl\u00e4tchens\" width=\"400\" height=\"564\" srcset=\"https:\/\/www.fuss-ev.de\/koeln\/wp-content\/uploads\/sites\/28\/2025\/10\/Plakat-Entwurf-Klettenplaetzchen-e1760557099980-726x1024.jpg 726w, https:\/\/www.fuss-ev.de\/koeln\/wp-content\/uploads\/sites\/28\/2025\/10\/Plakat-Entwurf-Klettenplaetzchen-e1760557099980-213x300.jpg 213w, https:\/\/www.fuss-ev.de\/koeln\/wp-content\/uploads\/sites\/28\/2025\/10\/Plakat-Entwurf-Klettenplaetzchen-e1760557099980-768x1083.jpg 768w, https:\/\/www.fuss-ev.de\/koeln\/wp-content\/uploads\/sites\/28\/2025\/10\/Plakat-Entwurf-Klettenplaetzchen-e1760557099980.jpg 1080w\" sizes=\"auto, (max-width: 400px) 100vw, 400px\" \/><\/p>\n<p>Am konkreten Beispiel Klettenbergs verdeutlichte Stadtplaner Dominik Kerl die zunehmende Hitzeentwicklung innerhalb der engen Bebauung. Um diese im Viertel abzufedern, k\u00f6nnen B\u00e4ume und entsiegelte Fl\u00e4chen helfen. Auch er pl\u00e4dierte f\u00fcr eine gerechte Aufteilung des \u00f6ffentlichen Stra\u00dfenraums entsprechend der prozentualen Nutzung durch Radfahrer, Fu\u00dfg\u00e4nger, \u00d6PNV und den Autoverkehr.<\/p>\n<p>Denn auch daran mangelt es immer noch im Viertel, wie Anne Grose, Sprecherin vom Fuss e.V. K\u00f6ln, zeigte. Sie wies auf die vielfach zugeparkten Gehwege hin und forderte deutlich mehr Platz f\u00fcr einen verkehrssicheren Fu\u00dfverkehr f\u00fcr alle, besonders auch f\u00fcr Kinder und Menschen mit Einschr\u00e4nkungen.<\/p>\n<h2>&#8220;Kann das nicht so bleiben?&#8221;<\/h2>\n<p>Ein vielf\u00e4ltiges Musik-Programm, Yoga\u00fcbungen unter freiem Himmel, Pr\u00e4sentationen und Info-St\u00e4nde f\u00fchrten dazu, dass eine Frage immer wieder zu h\u00f6ren war: &#8220;Kann das nicht so bleiben?&#8221;<\/p>\n<p>Die Vision der Nachbarschaftsinitiative Klettenpl\u00e4tzchen bleibt: Das Klettenpl\u00e4tzchen nicht nur wenige Stunden im Jahr, sondern dauerhaft ohne Autoverkehr als Ort der Begegnung und des Miteinanders im konsumfreien Raum vielf\u00e4ltig nutzen zu k\u00f6nnen.<\/p>\n<p>Nicht nur daf\u00fcr setzen sich Renate Husemann-Welp, Christoph Plath und Ekkehard Welp (alle Mitglieder von FUSS e.V. und der Nachbarschaftsinitiative Klettenpl\u00e4tzchen) ein. Dar\u00fcber hinaus ergreifen sie immer wieder die Initiative f\u00fcr sichere, ausreichend breite und fu\u00dfg\u00e4ngerfreundliche Gehwege in Klettenberg und S\u00fclz: durch pers\u00f6nliche Gespr\u00e4che und im Kontakt mit den zust\u00e4ndigen Beh\u00f6rden, besonders auch bei der geplanten Umgestaltung der Petersbergstra\u00dfe.<\/p>\n","protected":false},"excerpt":{"rendered":"<p>Der Kreuzungsbereich Hardtstra\u00dfe\/ Breibergstra\u00dfe in Klettenberg ist einer der vielen h\u00e4sslichen Pl\u00e4tze, von denen es in K\u00f6ln (noch) viele gibt. Wie es auch anders geht, konnte man am 20.09.2025 erleben.<\/p>\n","protected":false},"author":53,"featured_media":4935,"comment_status":"closed","ping_status":"closed","sticky":false,"template":"","format":"standard","meta":{"_acf_changed":false,"_relevanssi_hide_post":"","_relevanssi_hide_content":"","_relevanssi_pin_for_all":"","_relevanssi_pin_keywords":"","_relevanssi_unpin_keywords":"","_relevanssi_related_keywords":"","_relevanssi_related_include_ids":"","_relevanssi_related_exclude_ids":"","_relevanssi_related_no_append":"","_relevanssi_related_not_related":"","_relevanssi_related_posts":"","_relevanssi_noindex_reason":"","footnotes":""},"categories":[8,1],"tags":[],"class_list":["post-4930","post","type-post","status-publish","format-standard","has-post-thumbnail","hentry","category-aktuelles","category-allgemein"],"acf":[],"yoast_head":"<!-- This site is optimized with the Yoast SEO plugin v27.4 - https:\/\/yoast.com\/product\/yoast-seo-wordpress\/ -->\n<title>Das Klettenpl\u00e4tzchen: vom Parkplatz zur gr\u00fcnen Oase - FUSS e.V. K\u00f6ln<\/title>\n<meta name=\"robots\" content=\"index, follow, max-snippet:-1, max-image-preview:large, max-video-preview:-1\" \/>\n<link rel=\"canonical\" href=\"https:\/\/www.fuss-ev.de\/koeln\/stuehle-und-baeume-fuer-das-klettenplaetzchen-vom-parkplatz-zur-gruenen-oase\/\" \/>\n<meta property=\"og:locale\" content=\"de_DE\" \/>\n<meta property=\"og:type\" content=\"article\" \/>\n<meta property=\"og:title\" content=\"Das Klettenpl\u00e4tzchen: vom Parkplatz zur gr\u00fcnen Oase - FUSS e.V. K\u00f6ln\" \/>\n<meta property=\"og:description\" content=\"Der Kreuzungsbereich Hardtstra\u00dfe\/ Breibergstra\u00dfe in Klettenberg ist einer der vielen h\u00e4sslichen Pl\u00e4tze, von denen es in K\u00f6ln (noch) viele gibt. Wie es auch anders geht, konnte man am 20.09.2025 erleben.\" \/>\n<meta property=\"og:url\" content=\"https:\/\/www.fuss-ev.de\/koeln\/stuehle-und-baeume-fuer-das-klettenplaetzchen-vom-parkplatz-zur-gruenen-oase\/\" \/>\n<meta property=\"og:site_name\" content=\"FUSS e.V. K\u00f6ln\" \/>\n<meta property=\"article:published_time\" content=\"2025-10-15T08:10:32+00:00\" \/>\n<meta property=\"article:modified_time\" content=\"2026-02-12T18:53:17+00:00\" \/>\n<meta property=\"og:image\" content=\"https:\/\/www.fuss-ev.de\/koeln\/wp-content\/uploads\/sites\/28\/2025\/10\/Klettenplaetzchen-1_20250920-scaled.jpg\" \/>\n\t<meta property=\"og:image:width\" content=\"2560\" \/>\n\t<meta property=\"og:image:height\" content=\"1600\" \/>\n\t<meta property=\"og:image:type\" content=\"image\/jpeg\" \/>\n<meta name=\"author\" content=\"michaelgerloff\" \/>\n<meta name=\"twitter:card\" content=\"summary_large_image\" \/>\n<meta name=\"twitter:label1\" content=\"Verfasst von\" \/>\n\t<meta name=\"twitter:data1\" content=\"michaelgerloff\" \/>\n\t<meta name=\"twitter:label2\" content=\"Gesch\u00e4tzte Lesezeit\" \/>\n\t<meta name=\"twitter:data2\" content=\"3\u00a0Minuten\" \/>\n<script type=\"application\/ld+json\" class=\"yoast-schema-graph\">{\"@context\":\"https:\\\/\\\/schema.org\",\"@graph\":[{\"@type\":\"Article\",\"@id\":\"https:\\\/\\\/www.fuss-ev.de\\\/koeln\\\/stuehle-und-baeume-fuer-das-klettenplaetzchen-vom-parkplatz-zur-gruenen-oase\\\/#article\",\"isPartOf\":{\"@id\":\"https:\\\/\\\/www.fuss-ev.de\\\/koeln\\\/stuehle-und-baeume-fuer-das-klettenplaetzchen-vom-parkplatz-zur-gruenen-oase\\\/\"},\"author\":{\"name\":\"michaelgerloff\",\"@id\":\"https:\\\/\\\/www.fuss-ev.de\\\/koeln\\\/#\\\/schema\\\/person\\\/0b04c1251a96d6579fc4185df0506d61\"},\"headline\":\"Das Klettenpl\u00e4tzchen: vom Parkplatz zur gr\u00fcnen Oase\",\"datePublished\":\"2025-10-15T08:10:32+00:00\",\"dateModified\":\"2026-02-12T18:53:17+00:00\",\"mainEntityOfPage\":{\"@id\":\"https:\\\/\\\/www.fuss-ev.de\\\/koeln\\\/stuehle-und-baeume-fuer-das-klettenplaetzchen-vom-parkplatz-zur-gruenen-oase\\\/\"},\"wordCount\":407,\"publisher\":{\"@id\":\"https:\\\/\\\/www.fuss-ev.de\\\/koeln\\\/#organization\"},\"image\":{\"@id\":\"https:\\\/\\\/www.fuss-ev.de\\\/koeln\\\/stuehle-und-baeume-fuer-das-klettenplaetzchen-vom-parkplatz-zur-gruenen-oase\\\/#primaryimage\"},\"thumbnailUrl\":\"https:\\\/\\\/www.fuss-ev.de\\\/koeln\\\/wp-content\\\/uploads\\\/sites\\\/28\\\/2025\\\/10\\\/Klettenplaetzchen-1_20250920-scaled.jpg\",\"articleSection\":[\"Aktuelles\"],\"inLanguage\":\"de\"},{\"@type\":\"WebPage\",\"@id\":\"https:\\\/\\\/www.fuss-ev.de\\\/koeln\\\/stuehle-und-baeume-fuer-das-klettenplaetzchen-vom-parkplatz-zur-gruenen-oase\\\/\",\"url\":\"https:\\\/\\\/www.fuss-ev.de\\\/koeln\\\/stuehle-und-baeume-fuer-das-klettenplaetzchen-vom-parkplatz-zur-gruenen-oase\\\/\",\"name\":\"Das Klettenpl\u00e4tzchen: vom Parkplatz zur gr\u00fcnen Oase - FUSS e.V. K\u00f6ln\",\"isPartOf\":{\"@id\":\"https:\\\/\\\/www.fuss-ev.de\\\/koeln\\\/#website\"},\"primaryImageOfPage\":{\"@id\":\"https:\\\/\\\/www.fuss-ev.de\\\/koeln\\\/stuehle-und-baeume-fuer-das-klettenplaetzchen-vom-parkplatz-zur-gruenen-oase\\\/#primaryimage\"},\"image\":{\"@id\":\"https:\\\/\\\/www.fuss-ev.de\\\/koeln\\\/stuehle-und-baeume-fuer-das-klettenplaetzchen-vom-parkplatz-zur-gruenen-oase\\\/#primaryimage\"},\"thumbnailUrl\":\"https:\\\/\\\/www.fuss-ev.de\\\/koeln\\\/wp-content\\\/uploads\\\/sites\\\/28\\\/2025\\\/10\\\/Klettenplaetzchen-1_20250920-scaled.jpg\",\"datePublished\":\"2025-10-15T08:10:32+00:00\",\"dateModified\":\"2026-02-12T18:53:17+00:00\",\"breadcrumb\":{\"@id\":\"https:\\\/\\\/www.fuss-ev.de\\\/koeln\\\/stuehle-und-baeume-fuer-das-klettenplaetzchen-vom-parkplatz-zur-gruenen-oase\\\/#breadcrumb\"},\"inLanguage\":\"de\",\"potentialAction\":[{\"@type\":\"ReadAction\",\"target\":[\"https:\\\/\\\/www.fuss-ev.de\\\/koeln\\\/stuehle-und-baeume-fuer-das-klettenplaetzchen-vom-parkplatz-zur-gruenen-oase\\\/\"]}]},{\"@type\":\"ImageObject\",\"inLanguage\":\"de\",\"@id\":\"https:\\\/\\\/www.fuss-ev.de\\\/koeln\\\/stuehle-und-baeume-fuer-das-klettenplaetzchen-vom-parkplatz-zur-gruenen-oase\\\/#primaryimage\",\"url\":\"https:\\\/\\\/www.fuss-ev.de\\\/koeln\\\/wp-content\\\/uploads\\\/sites\\\/28\\\/2025\\\/10\\\/Klettenplaetzchen-1_20250920-scaled.jpg\",\"contentUrl\":\"https:\\\/\\\/www.fuss-ev.de\\\/koeln\\\/wp-content\\\/uploads\\\/sites\\\/28\\\/2025\\\/10\\\/Klettenplaetzchen-1_20250920-scaled.jpg\",\"width\":2560,\"height\":1600,\"caption\":\"Mehrere Menschen stehen auf einem sonnigen, durch Topfpflanzen begr\u00fcnten Platz und unterhalten sich.\"},{\"@type\":\"BreadcrumbList\",\"@id\":\"https:\\\/\\\/www.fuss-ev.de\\\/koeln\\\/stuehle-und-baeume-fuer-das-klettenplaetzchen-vom-parkplatz-zur-gruenen-oase\\\/#breadcrumb\",\"itemListElement\":[{\"@type\":\"ListItem\",\"position\":1,\"name\":\"Startseite\",\"item\":\"https:\\\/\\\/www.fuss-ev.de\\\/koeln\\\/\"},{\"@type\":\"ListItem\",\"position\":2,\"name\":\"Das Klettenpl\u00e4tzchen: vom Parkplatz zur gr\u00fcnen Oase\"}]},{\"@type\":\"WebSite\",\"@id\":\"https:\\\/\\\/www.fuss-ev.de\\\/koeln\\\/#website\",\"url\":\"https:\\\/\\\/www.fuss-ev.de\\\/koeln\\\/\",\"name\":\"FUSS e.V. K\u00f6ln\",\"description\":\"Zu Fu\u00df durch K\u00f6ln \u2013 sicher und bequem!\",\"publisher\":{\"@id\":\"https:\\\/\\\/www.fuss-ev.de\\\/koeln\\\/#organization\"},\"potentialAction\":[{\"@type\":\"SearchAction\",\"target\":{\"@type\":\"EntryPoint\",\"urlTemplate\":\"https:\\\/\\\/www.fuss-ev.de\\\/koeln\\\/?s={search_term_string}\"},\"query-input\":{\"@type\":\"PropertyValueSpecification\",\"valueRequired\":true,\"valueName\":\"search_term_string\"}}],\"inLanguage\":\"de\"},{\"@type\":\"Organization\",\"@id\":\"https:\\\/\\\/www.fuss-ev.de\\\/koeln\\\/#organization\",\"name\":\"FUSS e.V. K\u00f6ln\",\"url\":\"https:\\\/\\\/www.fuss-ev.de\\\/koeln\\\/\",\"logo\":{\"@type\":\"ImageObject\",\"inLanguage\":\"de\",\"@id\":\"https:\\\/\\\/www.fuss-ev.de\\\/koeln\\\/#\\\/schema\\\/logo\\\/image\\\/\",\"url\":\"https:\\\/\\\/www.fuss-ev.de\\\/koeln\\\/wp-content\\\/uploads\\\/sites\\\/28\\\/2025\\\/01\\\/FUSS_Logo.jpg\",\"contentUrl\":\"https:\\\/\\\/www.fuss-ev.de\\\/koeln\\\/wp-content\\\/uploads\\\/sites\\\/28\\\/2025\\\/01\\\/FUSS_Logo.jpg\",\"width\":2082,\"height\":979,\"caption\":\"FUSS e.V. K\u00f6ln\"},\"image\":{\"@id\":\"https:\\\/\\\/www.fuss-ev.de\\\/koeln\\\/#\\\/schema\\\/logo\\\/image\\\/\"}},{\"@type\":\"Person\",\"@id\":\"https:\\\/\\\/www.fuss-ev.de\\\/koeln\\\/#\\\/schema\\\/person\\\/0b04c1251a96d6579fc4185df0506d61\",\"name\":\"michaelgerloff\",\"image\":{\"@type\":\"ImageObject\",\"inLanguage\":\"de\",\"@id\":\"https:\\\/\\\/secure.gravatar.com\\\/avatar\\\/133ed8d3167000e42e292cda00717660c6b797418b0c1cc1a67f5082247522e0?s=96&d=mm&r=g\",\"url\":\"https:\\\/\\\/secure.gravatar.com\\\/avatar\\\/133ed8d3167000e42e292cda00717660c6b797418b0c1cc1a67f5082247522e0?s=96&d=mm&r=g\",\"contentUrl\":\"https:\\\/\\\/secure.gravatar.com\\\/avatar\\\/133ed8d3167000e42e292cda00717660c6b797418b0c1cc1a67f5082247522e0?s=96&d=mm&r=g\",\"caption\":\"michaelgerloff\"},\"url\":\"https:\\\/\\\/www.fuss-ev.de\\\/koeln\\\/author\\\/michaelgerloff\\\/\"}]}<\/script>\n<!-- \/ Yoast SEO plugin. -->","yoast_head_json":{"title":"Das Klettenpl\u00e4tzchen: vom Parkplatz zur gr\u00fcnen Oase - FUSS e.V. K\u00f6ln","robots":{"index":"index","follow":"follow","max-snippet":"max-snippet:-1","max-image-preview":"max-image-preview:large","max-video-preview":"max-video-preview:-1"},"canonical":"https:\/\/www.fuss-ev.de\/koeln\/stuehle-und-baeume-fuer-das-klettenplaetzchen-vom-parkplatz-zur-gruenen-oase\/","og_locale":"de_DE","og_type":"article","og_title":"Das Klettenpl\u00e4tzchen: vom Parkplatz zur gr\u00fcnen Oase - FUSS e.V. K\u00f6ln","og_description":"Der Kreuzungsbereich Hardtstra\u00dfe\/ Breibergstra\u00dfe in Klettenberg ist einer der vielen h\u00e4sslichen Pl\u00e4tze, von denen es in K\u00f6ln (noch) viele gibt. Wie es auch anders geht, konnte man am 20.09.2025 erleben.","og_url":"https:\/\/www.fuss-ev.de\/koeln\/stuehle-und-baeume-fuer-das-klettenplaetzchen-vom-parkplatz-zur-gruenen-oase\/","og_site_name":"FUSS e.V. K\u00f6ln","article_published_time":"2025-10-15T08:10:32+00:00","article_modified_time":"2026-02-12T18:53:17+00:00","og_image":[{"width":2560,"height":1600,"url":"https:\/\/www.fuss-ev.de\/koeln\/wp-content\/uploads\/sites\/28\/2025\/10\/Klettenplaetzchen-1_20250920-scaled.jpg","type":"image\/jpeg"}],"author":"michaelgerloff","twitter_card":"summary_large_image","twitter_misc":{"Verfasst von":"michaelgerloff","Gesch\u00e4tzte Lesezeit":"3\u00a0Minuten"},"schema":{"@context":"https:\/\/schema.org","@graph":[{"@type":"Article","@id":"https:\/\/www.fuss-ev.de\/koeln\/stuehle-und-baeume-fuer-das-klettenplaetzchen-vom-parkplatz-zur-gruenen-oase\/#article","isPartOf":{"@id":"https:\/\/www.fuss-ev.de\/koeln\/stuehle-und-baeume-fuer-das-klettenplaetzchen-vom-parkplatz-zur-gruenen-oase\/"},"author":{"name":"michaelgerloff","@id":"https:\/\/www.fuss-ev.de\/koeln\/#\/schema\/person\/0b04c1251a96d6579fc4185df0506d61"},"headline":"Das Klettenpl\u00e4tzchen: vom Parkplatz zur gr\u00fcnen Oase","datePublished":"2025-10-15T08:10:32+00:00","dateModified":"2026-02-12T18:53:17+00:00","mainEntityOfPage":{"@id":"https:\/\/www.fuss-ev.de\/koeln\/stuehle-und-baeume-fuer-das-klettenplaetzchen-vom-parkplatz-zur-gruenen-oase\/"},"wordCount":407,"publisher":{"@id":"https:\/\/www.fuss-ev.de\/koeln\/#organization"},"image":{"@id":"https:\/\/www.fuss-ev.de\/koeln\/stuehle-und-baeume-fuer-das-klettenplaetzchen-vom-parkplatz-zur-gruenen-oase\/#primaryimage"},"thumbnailUrl":"https:\/\/www.fuss-ev.de\/koeln\/wp-content\/uploads\/sites\/28\/2025\/10\/Klettenplaetzchen-1_20250920-scaled.jpg","articleSection":["Aktuelles"],"inLanguage":"de"},{"@type":"WebPage","@id":"https:\/\/www.fuss-ev.de\/koeln\/stuehle-und-baeume-fuer-das-klettenplaetzchen-vom-parkplatz-zur-gruenen-oase\/","url":"https:\/\/www.fuss-ev.de\/koeln\/stuehle-und-baeume-fuer-das-klettenplaetzchen-vom-parkplatz-zur-gruenen-oase\/","name":"Das Klettenpl\u00e4tzchen: vom Parkplatz zur gr\u00fcnen Oase - FUSS e.V. K\u00f6ln","isPartOf":{"@id":"https:\/\/www.fuss-ev.de\/koeln\/#website"},"primaryImageOfPage":{"@id":"https:\/\/www.fuss-ev.de\/koeln\/stuehle-und-baeume-fuer-das-klettenplaetzchen-vom-parkplatz-zur-gruenen-oase\/#primaryimage"},"image":{"@id":"https:\/\/www.fuss-ev.de\/koeln\/stuehle-und-baeume-fuer-das-klettenplaetzchen-vom-parkplatz-zur-gruenen-oase\/#primaryimage"},"thumbnailUrl":"https:\/\/www.fuss-ev.de\/koeln\/wp-content\/uploads\/sites\/28\/2025\/10\/Klettenplaetzchen-1_20250920-scaled.jpg","datePublished":"2025-10-15T08:10:32+00:00","dateModified":"2026-02-12T18:53:17+00:00","breadcrumb":{"@id":"https:\/\/www.fuss-ev.de\/koeln\/stuehle-und-baeume-fuer-das-klettenplaetzchen-vom-parkplatz-zur-gruenen-oase\/#breadcrumb"},"inLanguage":"de","potentialAction":[{"@type":"ReadAction","target":["https:\/\/www.fuss-ev.de\/koeln\/stuehle-und-baeume-fuer-das-klettenplaetzchen-vom-parkplatz-zur-gruenen-oase\/"]}]},{"@type":"ImageObject","inLanguage":"de","@id":"https:\/\/www.fuss-ev.de\/koeln\/stuehle-und-baeume-fuer-das-klettenplaetzchen-vom-parkplatz-zur-gruenen-oase\/#primaryimage","url":"https:\/\/www.fuss-ev.de\/koeln\/wp-content\/uploads\/sites\/28\/2025\/10\/Klettenplaetzchen-1_20250920-scaled.jpg","contentUrl":"https:\/\/www.fuss-ev.de\/koeln\/wp-content\/uploads\/sites\/28\/2025\/10\/Klettenplaetzchen-1_20250920-scaled.jpg","width":2560,"height":1600,"caption":"Mehrere Menschen stehen auf einem sonnigen, durch Topfpflanzen begr\u00fcnten Platz und unterhalten sich."},{"@type":"BreadcrumbList","@id":"https:\/\/www.fuss-ev.de\/koeln\/stuehle-und-baeume-fuer-das-klettenplaetzchen-vom-parkplatz-zur-gruenen-oase\/#breadcrumb","itemListElement":[{"@type":"ListItem","position":1,"name":"Startseite","item":"https:\/\/www.fuss-ev.de\/koeln\/"},{"@type":"ListItem","position":2,"name":"Das Klettenpl\u00e4tzchen: vom Parkplatz zur gr\u00fcnen Oase"}]},{"@type":"WebSite","@id":"https:\/\/www.fuss-ev.de\/koeln\/#website","url":"https:\/\/www.fuss-ev.de\/koeln\/","name":"FUSS e.V. K\u00f6ln","description":"Zu Fu\u00df durch K\u00f6ln \u2013 sicher und bequem!","publisher":{"@id":"https:\/\/www.fuss-ev.de\/koeln\/#organization"},"potentialAction":[{"@type":"SearchAction","target":{"@type":"EntryPoint","urlTemplate":"https:\/\/www.fuss-ev.de\/koeln\/?s={search_term_string}"},"query-input":{"@type":"PropertyValueSpecification","valueRequired":true,"valueName":"search_term_string"}}],"inLanguage":"de"},{"@type":"Organization","@id":"https:\/\/www.fuss-ev.de\/koeln\/#organization","name":"FUSS e.V. K\u00f6ln","url":"https:\/\/www.fuss-ev.de\/koeln\/","logo":{"@type":"ImageObject","inLanguage":"de","@id":"https:\/\/www.fuss-ev.de\/koeln\/#\/schema\/logo\/image\/","url":"https:\/\/www.fuss-ev.de\/koeln\/wp-content\/uploads\/sites\/28\/2025\/01\/FUSS_Logo.jpg","contentUrl":"https:\/\/www.fuss-ev.de\/koeln\/wp-content\/uploads\/sites\/28\/2025\/01\/FUSS_Logo.jpg","width":2082,"height":979,"caption":"FUSS e.V. K\u00f6ln"},"image":{"@id":"https:\/\/www.fuss-ev.de\/koeln\/#\/schema\/logo\/image\/"}},{"@type":"Person","@id":"https:\/\/www.fuss-ev.de\/koeln\/#\/schema\/person\/0b04c1251a96d6579fc4185df0506d61","name":"michaelgerloff","image":{"@type":"ImageObject","inLanguage":"de","@id":"https:\/\/secure.gravatar.com\/avatar\/133ed8d3167000e42e292cda00717660c6b797418b0c1cc1a67f5082247522e0?s=96&d=mm&r=g","url":"https:\/\/secure.gravatar.com\/avatar\/133ed8d3167000e42e292cda00717660c6b797418b0c1cc1a67f5082247522e0?s=96&d=mm&r=g","contentUrl":"https:\/\/secure.gravatar.com\/avatar\/133ed8d3167000e42e292cda00717660c6b797418b0c1cc1a67f5082247522e0?s=96&d=mm&r=g","caption":"michaelgerloff"},"url":"https:\/\/www.fuss-ev.de\/koeln\/author\/michaelgerloff\/"}]}},"publishpress_future_action":{"enabled":false,"date":"2026-05-07 07:53:06","action":"change-status","newStatus":"draft","terms":[],"taxonomy":"category","extraData":[]},"publishpress_future_workflow_manual_trigger":{"enabledWorkflows":[]},"_links":{"self":[{"href":"https:\/\/www.fuss-ev.de\/koeln\/wp-json\/wp\/v2\/posts\/4930","targetHints":{"allow":["GET"]}}],"collection":[{"href":"https:\/\/www.fuss-ev.de\/koeln\/wp-json\/wp\/v2\/posts"}],"about":[{"href":"https:\/\/www.fuss-ev.de\/koeln\/wp-json\/wp\/v2\/types\/post"}],"author":[{"embeddable":true,"href":"https:\/\/www.fuss-ev.de\/koeln\/wp-json\/wp\/v2\/users\/53"}],"replies":[{"embeddable":true,"href":"https:\/\/www.fuss-ev.de\/koeln\/wp-json\/wp\/v2\/comments?post=4930"}],"version-history":[{"count":24,"href":"https:\/\/www.fuss-ev.de\/koeln\/wp-json\/wp\/v2\/posts\/4930\/revisions"}],"predecessor-version":[{"id":5009,"href":"https:\/\/www.fuss-ev.de\/koeln\/wp-json\/wp\/v2\/posts\/4930\/revisions\/5009"}],"wp:featuredmedia":[{"embeddable":true,"href":"https:\/\/www.fuss-ev.de\/koeln\/wp-json\/wp\/v2\/media\/4935"}],"wp:attachment":[{"href":"https:\/\/www.fuss-ev.de\/koeln\/wp-json\/wp\/v2\/media?parent=4930"}],"wp:term":[{"taxonomy":"category","embeddable":true,"href":"https:\/\/www.fuss-ev.de\/koeln\/wp-json\/wp\/v2\/categories?post=4930"},{"taxonomy":"post_tag","embeddable":true,"href":"https:\/\/www.fuss-ev.de\/koeln\/wp-json\/wp\/v2\/tags?post=4930"}],"curies":[{"name":"wp","href":"https:\/\/api.w.org\/{rel}","templated":true}]}}