{"id":4884,"date":"2025-10-07T10:46:49","date_gmt":"2025-10-07T08:46:49","guid":{"rendered":"https:\/\/www.fuss-ev.de\/koeln\/?p=4884"},"modified":"2025-12-09T10:36:21","modified_gmt":"2025-12-09T09:36:21","slug":"auf-spurensuche-im-veedel-geh-und-klima-check-in-koeln","status":"publish","type":"post","link":"https:\/\/www.fuss-ev.de\/koeln\/auf-spurensuche-im-veedel-geh-und-klima-check-in-koeln\/","title":{"rendered":"Auf Spurensuche im Veedel: Geh- und Klima-Check in K\u00f6ln"},"content":{"rendered":"<div class=\"wpb-content-wrapper\"><p>[vc_row][vc_column][vc_column_text css=&#8221;&#8221;]<img loading=\"lazy\" decoding=\"async\" class=\"alignleft wp-image-4903\" src=\"https:\/\/www.fuss-ev.de\/koeln\/wp-content\/uploads\/sites\/28\/2025\/10\/klimacheck-gebiet-neu-1024x640.jpg\" alt=\"Ausschnitt des K\u00f6lner Stadtplans mit einer transparent-blauen Fl\u00e4che, die das Untersuchungsgebiet anzeigt.\" width=\"600\" height=\"375\" srcset=\"https:\/\/www.fuss-ev.de\/koeln\/wp-content\/uploads\/sites\/28\/2025\/10\/klimacheck-gebiet-neu-1024x640.jpg 1024w, https:\/\/www.fuss-ev.de\/koeln\/wp-content\/uploads\/sites\/28\/2025\/10\/klimacheck-gebiet-neu-300x188.jpg 300w, https:\/\/www.fuss-ev.de\/koeln\/wp-content\/uploads\/sites\/28\/2025\/10\/klimacheck-gebiet-neu-768x480.jpg 768w, https:\/\/www.fuss-ev.de\/koeln\/wp-content\/uploads\/sites\/28\/2025\/10\/klimacheck-gebiet-neu-1536x960.jpg 1536w, https:\/\/www.fuss-ev.de\/koeln\/wp-content\/uploads\/sites\/28\/2025\/10\/klimacheck-gebiet-neu.jpg 1920w\" sizes=\"auto, (max-width: 600px) 100vw, 600px\" \/><\/p>\n<p>Am 25. September 2025 verwandelte sich das Winzer- und das Pantaleonsviertel in K\u00f6ln in ein Freiluftforschungsfeld f\u00fcr Mobilit\u00e4t und Klimaresilienz. <!--more-->Unter dem Titel &#8220;Geh- und Klima-Check&#8221; nahmen rund 30 Teilnehmer:innen aus Verwaltung, Politik und Zivilgesellschaft an einer intensiven Begehung teil, die vom Fachverband FUSS e.V. organisiert wurde.<\/p>\n<p>Die Stadt K\u00f6ln war durch Mitarbeitende der Stadtverwaltung, insbesondere des Amtes f\u00fcr Nachhaltige Mobilit\u00e4t vertreten, ebenso dabei der Bezirksb\u00fcrgermeister der Innenstadt, Andreas Hupke. Dazu kamen Vertreter:innen u.a. des Verkehrsclubs Deutschland (VCD), der Initiative Agora mit ihrem Superblock-Projekt f\u00fcr das Winzerveedel und Mitglieder der K\u00f6lner FUSS-Ortsgruppe.<\/p>\n<h2>Ein Modellprojekt mit Signalwirkung<\/h2>\n<p>Das Projekt &#8220;Besseres Klima in Kommunen geht gut&#8221; l\u00e4uft seit Juni 2025, K\u00f6ln ist neben Hannover, Luckenwalde und N\u00fcrtingen eine von vier Modellst\u00e4dten. Ziel ist es, die Qualit\u00e4t f\u00fcr den Fu\u00dfverkehr und das Stadtklima gemeinsam in den Blick zu nehmen. Es geht dabei nicht allein um breitere Gehwege und sichere Querungen, sondern auch um Fragen wie Begr\u00fcnung, Entsiegelung und klimaangepasste Infrastruktur. Fu\u00dfverkehrsf\u00f6rderung und Mobilit\u00e4tswende werden hierbei also zusammen mit der erforderlichen Anpassung der Stadt an den Klimawandel betrachtet.<\/p>\n<p>In K\u00f6ln betreuen Projektleiter Patrick Riskowsky und der Spaziergangsforscher Bertram Weisshaar das Vorhaben aufseiten des FUSS e.V., f\u00fcr die Stadt K\u00f6ln wird das Projekt von der Fu\u00dfverkehrsbeauftragten Britta Buch und der Klimaanpassungsmanagerin Yvonne Wieczorrek begleitet.<\/p>\n<h2>Quartiersgeher:innen als Augen und Ohren<\/h2>\n<p>Eine Besonderheit sind die sogenannten Quartiersgeher:innen: Das sind Ehrenamtliche, die ihre Beobachtungen auf ihren allt\u00e4glichen Fu\u00dfwegen protokollieren, um auch bei unterschiedlichen Witterungsbedingungen die M\u00e4ngel der Fu\u00dfverkehrsinfrastruktur zu erfassen. Im Sommer\u00a0wurden 35 Quartiersgeher:innen f\u00fcr das Untersuchungsgebiet von der Projektleitung ausgew\u00e4hlt und geschult.<\/p>\n<h2>Der Check im Winzer- und im Pantaleonsviertel<\/h2>\n<p><img loading=\"lazy\" decoding=\"async\" class=\"alignleft wp-image-4917\" src=\"https:\/\/www.fuss-ev.de\/koeln\/wp-content\/uploads\/sites\/28\/2025\/10\/Klimaprojekt-2025-1920-1024x640.jpg\" alt=\"Eine Gruppe steht an einer Stra\u00dfenecke, eine Frau macht Notizen, der Spaziergangsforscher Bertram Weisshaar informiert die Gruppe, hinter ihm steht die K\u00f6lner Fu\u00dfverkehrsbeauftragte Britta Buch.\" width=\"600\" height=\"375\" srcset=\"https:\/\/www.fuss-ev.de\/koeln\/wp-content\/uploads\/sites\/28\/2025\/10\/Klimaprojekt-2025-1920-1024x640.jpg 1024w, https:\/\/www.fuss-ev.de\/koeln\/wp-content\/uploads\/sites\/28\/2025\/10\/Klimaprojekt-2025-1920-300x188.jpg 300w, https:\/\/www.fuss-ev.de\/koeln\/wp-content\/uploads\/sites\/28\/2025\/10\/Klimaprojekt-2025-1920-768x480.jpg 768w, https:\/\/www.fuss-ev.de\/koeln\/wp-content\/uploads\/sites\/28\/2025\/10\/Klimaprojekt-2025-1920-1536x960.jpg 1536w, https:\/\/www.fuss-ev.de\/koeln\/wp-content\/uploads\/sites\/28\/2025\/10\/Klimaprojekt-2025-1920.jpg 1920w\" sizes=\"auto, (max-width: 600px) 100vw, 600px\" \/><span style=\"font-size: 10pt\">Spaziergangsforscher Bertram Weisshaar informiert an einer der Stationen \u00fcber Probleme und M\u00f6glichkeiten (hinter ihm die K\u00f6lner Fu\u00dfverkehrsbeauftragte Britta Buch).<\/span><\/p>\n<p>Bei der Begehung am 25. September ging es mit Formularen, Stiften und Klemmbrettern durch das Projektgebiet, um Positives und M\u00e4ngel sowie Verbesserungsvorschl\u00e4ge zu notieren. Trotz des\u00a0 nasskalten Wetters blieb die Gruppe bis zum Abschluss der Begehung nach 2,5 Stunden zusammen, protokollierte flei\u00dfig und diskutierte lebhaft. Dabei wurden positive Ans\u00e4tze lobend wahrgenommen, wie etwa auf einigen Stra\u00dfenabschnitten freie Ecken, Tempo 30, L\u00e4ngs- statt Schr\u00e4gparken und Fahrradabstellpl\u00e4tze anstelle von Autoparkpl\u00e4tzen. Dennoch \u00fcberwog die Kritik an allseits bekannten M\u00e4ngeln: zu schneller Autoverkehr, zu viele auf Gehwegen parkende Autos und Fahrr\u00e4der, unsichere Querung von Stra\u00dfen und Kreuzungen, zu viel Versiegelung, zu wenig B\u00e4ume und Fassadengr\u00fcn, keine B\u00e4nke und vieles mehr.<\/p>\n<h2>Zwischenfazit<\/h2>\n<p>Die lebhaften Diskussionen und akribischen Notizen zeigen: Das Projekt trifft einen Nerv. Es vereint Klimaschutz, Stadtgestaltung und Verkehrswende auf engstem Raum und macht deutlich, wie sehr Fu\u00dfverkehr und st\u00e4dtisches Mikroklima zusammenh\u00e4ngen.<\/p>\n<p>Die Ergebnisse der Begehung werden in den kommenden Monaten ausgewertet und in den weiteren Verlauf des Projekts, das bis Dezember 2026 l\u00e4uft, eingebunden \u2013 ein Schritt, der entscheidend sein wird f\u00fcr konkrete Ma\u00dfnahmen.<\/p>\n<p>Kurzum: Ein tolles Projekt mit einer guten Projektleitung!<\/p>\n<p>Informationen zum Projekt &#8220;Besseres Klima in Kommunen geht gut&#8221; gibt es auf der <a href=\"https:\/\/www.fuss-ev.de\/ueber-uns\/projekte\/besseres-klima-in-kommunen-geht-gut\/\" target=\"_blank\" rel=\"noopener\"><strong>Webseite des FUSS e.V.<\/strong><\/a><strong>,<\/strong> \u00a0mehr zum K\u00f6lner Modellstadt <strong><a href=\"https:\/\/www.fuss-ev.de\/ueber-uns\/projekte\/besseres-klima-in-kommunen-geht-gut\/koeln\/\" target=\"_blank\" rel=\"noopener\">hier<\/a><\/strong>.[\/vc_column_text][\/vc_column][\/vc_row]<\/p>\n<\/div>","protected":false},"excerpt":{"rendered":"<p>[vc_row][vc_column][vc_column_text css=&#8221;&#8221;] Am 25. September 2025 verwandelte sich das Winzer- und das Pantaleonsviertel in K\u00f6ln in ein Freiluftforschungsfeld f\u00fcr Mobilit\u00e4t und Klimaresilienz.<\/p>\n","protected":false},"author":53,"featured_media":4917,"comment_status":"closed","ping_status":"closed","sticky":false,"template":"","format":"standard","meta":{"_acf_changed":false,"_relevanssi_hide_post":"","_relevanssi_hide_content":"","_relevanssi_pin_for_all":"","_relevanssi_pin_keywords":"","_relevanssi_unpin_keywords":"","_relevanssi_related_keywords":"","_relevanssi_related_include_ids":"","_relevanssi_related_exclude_ids":"","_relevanssi_related_no_append":"","_relevanssi_related_not_related":"","_relevanssi_related_posts":"","_relevanssi_noindex_reason":"","footnotes":""},"categories":[8],"tags":[],"class_list":["post-4884","post","type-post","status-publish","format-standard","has-post-thumbnail","hentry","category-aktuelles"],"acf":[],"yoast_head":"<!-- This site is optimized with the Yoast SEO plugin v27.4 - https:\/\/yoast.com\/product\/yoast-seo-wordpress\/ -->\n<title>Auf Spurensuche im Veedel: Geh- und Klima-Check in K\u00f6ln - FUSS e.V. K\u00f6ln<\/title>\n<meta name=\"robots\" content=\"index, follow, max-snippet:-1, max-image-preview:large, max-video-preview:-1\" \/>\n<link rel=\"canonical\" href=\"https:\/\/www.fuss-ev.de\/koeln\/auf-spurensuche-im-veedel-geh-und-klima-check-in-koeln\/\" \/>\n<meta property=\"og:locale\" content=\"de_DE\" \/>\n<meta property=\"og:type\" content=\"article\" \/>\n<meta property=\"og:title\" content=\"Auf Spurensuche im Veedel: Geh- und Klima-Check in K\u00f6ln - FUSS e.V. K\u00f6ln\" \/>\n<meta property=\"og:description\" content=\"[vc_row][vc_column][vc_column_text css=&#8221;&#8221;] Am 25. September 2025 verwandelte sich das Winzer- und das Pantaleonsviertel in K\u00f6ln in ein Freiluftforschungsfeld f\u00fcr Mobilit\u00e4t und Klimaresilienz.\" \/>\n<meta property=\"og:url\" content=\"https:\/\/www.fuss-ev.de\/koeln\/auf-spurensuche-im-veedel-geh-und-klima-check-in-koeln\/\" \/>\n<meta property=\"og:site_name\" content=\"FUSS e.V. K\u00f6ln\" \/>\n<meta property=\"article:published_time\" content=\"2025-10-07T08:46:49+00:00\" \/>\n<meta property=\"article:modified_time\" content=\"2025-12-09T09:36:21+00:00\" \/>\n<meta property=\"og:image\" content=\"https:\/\/www.fuss-ev.de\/koeln\/wp-content\/uploads\/sites\/28\/2025\/10\/Klimaprojekt-2025-1920.jpg\" \/>\n\t<meta property=\"og:image:width\" content=\"1920\" \/>\n\t<meta property=\"og:image:height\" content=\"1200\" \/>\n\t<meta property=\"og:image:type\" content=\"image\/jpeg\" \/>\n<meta name=\"author\" content=\"michaelgerloff\" \/>\n<meta name=\"twitter:card\" content=\"summary_large_image\" \/>\n<meta name=\"twitter:label1\" content=\"Verfasst von\" \/>\n\t<meta name=\"twitter:data1\" content=\"michaelgerloff\" \/>\n\t<meta name=\"twitter:label2\" content=\"Gesch\u00e4tzte Lesezeit\" \/>\n\t<meta name=\"twitter:data2\" content=\"4\u00a0Minuten\" \/>\n<script type=\"application\/ld+json\" class=\"yoast-schema-graph\">{\"@context\":\"https:\\\/\\\/schema.org\",\"@graph\":[{\"@type\":\"Article\",\"@id\":\"https:\\\/\\\/www.fuss-ev.de\\\/koeln\\\/auf-spurensuche-im-veedel-geh-und-klima-check-in-koeln\\\/#article\",\"isPartOf\":{\"@id\":\"https:\\\/\\\/www.fuss-ev.de\\\/koeln\\\/auf-spurensuche-im-veedel-geh-und-klima-check-in-koeln\\\/\"},\"author\":{\"name\":\"michaelgerloff\",\"@id\":\"https:\\\/\\\/www.fuss-ev.de\\\/koeln\\\/#\\\/schema\\\/person\\\/0b04c1251a96d6579fc4185df0506d61\"},\"headline\":\"Auf Spurensuche im Veedel: Geh- und Klima-Check in K\u00f6ln\",\"datePublished\":\"2025-10-07T08:46:49+00:00\",\"dateModified\":\"2025-12-09T09:36:21+00:00\",\"mainEntityOfPage\":{\"@id\":\"https:\\\/\\\/www.fuss-ev.de\\\/koeln\\\/auf-spurensuche-im-veedel-geh-und-klima-check-in-koeln\\\/\"},\"wordCount\":562,\"publisher\":{\"@id\":\"https:\\\/\\\/www.fuss-ev.de\\\/koeln\\\/#organization\"},\"image\":{\"@id\":\"https:\\\/\\\/www.fuss-ev.de\\\/koeln\\\/auf-spurensuche-im-veedel-geh-und-klima-check-in-koeln\\\/#primaryimage\"},\"thumbnailUrl\":\"https:\\\/\\\/www.fuss-ev.de\\\/koeln\\\/wp-content\\\/uploads\\\/sites\\\/28\\\/2025\\\/10\\\/Klimaprojekt-2025-1920.jpg\",\"articleSection\":[\"Aktuelles\"],\"inLanguage\":\"de\"},{\"@type\":\"WebPage\",\"@id\":\"https:\\\/\\\/www.fuss-ev.de\\\/koeln\\\/auf-spurensuche-im-veedel-geh-und-klima-check-in-koeln\\\/\",\"url\":\"https:\\\/\\\/www.fuss-ev.de\\\/koeln\\\/auf-spurensuche-im-veedel-geh-und-klima-check-in-koeln\\\/\",\"name\":\"Auf Spurensuche im Veedel: Geh- und Klima-Check in K\u00f6ln - FUSS e.V. K\u00f6ln\",\"isPartOf\":{\"@id\":\"https:\\\/\\\/www.fuss-ev.de\\\/koeln\\\/#website\"},\"primaryImageOfPage\":{\"@id\":\"https:\\\/\\\/www.fuss-ev.de\\\/koeln\\\/auf-spurensuche-im-veedel-geh-und-klima-check-in-koeln\\\/#primaryimage\"},\"image\":{\"@id\":\"https:\\\/\\\/www.fuss-ev.de\\\/koeln\\\/auf-spurensuche-im-veedel-geh-und-klima-check-in-koeln\\\/#primaryimage\"},\"thumbnailUrl\":\"https:\\\/\\\/www.fuss-ev.de\\\/koeln\\\/wp-content\\\/uploads\\\/sites\\\/28\\\/2025\\\/10\\\/Klimaprojekt-2025-1920.jpg\",\"datePublished\":\"2025-10-07T08:46:49+00:00\",\"dateModified\":\"2025-12-09T09:36:21+00:00\",\"breadcrumb\":{\"@id\":\"https:\\\/\\\/www.fuss-ev.de\\\/koeln\\\/auf-spurensuche-im-veedel-geh-und-klima-check-in-koeln\\\/#breadcrumb\"},\"inLanguage\":\"de\",\"potentialAction\":[{\"@type\":\"ReadAction\",\"target\":[\"https:\\\/\\\/www.fuss-ev.de\\\/koeln\\\/auf-spurensuche-im-veedel-geh-und-klima-check-in-koeln\\\/\"]}]},{\"@type\":\"ImageObject\",\"inLanguage\":\"de\",\"@id\":\"https:\\\/\\\/www.fuss-ev.de\\\/koeln\\\/auf-spurensuche-im-veedel-geh-und-klima-check-in-koeln\\\/#primaryimage\",\"url\":\"https:\\\/\\\/www.fuss-ev.de\\\/koeln\\\/wp-content\\\/uploads\\\/sites\\\/28\\\/2025\\\/10\\\/Klimaprojekt-2025-1920.jpg\",\"contentUrl\":\"https:\\\/\\\/www.fuss-ev.de\\\/koeln\\\/wp-content\\\/uploads\\\/sites\\\/28\\\/2025\\\/10\\\/Klimaprojekt-2025-1920.jpg\",\"width\":1920,\"height\":1200,\"caption\":\"Eine Gruppe steht an einer Stra\u00dfenecke, eine Frau macht Notizen, der Spaziergangsforscher Bertram Weisshaar informiert die Gruppe, hinter ihm steht die K\u00f6lner Fu\u00dfverkehrsbeauftragte Britta Buch.\"},{\"@type\":\"BreadcrumbList\",\"@id\":\"https:\\\/\\\/www.fuss-ev.de\\\/koeln\\\/auf-spurensuche-im-veedel-geh-und-klima-check-in-koeln\\\/#breadcrumb\",\"itemListElement\":[{\"@type\":\"ListItem\",\"position\":1,\"name\":\"Startseite\",\"item\":\"https:\\\/\\\/www.fuss-ev.de\\\/koeln\\\/\"},{\"@type\":\"ListItem\",\"position\":2,\"name\":\"Auf Spurensuche im Veedel: Geh- und Klima-Check in K\u00f6ln\"}]},{\"@type\":\"WebSite\",\"@id\":\"https:\\\/\\\/www.fuss-ev.de\\\/koeln\\\/#website\",\"url\":\"https:\\\/\\\/www.fuss-ev.de\\\/koeln\\\/\",\"name\":\"FUSS e.V. K\u00f6ln\",\"description\":\"Zu Fu\u00df durch K\u00f6ln \u2013 sicher und bequem!\",\"publisher\":{\"@id\":\"https:\\\/\\\/www.fuss-ev.de\\\/koeln\\\/#organization\"},\"potentialAction\":[{\"@type\":\"SearchAction\",\"target\":{\"@type\":\"EntryPoint\",\"urlTemplate\":\"https:\\\/\\\/www.fuss-ev.de\\\/koeln\\\/?s={search_term_string}\"},\"query-input\":{\"@type\":\"PropertyValueSpecification\",\"valueRequired\":true,\"valueName\":\"search_term_string\"}}],\"inLanguage\":\"de\"},{\"@type\":\"Organization\",\"@id\":\"https:\\\/\\\/www.fuss-ev.de\\\/koeln\\\/#organization\",\"name\":\"FUSS e.V. K\u00f6ln\",\"url\":\"https:\\\/\\\/www.fuss-ev.de\\\/koeln\\\/\",\"logo\":{\"@type\":\"ImageObject\",\"inLanguage\":\"de\",\"@id\":\"https:\\\/\\\/www.fuss-ev.de\\\/koeln\\\/#\\\/schema\\\/logo\\\/image\\\/\",\"url\":\"https:\\\/\\\/www.fuss-ev.de\\\/koeln\\\/wp-content\\\/uploads\\\/sites\\\/28\\\/2025\\\/01\\\/FUSS_Logo.jpg\",\"contentUrl\":\"https:\\\/\\\/www.fuss-ev.de\\\/koeln\\\/wp-content\\\/uploads\\\/sites\\\/28\\\/2025\\\/01\\\/FUSS_Logo.jpg\",\"width\":2082,\"height\":979,\"caption\":\"FUSS e.V. K\u00f6ln\"},\"image\":{\"@id\":\"https:\\\/\\\/www.fuss-ev.de\\\/koeln\\\/#\\\/schema\\\/logo\\\/image\\\/\"}},{\"@type\":\"Person\",\"@id\":\"https:\\\/\\\/www.fuss-ev.de\\\/koeln\\\/#\\\/schema\\\/person\\\/0b04c1251a96d6579fc4185df0506d61\",\"name\":\"michaelgerloff\",\"image\":{\"@type\":\"ImageObject\",\"inLanguage\":\"de\",\"@id\":\"https:\\\/\\\/secure.gravatar.com\\\/avatar\\\/133ed8d3167000e42e292cda00717660c6b797418b0c1cc1a67f5082247522e0?s=96&d=mm&r=g\",\"url\":\"https:\\\/\\\/secure.gravatar.com\\\/avatar\\\/133ed8d3167000e42e292cda00717660c6b797418b0c1cc1a67f5082247522e0?s=96&d=mm&r=g\",\"contentUrl\":\"https:\\\/\\\/secure.gravatar.com\\\/avatar\\\/133ed8d3167000e42e292cda00717660c6b797418b0c1cc1a67f5082247522e0?s=96&d=mm&r=g\",\"caption\":\"michaelgerloff\"},\"url\":\"https:\\\/\\\/www.fuss-ev.de\\\/koeln\\\/author\\\/michaelgerloff\\\/\"}]}<\/script>\n<!-- \/ Yoast SEO plugin. -->","yoast_head_json":{"title":"Auf Spurensuche im Veedel: Geh- und Klima-Check in K\u00f6ln - FUSS e.V. K\u00f6ln","robots":{"index":"index","follow":"follow","max-snippet":"max-snippet:-1","max-image-preview":"max-image-preview:large","max-video-preview":"max-video-preview:-1"},"canonical":"https:\/\/www.fuss-ev.de\/koeln\/auf-spurensuche-im-veedel-geh-und-klima-check-in-koeln\/","og_locale":"de_DE","og_type":"article","og_title":"Auf Spurensuche im Veedel: Geh- und Klima-Check in K\u00f6ln - FUSS e.V. K\u00f6ln","og_description":"[vc_row][vc_column][vc_column_text css=&#8221;&#8221;] Am 25. September 2025 verwandelte sich das Winzer- und das Pantaleonsviertel in K\u00f6ln in ein Freiluftforschungsfeld f\u00fcr Mobilit\u00e4t und Klimaresilienz.","og_url":"https:\/\/www.fuss-ev.de\/koeln\/auf-spurensuche-im-veedel-geh-und-klima-check-in-koeln\/","og_site_name":"FUSS e.V. K\u00f6ln","article_published_time":"2025-10-07T08:46:49+00:00","article_modified_time":"2025-12-09T09:36:21+00:00","og_image":[{"width":1920,"height":1200,"url":"https:\/\/www.fuss-ev.de\/koeln\/wp-content\/uploads\/sites\/28\/2025\/10\/Klimaprojekt-2025-1920.jpg","type":"image\/jpeg"}],"author":"michaelgerloff","twitter_card":"summary_large_image","twitter_misc":{"Verfasst von":"michaelgerloff","Gesch\u00e4tzte Lesezeit":"4\u00a0Minuten"},"schema":{"@context":"https:\/\/schema.org","@graph":[{"@type":"Article","@id":"https:\/\/www.fuss-ev.de\/koeln\/auf-spurensuche-im-veedel-geh-und-klima-check-in-koeln\/#article","isPartOf":{"@id":"https:\/\/www.fuss-ev.de\/koeln\/auf-spurensuche-im-veedel-geh-und-klima-check-in-koeln\/"},"author":{"name":"michaelgerloff","@id":"https:\/\/www.fuss-ev.de\/koeln\/#\/schema\/person\/0b04c1251a96d6579fc4185df0506d61"},"headline":"Auf Spurensuche im Veedel: Geh- und Klima-Check in K\u00f6ln","datePublished":"2025-10-07T08:46:49+00:00","dateModified":"2025-12-09T09:36:21+00:00","mainEntityOfPage":{"@id":"https:\/\/www.fuss-ev.de\/koeln\/auf-spurensuche-im-veedel-geh-und-klima-check-in-koeln\/"},"wordCount":562,"publisher":{"@id":"https:\/\/www.fuss-ev.de\/koeln\/#organization"},"image":{"@id":"https:\/\/www.fuss-ev.de\/koeln\/auf-spurensuche-im-veedel-geh-und-klima-check-in-koeln\/#primaryimage"},"thumbnailUrl":"https:\/\/www.fuss-ev.de\/koeln\/wp-content\/uploads\/sites\/28\/2025\/10\/Klimaprojekt-2025-1920.jpg","articleSection":["Aktuelles"],"inLanguage":"de"},{"@type":"WebPage","@id":"https:\/\/www.fuss-ev.de\/koeln\/auf-spurensuche-im-veedel-geh-und-klima-check-in-koeln\/","url":"https:\/\/www.fuss-ev.de\/koeln\/auf-spurensuche-im-veedel-geh-und-klima-check-in-koeln\/","name":"Auf Spurensuche im Veedel: Geh- und Klima-Check in K\u00f6ln - FUSS e.V. K\u00f6ln","isPartOf":{"@id":"https:\/\/www.fuss-ev.de\/koeln\/#website"},"primaryImageOfPage":{"@id":"https:\/\/www.fuss-ev.de\/koeln\/auf-spurensuche-im-veedel-geh-und-klima-check-in-koeln\/#primaryimage"},"image":{"@id":"https:\/\/www.fuss-ev.de\/koeln\/auf-spurensuche-im-veedel-geh-und-klima-check-in-koeln\/#primaryimage"},"thumbnailUrl":"https:\/\/www.fuss-ev.de\/koeln\/wp-content\/uploads\/sites\/28\/2025\/10\/Klimaprojekt-2025-1920.jpg","datePublished":"2025-10-07T08:46:49+00:00","dateModified":"2025-12-09T09:36:21+00:00","breadcrumb":{"@id":"https:\/\/www.fuss-ev.de\/koeln\/auf-spurensuche-im-veedel-geh-und-klima-check-in-koeln\/#breadcrumb"},"inLanguage":"de","potentialAction":[{"@type":"ReadAction","target":["https:\/\/www.fuss-ev.de\/koeln\/auf-spurensuche-im-veedel-geh-und-klima-check-in-koeln\/"]}]},{"@type":"ImageObject","inLanguage":"de","@id":"https:\/\/www.fuss-ev.de\/koeln\/auf-spurensuche-im-veedel-geh-und-klima-check-in-koeln\/#primaryimage","url":"https:\/\/www.fuss-ev.de\/koeln\/wp-content\/uploads\/sites\/28\/2025\/10\/Klimaprojekt-2025-1920.jpg","contentUrl":"https:\/\/www.fuss-ev.de\/koeln\/wp-content\/uploads\/sites\/28\/2025\/10\/Klimaprojekt-2025-1920.jpg","width":1920,"height":1200,"caption":"Eine Gruppe steht an einer Stra\u00dfenecke, eine Frau macht Notizen, der Spaziergangsforscher Bertram Weisshaar informiert die Gruppe, hinter ihm steht die K\u00f6lner Fu\u00dfverkehrsbeauftragte Britta Buch."},{"@type":"BreadcrumbList","@id":"https:\/\/www.fuss-ev.de\/koeln\/auf-spurensuche-im-veedel-geh-und-klima-check-in-koeln\/#breadcrumb","itemListElement":[{"@type":"ListItem","position":1,"name":"Startseite","item":"https:\/\/www.fuss-ev.de\/koeln\/"},{"@type":"ListItem","position":2,"name":"Auf Spurensuche im Veedel: Geh- und Klima-Check in K\u00f6ln"}]},{"@type":"WebSite","@id":"https:\/\/www.fuss-ev.de\/koeln\/#website","url":"https:\/\/www.fuss-ev.de\/koeln\/","name":"FUSS e.V. K\u00f6ln","description":"Zu Fu\u00df durch K\u00f6ln \u2013 sicher und bequem!","publisher":{"@id":"https:\/\/www.fuss-ev.de\/koeln\/#organization"},"potentialAction":[{"@type":"SearchAction","target":{"@type":"EntryPoint","urlTemplate":"https:\/\/www.fuss-ev.de\/koeln\/?s={search_term_string}"},"query-input":{"@type":"PropertyValueSpecification","valueRequired":true,"valueName":"search_term_string"}}],"inLanguage":"de"},{"@type":"Organization","@id":"https:\/\/www.fuss-ev.de\/koeln\/#organization","name":"FUSS e.V. K\u00f6ln","url":"https:\/\/www.fuss-ev.de\/koeln\/","logo":{"@type":"ImageObject","inLanguage":"de","@id":"https:\/\/www.fuss-ev.de\/koeln\/#\/schema\/logo\/image\/","url":"https:\/\/www.fuss-ev.de\/koeln\/wp-content\/uploads\/sites\/28\/2025\/01\/FUSS_Logo.jpg","contentUrl":"https:\/\/www.fuss-ev.de\/koeln\/wp-content\/uploads\/sites\/28\/2025\/01\/FUSS_Logo.jpg","width":2082,"height":979,"caption":"FUSS e.V. K\u00f6ln"},"image":{"@id":"https:\/\/www.fuss-ev.de\/koeln\/#\/schema\/logo\/image\/"}},{"@type":"Person","@id":"https:\/\/www.fuss-ev.de\/koeln\/#\/schema\/person\/0b04c1251a96d6579fc4185df0506d61","name":"michaelgerloff","image":{"@type":"ImageObject","inLanguage":"de","@id":"https:\/\/secure.gravatar.com\/avatar\/133ed8d3167000e42e292cda00717660c6b797418b0c1cc1a67f5082247522e0?s=96&d=mm&r=g","url":"https:\/\/secure.gravatar.com\/avatar\/133ed8d3167000e42e292cda00717660c6b797418b0c1cc1a67f5082247522e0?s=96&d=mm&r=g","contentUrl":"https:\/\/secure.gravatar.com\/avatar\/133ed8d3167000e42e292cda00717660c6b797418b0c1cc1a67f5082247522e0?s=96&d=mm&r=g","caption":"michaelgerloff"},"url":"https:\/\/www.fuss-ev.de\/koeln\/author\/michaelgerloff\/"}]}},"publishpress_future_action":{"enabled":false,"date":"2026-05-07 07:57:41","action":"change-status","newStatus":"draft","terms":[],"taxonomy":"category","extraData":[]},"publishpress_future_workflow_manual_trigger":{"enabledWorkflows":[]},"_links":{"self":[{"href":"https:\/\/www.fuss-ev.de\/koeln\/wp-json\/wp\/v2\/posts\/4884","targetHints":{"allow":["GET"]}}],"collection":[{"href":"https:\/\/www.fuss-ev.de\/koeln\/wp-json\/wp\/v2\/posts"}],"about":[{"href":"https:\/\/www.fuss-ev.de\/koeln\/wp-json\/wp\/v2\/types\/post"}],"author":[{"embeddable":true,"href":"https:\/\/www.fuss-ev.de\/koeln\/wp-json\/wp\/v2\/users\/53"}],"replies":[{"embeddable":true,"href":"https:\/\/www.fuss-ev.de\/koeln\/wp-json\/wp\/v2\/comments?post=4884"}],"version-history":[{"count":33,"href":"https:\/\/www.fuss-ev.de\/koeln\/wp-json\/wp\/v2\/posts\/4884\/revisions"}],"predecessor-version":[{"id":4927,"href":"https:\/\/www.fuss-ev.de\/koeln\/wp-json\/wp\/v2\/posts\/4884\/revisions\/4927"}],"wp:featuredmedia":[{"embeddable":true,"href":"https:\/\/www.fuss-ev.de\/koeln\/wp-json\/wp\/v2\/media\/4917"}],"wp:attachment":[{"href":"https:\/\/www.fuss-ev.de\/koeln\/wp-json\/wp\/v2\/media?parent=4884"}],"wp:term":[{"taxonomy":"category","embeddable":true,"href":"https:\/\/www.fuss-ev.de\/koeln\/wp-json\/wp\/v2\/categories?post=4884"},{"taxonomy":"post_tag","embeddable":true,"href":"https:\/\/www.fuss-ev.de\/koeln\/wp-json\/wp\/v2\/tags?post=4884"}],"curies":[{"name":"wp","href":"https:\/\/api.w.org\/{rel}","templated":true}]}}