{"id":4855,"date":"2025-09-25T17:45:57","date_gmt":"2025-09-25T15:45:57","guid":{"rendered":"https:\/\/www.fuss-ev.de\/koeln\/?p=4855"},"modified":"2025-10-21T00:10:46","modified_gmt":"2025-10-20T22:10:46","slug":"6-koelner-aktionstag-mobilitaet","status":"publish","type":"post","link":"https:\/\/www.fuss-ev.de\/koeln\/6-koelner-aktionstag-mobilitaet\/","title":{"rendered":"6. K\u00f6lner Aktionstag Mobilit\u00e4t"},"content":{"rendered":"<div class=\"wpb-content-wrapper\"><p>[vc_row][vc_column][vc_column_text css=&#8221;&#8221;]<img loading=\"lazy\" decoding=\"async\" class=\"aligncenter size-large wp-image-4861\" src=\"https:\/\/www.fuss-ev.de\/koeln\/wp-content\/uploads\/sites\/28\/2025\/09\/mobitag-2025-3840-1024x640.jpg\" alt=\"Blick in eine breite Stra\u00dfe mit wartenden Autos, im Vordergrund \u00fcberqueren Menschen einen Zebrastreifen. Auf dem Bild steht 6. K\u00f6lner Aktionstag Mobilit\u00e4t und das blaue Verkehrszeichen Fu\u00dfweg und als Schrift\" width=\"1024\" height=\"640\" srcset=\"https:\/\/www.fuss-ev.de\/koeln\/wp-content\/uploads\/sites\/28\/2025\/09\/mobitag-2025-3840-1024x640.jpg 1024w, https:\/\/www.fuss-ev.de\/koeln\/wp-content\/uploads\/sites\/28\/2025\/09\/mobitag-2025-3840-300x188.jpg 300w, https:\/\/www.fuss-ev.de\/koeln\/wp-content\/uploads\/sites\/28\/2025\/09\/mobitag-2025-3840-768x480.jpg 768w, https:\/\/www.fuss-ev.de\/koeln\/wp-content\/uploads\/sites\/28\/2025\/09\/mobitag-2025-3840-1536x960.jpg 1536w, https:\/\/www.fuss-ev.de\/koeln\/wp-content\/uploads\/sites\/28\/2025\/09\/mobitag-2025-3840.jpg 2048w\" sizes=\"auto, (max-width: 1024px) 100vw, 1024px\" \/>Am <strong>Samstag, den 27.09.2025<\/strong>, findet auf dem K\u00f6lner Neumarkt der <a href=\"http:\/\/www.stadt-koeln.de\/aktionstag-mobilitaet\" target=\"_blank\" rel=\"noopener\">6.Aktionstag Mobilit\u00e4t<\/a> statt. <!--more--><\/p>\n<p>Von 11 bis 15 Uhr gibt es dort rund um das Motto &#8220;K\u00f6ln bewegt sich \u2013 aber sicher!&#8221; zahlreiche Aktionen, man kann Mobilit\u00e4t ausprobieren oder sich informieren und beraten lassen. Veranstalter ist die Stadt K\u00f6ln gemeinsam mit Polizei und KVB.<\/p>\n<p style=\"text-align: left\">Wir vom K\u00f6lner FUSS e.V. sind mit einem Info-Stand und kleinen Aktionen vor Ort, unser Motto: <strong>&#8220;Zu Fu\u00df durch K\u00f6ln \u2013 sicher und bequem!&#8221;<\/strong> Der Neumarkt ist ein gutes Beispiel, wo es beim Fu\u00dfverkehr oft noch hakt: Mit unseren &#8220;Gehzeugen&#8221; zeigen wir bei einem Rundgang Probleme und Behinderungen im Alltag und machen den tats\u00e4chlichen Platzbedarf von Fu\u00dfg\u00e4ngern erfahrbar.<\/p>\n<p style=\"text-align: center\"><strong>Wir freuen wir uns auf Sie!<\/strong><\/p>\n<p>[\/vc_column_text][\/vc_column][\/vc_row]<\/p>\n<\/div>","protected":false},"excerpt":{"rendered":"<p>[vc_row][vc_column][vc_column_text css=&#8221;&#8221;]Am Samstag, den 27.09.2025, findet auf dem K\u00f6lner Neumarkt der 6.Aktionstag Mobilit\u00e4t statt.<\/p>\n","protected":false},"author":53,"featured_media":4861,"comment_status":"closed","ping_status":"closed","sticky":false,"template":"","format":"standard","meta":{"_acf_changed":false,"_relevanssi_hide_post":"","_relevanssi_hide_content":"","_relevanssi_pin_for_all":"","_relevanssi_pin_keywords":"","_relevanssi_unpin_keywords":"","_relevanssi_related_keywords":"","_relevanssi_related_include_ids":"","_relevanssi_related_exclude_ids":"","_relevanssi_related_no_append":"","_relevanssi_related_not_related":"","_relevanssi_related_posts":"","_relevanssi_noindex_reason":"","footnotes":""},"categories":[8,12],"tags":[],"class_list":["post-4855","post","type-post","status-publish","format-standard","has-post-thumbnail","hentry","category-aktuelles","category-termine"],"acf":[],"yoast_head":"<!-- This site is optimized with the Yoast SEO plugin v27.4 - https:\/\/yoast.com\/product\/yoast-seo-wordpress\/ -->\n<title>6. K\u00f6lner Aktionstag Mobilit\u00e4t - FUSS e.V. K\u00f6ln<\/title>\n<meta name=\"robots\" content=\"index, follow, max-snippet:-1, max-image-preview:large, max-video-preview:-1\" \/>\n<link rel=\"canonical\" href=\"https:\/\/www.fuss-ev.de\/koeln\/6-koelner-aktionstag-mobilitaet\/\" \/>\n<meta property=\"og:locale\" content=\"de_DE\" \/>\n<meta property=\"og:type\" content=\"article\" \/>\n<meta property=\"og:title\" content=\"6. K\u00f6lner Aktionstag Mobilit\u00e4t - FUSS e.V. K\u00f6ln\" \/>\n<meta property=\"og:description\" content=\"[vc_row][vc_column][vc_column_text css=&#8221;&#8221;]Am Samstag, den 27.09.2025, findet auf dem K\u00f6lner Neumarkt der 6.Aktionstag Mobilit\u00e4t statt.\" \/>\n<meta property=\"og:url\" content=\"https:\/\/www.fuss-ev.de\/koeln\/6-koelner-aktionstag-mobilitaet\/\" \/>\n<meta property=\"og:site_name\" content=\"FUSS e.V. K\u00f6ln\" \/>\n<meta property=\"article:published_time\" content=\"2025-09-25T15:45:57+00:00\" \/>\n<meta property=\"article:modified_time\" content=\"2025-10-20T22:10:46+00:00\" \/>\n<meta property=\"og:image\" content=\"https:\/\/www.fuss-ev.de\/koeln\/wp-content\/uploads\/sites\/28\/2025\/09\/mobitag-2025-3840.jpg\" \/>\n\t<meta property=\"og:image:width\" content=\"2048\" \/>\n\t<meta property=\"og:image:height\" content=\"1280\" \/>\n\t<meta property=\"og:image:type\" content=\"image\/jpeg\" \/>\n<meta name=\"author\" content=\"michaelgerloff\" \/>\n<meta name=\"twitter:card\" content=\"summary_large_image\" \/>\n<meta name=\"twitter:label1\" content=\"Verfasst von\" \/>\n\t<meta name=\"twitter:data1\" content=\"michaelgerloff\" \/>\n\t<meta name=\"twitter:label2\" content=\"Gesch\u00e4tzte Lesezeit\" \/>\n\t<meta name=\"twitter:data2\" content=\"1\u00a0Minute\" \/>\n<script type=\"application\/ld+json\" class=\"yoast-schema-graph\">{\"@context\":\"https:\\\/\\\/schema.org\",\"@graph\":[{\"@type\":\"Article\",\"@id\":\"https:\\\/\\\/www.fuss-ev.de\\\/koeln\\\/6-koelner-aktionstag-mobilitaet\\\/#article\",\"isPartOf\":{\"@id\":\"https:\\\/\\\/www.fuss-ev.de\\\/koeln\\\/6-koelner-aktionstag-mobilitaet\\\/\"},\"author\":{\"name\":\"michaelgerloff\",\"@id\":\"https:\\\/\\\/www.fuss-ev.de\\\/koeln\\\/#\\\/schema\\\/person\\\/0b04c1251a96d6579fc4185df0506d61\"},\"headline\":\"6. K\u00f6lner Aktionstag Mobilit\u00e4t\",\"datePublished\":\"2025-09-25T15:45:57+00:00\",\"dateModified\":\"2025-10-20T22:10:46+00:00\",\"mainEntityOfPage\":{\"@id\":\"https:\\\/\\\/www.fuss-ev.de\\\/koeln\\\/6-koelner-aktionstag-mobilitaet\\\/\"},\"wordCount\":144,\"publisher\":{\"@id\":\"https:\\\/\\\/www.fuss-ev.de\\\/koeln\\\/#organization\"},\"image\":{\"@id\":\"https:\\\/\\\/www.fuss-ev.de\\\/koeln\\\/6-koelner-aktionstag-mobilitaet\\\/#primaryimage\"},\"thumbnailUrl\":\"https:\\\/\\\/www.fuss-ev.de\\\/koeln\\\/wp-content\\\/uploads\\\/sites\\\/28\\\/2025\\\/09\\\/mobitag-2025-3840.jpg\",\"articleSection\":[\"Aktuelles\",\"Termine\"],\"inLanguage\":\"de\"},{\"@type\":\"WebPage\",\"@id\":\"https:\\\/\\\/www.fuss-ev.de\\\/koeln\\\/6-koelner-aktionstag-mobilitaet\\\/\",\"url\":\"https:\\\/\\\/www.fuss-ev.de\\\/koeln\\\/6-koelner-aktionstag-mobilitaet\\\/\",\"name\":\"6. K\u00f6lner Aktionstag Mobilit\u00e4t - FUSS e.V. K\u00f6ln\",\"isPartOf\":{\"@id\":\"https:\\\/\\\/www.fuss-ev.de\\\/koeln\\\/#website\"},\"primaryImageOfPage\":{\"@id\":\"https:\\\/\\\/www.fuss-ev.de\\\/koeln\\\/6-koelner-aktionstag-mobilitaet\\\/#primaryimage\"},\"image\":{\"@id\":\"https:\\\/\\\/www.fuss-ev.de\\\/koeln\\\/6-koelner-aktionstag-mobilitaet\\\/#primaryimage\"},\"thumbnailUrl\":\"https:\\\/\\\/www.fuss-ev.de\\\/koeln\\\/wp-content\\\/uploads\\\/sites\\\/28\\\/2025\\\/09\\\/mobitag-2025-3840.jpg\",\"datePublished\":\"2025-09-25T15:45:57+00:00\",\"dateModified\":\"2025-10-20T22:10:46+00:00\",\"breadcrumb\":{\"@id\":\"https:\\\/\\\/www.fuss-ev.de\\\/koeln\\\/6-koelner-aktionstag-mobilitaet\\\/#breadcrumb\"},\"inLanguage\":\"de\",\"potentialAction\":[{\"@type\":\"ReadAction\",\"target\":[\"https:\\\/\\\/www.fuss-ev.de\\\/koeln\\\/6-koelner-aktionstag-mobilitaet\\\/\"]}]},{\"@type\":\"ImageObject\",\"inLanguage\":\"de\",\"@id\":\"https:\\\/\\\/www.fuss-ev.de\\\/koeln\\\/6-koelner-aktionstag-mobilitaet\\\/#primaryimage\",\"url\":\"https:\\\/\\\/www.fuss-ev.de\\\/koeln\\\/wp-content\\\/uploads\\\/sites\\\/28\\\/2025\\\/09\\\/mobitag-2025-3840.jpg\",\"contentUrl\":\"https:\\\/\\\/www.fuss-ev.de\\\/koeln\\\/wp-content\\\/uploads\\\/sites\\\/28\\\/2025\\\/09\\\/mobitag-2025-3840.jpg\",\"width\":2048,\"height\":1280,\"caption\":\"Blick in eine breite Stra\u00dfe mit wartenden Autos, im Vordergrund \u00fcberqueren Menschen einen Zebrastreifen. Auf dem Bild steht 6. K\u00f6lner Aktionstag Mobilit\u00e4t und das blaue Verkehrszeichen Fu\u00dfweg und als Schrift\"},{\"@type\":\"BreadcrumbList\",\"@id\":\"https:\\\/\\\/www.fuss-ev.de\\\/koeln\\\/6-koelner-aktionstag-mobilitaet\\\/#breadcrumb\",\"itemListElement\":[{\"@type\":\"ListItem\",\"position\":1,\"name\":\"Startseite\",\"item\":\"https:\\\/\\\/www.fuss-ev.de\\\/koeln\\\/\"},{\"@type\":\"ListItem\",\"position\":2,\"name\":\"6. K\u00f6lner Aktionstag Mobilit\u00e4t\"}]},{\"@type\":\"WebSite\",\"@id\":\"https:\\\/\\\/www.fuss-ev.de\\\/koeln\\\/#website\",\"url\":\"https:\\\/\\\/www.fuss-ev.de\\\/koeln\\\/\",\"name\":\"FUSS e.V. K\u00f6ln\",\"description\":\"Zu Fu\u00df durch K\u00f6ln \u2013 sicher und bequem!\",\"publisher\":{\"@id\":\"https:\\\/\\\/www.fuss-ev.de\\\/koeln\\\/#organization\"},\"potentialAction\":[{\"@type\":\"SearchAction\",\"target\":{\"@type\":\"EntryPoint\",\"urlTemplate\":\"https:\\\/\\\/www.fuss-ev.de\\\/koeln\\\/?s={search_term_string}\"},\"query-input\":{\"@type\":\"PropertyValueSpecification\",\"valueRequired\":true,\"valueName\":\"search_term_string\"}}],\"inLanguage\":\"de\"},{\"@type\":\"Organization\",\"@id\":\"https:\\\/\\\/www.fuss-ev.de\\\/koeln\\\/#organization\",\"name\":\"FUSS e.V. K\u00f6ln\",\"url\":\"https:\\\/\\\/www.fuss-ev.de\\\/koeln\\\/\",\"logo\":{\"@type\":\"ImageObject\",\"inLanguage\":\"de\",\"@id\":\"https:\\\/\\\/www.fuss-ev.de\\\/koeln\\\/#\\\/schema\\\/logo\\\/image\\\/\",\"url\":\"https:\\\/\\\/www.fuss-ev.de\\\/koeln\\\/wp-content\\\/uploads\\\/sites\\\/28\\\/2025\\\/01\\\/FUSS_Logo.jpg\",\"contentUrl\":\"https:\\\/\\\/www.fuss-ev.de\\\/koeln\\\/wp-content\\\/uploads\\\/sites\\\/28\\\/2025\\\/01\\\/FUSS_Logo.jpg\",\"width\":2082,\"height\":979,\"caption\":\"FUSS e.V. K\u00f6ln\"},\"image\":{\"@id\":\"https:\\\/\\\/www.fuss-ev.de\\\/koeln\\\/#\\\/schema\\\/logo\\\/image\\\/\"}},{\"@type\":\"Person\",\"@id\":\"https:\\\/\\\/www.fuss-ev.de\\\/koeln\\\/#\\\/schema\\\/person\\\/0b04c1251a96d6579fc4185df0506d61\",\"name\":\"michaelgerloff\",\"image\":{\"@type\":\"ImageObject\",\"inLanguage\":\"de\",\"@id\":\"https:\\\/\\\/secure.gravatar.com\\\/avatar\\\/133ed8d3167000e42e292cda00717660c6b797418b0c1cc1a67f5082247522e0?s=96&d=mm&r=g\",\"url\":\"https:\\\/\\\/secure.gravatar.com\\\/avatar\\\/133ed8d3167000e42e292cda00717660c6b797418b0c1cc1a67f5082247522e0?s=96&d=mm&r=g\",\"contentUrl\":\"https:\\\/\\\/secure.gravatar.com\\\/avatar\\\/133ed8d3167000e42e292cda00717660c6b797418b0c1cc1a67f5082247522e0?s=96&d=mm&r=g\",\"caption\":\"michaelgerloff\"},\"url\":\"https:\\\/\\\/www.fuss-ev.de\\\/koeln\\\/author\\\/michaelgerloff\\\/\"}]}<\/script>\n<!-- \/ Yoast SEO plugin. -->","yoast_head_json":{"title":"6. K\u00f6lner Aktionstag Mobilit\u00e4t - FUSS e.V. K\u00f6ln","robots":{"index":"index","follow":"follow","max-snippet":"max-snippet:-1","max-image-preview":"max-image-preview:large","max-video-preview":"max-video-preview:-1"},"canonical":"https:\/\/www.fuss-ev.de\/koeln\/6-koelner-aktionstag-mobilitaet\/","og_locale":"de_DE","og_type":"article","og_title":"6. K\u00f6lner Aktionstag Mobilit\u00e4t - FUSS e.V. K\u00f6ln","og_description":"[vc_row][vc_column][vc_column_text css=&#8221;&#8221;]Am Samstag, den 27.09.2025, findet auf dem K\u00f6lner Neumarkt der 6.Aktionstag Mobilit\u00e4t statt.","og_url":"https:\/\/www.fuss-ev.de\/koeln\/6-koelner-aktionstag-mobilitaet\/","og_site_name":"FUSS e.V. K\u00f6ln","article_published_time":"2025-09-25T15:45:57+00:00","article_modified_time":"2025-10-20T22:10:46+00:00","og_image":[{"width":2048,"height":1280,"url":"https:\/\/www.fuss-ev.de\/koeln\/wp-content\/uploads\/sites\/28\/2025\/09\/mobitag-2025-3840.jpg","type":"image\/jpeg"}],"author":"michaelgerloff","twitter_card":"summary_large_image","twitter_misc":{"Verfasst von":"michaelgerloff","Gesch\u00e4tzte Lesezeit":"1\u00a0Minute"},"schema":{"@context":"https:\/\/schema.org","@graph":[{"@type":"Article","@id":"https:\/\/www.fuss-ev.de\/koeln\/6-koelner-aktionstag-mobilitaet\/#article","isPartOf":{"@id":"https:\/\/www.fuss-ev.de\/koeln\/6-koelner-aktionstag-mobilitaet\/"},"author":{"name":"michaelgerloff","@id":"https:\/\/www.fuss-ev.de\/koeln\/#\/schema\/person\/0b04c1251a96d6579fc4185df0506d61"},"headline":"6. K\u00f6lner Aktionstag Mobilit\u00e4t","datePublished":"2025-09-25T15:45:57+00:00","dateModified":"2025-10-20T22:10:46+00:00","mainEntityOfPage":{"@id":"https:\/\/www.fuss-ev.de\/koeln\/6-koelner-aktionstag-mobilitaet\/"},"wordCount":144,"publisher":{"@id":"https:\/\/www.fuss-ev.de\/koeln\/#organization"},"image":{"@id":"https:\/\/www.fuss-ev.de\/koeln\/6-koelner-aktionstag-mobilitaet\/#primaryimage"},"thumbnailUrl":"https:\/\/www.fuss-ev.de\/koeln\/wp-content\/uploads\/sites\/28\/2025\/09\/mobitag-2025-3840.jpg","articleSection":["Aktuelles","Termine"],"inLanguage":"de"},{"@type":"WebPage","@id":"https:\/\/www.fuss-ev.de\/koeln\/6-koelner-aktionstag-mobilitaet\/","url":"https:\/\/www.fuss-ev.de\/koeln\/6-koelner-aktionstag-mobilitaet\/","name":"6. K\u00f6lner Aktionstag Mobilit\u00e4t - FUSS e.V. K\u00f6ln","isPartOf":{"@id":"https:\/\/www.fuss-ev.de\/koeln\/#website"},"primaryImageOfPage":{"@id":"https:\/\/www.fuss-ev.de\/koeln\/6-koelner-aktionstag-mobilitaet\/#primaryimage"},"image":{"@id":"https:\/\/www.fuss-ev.de\/koeln\/6-koelner-aktionstag-mobilitaet\/#primaryimage"},"thumbnailUrl":"https:\/\/www.fuss-ev.de\/koeln\/wp-content\/uploads\/sites\/28\/2025\/09\/mobitag-2025-3840.jpg","datePublished":"2025-09-25T15:45:57+00:00","dateModified":"2025-10-20T22:10:46+00:00","breadcrumb":{"@id":"https:\/\/www.fuss-ev.de\/koeln\/6-koelner-aktionstag-mobilitaet\/#breadcrumb"},"inLanguage":"de","potentialAction":[{"@type":"ReadAction","target":["https:\/\/www.fuss-ev.de\/koeln\/6-koelner-aktionstag-mobilitaet\/"]}]},{"@type":"ImageObject","inLanguage":"de","@id":"https:\/\/www.fuss-ev.de\/koeln\/6-koelner-aktionstag-mobilitaet\/#primaryimage","url":"https:\/\/www.fuss-ev.de\/koeln\/wp-content\/uploads\/sites\/28\/2025\/09\/mobitag-2025-3840.jpg","contentUrl":"https:\/\/www.fuss-ev.de\/koeln\/wp-content\/uploads\/sites\/28\/2025\/09\/mobitag-2025-3840.jpg","width":2048,"height":1280,"caption":"Blick in eine breite Stra\u00dfe mit wartenden Autos, im Vordergrund \u00fcberqueren Menschen einen Zebrastreifen. Auf dem Bild steht 6. K\u00f6lner Aktionstag Mobilit\u00e4t und das blaue Verkehrszeichen Fu\u00dfweg und als Schrift"},{"@type":"BreadcrumbList","@id":"https:\/\/www.fuss-ev.de\/koeln\/6-koelner-aktionstag-mobilitaet\/#breadcrumb","itemListElement":[{"@type":"ListItem","position":1,"name":"Startseite","item":"https:\/\/www.fuss-ev.de\/koeln\/"},{"@type":"ListItem","position":2,"name":"6. K\u00f6lner Aktionstag Mobilit\u00e4t"}]},{"@type":"WebSite","@id":"https:\/\/www.fuss-ev.de\/koeln\/#website","url":"https:\/\/www.fuss-ev.de\/koeln\/","name":"FUSS e.V. K\u00f6ln","description":"Zu Fu\u00df durch K\u00f6ln \u2013 sicher und bequem!","publisher":{"@id":"https:\/\/www.fuss-ev.de\/koeln\/#organization"},"potentialAction":[{"@type":"SearchAction","target":{"@type":"EntryPoint","urlTemplate":"https:\/\/www.fuss-ev.de\/koeln\/?s={search_term_string}"},"query-input":{"@type":"PropertyValueSpecification","valueRequired":true,"valueName":"search_term_string"}}],"inLanguage":"de"},{"@type":"Organization","@id":"https:\/\/www.fuss-ev.de\/koeln\/#organization","name":"FUSS e.V. K\u00f6ln","url":"https:\/\/www.fuss-ev.de\/koeln\/","logo":{"@type":"ImageObject","inLanguage":"de","@id":"https:\/\/www.fuss-ev.de\/koeln\/#\/schema\/logo\/image\/","url":"https:\/\/www.fuss-ev.de\/koeln\/wp-content\/uploads\/sites\/28\/2025\/01\/FUSS_Logo.jpg","contentUrl":"https:\/\/www.fuss-ev.de\/koeln\/wp-content\/uploads\/sites\/28\/2025\/01\/FUSS_Logo.jpg","width":2082,"height":979,"caption":"FUSS e.V. K\u00f6ln"},"image":{"@id":"https:\/\/www.fuss-ev.de\/koeln\/#\/schema\/logo\/image\/"}},{"@type":"Person","@id":"https:\/\/www.fuss-ev.de\/koeln\/#\/schema\/person\/0b04c1251a96d6579fc4185df0506d61","name":"michaelgerloff","image":{"@type":"ImageObject","inLanguage":"de","@id":"https:\/\/secure.gravatar.com\/avatar\/133ed8d3167000e42e292cda00717660c6b797418b0c1cc1a67f5082247522e0?s=96&d=mm&r=g","url":"https:\/\/secure.gravatar.com\/avatar\/133ed8d3167000e42e292cda00717660c6b797418b0c1cc1a67f5082247522e0?s=96&d=mm&r=g","contentUrl":"https:\/\/secure.gravatar.com\/avatar\/133ed8d3167000e42e292cda00717660c6b797418b0c1cc1a67f5082247522e0?s=96&d=mm&r=g","caption":"michaelgerloff"},"url":"https:\/\/www.fuss-ev.de\/koeln\/author\/michaelgerloff\/"}]}},"publishpress_future_action":{"enabled":false,"date":"2026-05-07 07:52:36","action":"change-status","newStatus":"draft","terms":[],"taxonomy":"category","extraData":[]},"publishpress_future_workflow_manual_trigger":{"enabledWorkflows":[]},"_links":{"self":[{"href":"https:\/\/www.fuss-ev.de\/koeln\/wp-json\/wp\/v2\/posts\/4855","targetHints":{"allow":["GET"]}}],"collection":[{"href":"https:\/\/www.fuss-ev.de\/koeln\/wp-json\/wp\/v2\/posts"}],"about":[{"href":"https:\/\/www.fuss-ev.de\/koeln\/wp-json\/wp\/v2\/types\/post"}],"author":[{"embeddable":true,"href":"https:\/\/www.fuss-ev.de\/koeln\/wp-json\/wp\/v2\/users\/53"}],"replies":[{"embeddable":true,"href":"https:\/\/www.fuss-ev.de\/koeln\/wp-json\/wp\/v2\/comments?post=4855"}],"version-history":[{"count":10,"href":"https:\/\/www.fuss-ev.de\/koeln\/wp-json\/wp\/v2\/posts\/4855\/revisions"}],"predecessor-version":[{"id":4954,"href":"https:\/\/www.fuss-ev.de\/koeln\/wp-json\/wp\/v2\/posts\/4855\/revisions\/4954"}],"wp:featuredmedia":[{"embeddable":true,"href":"https:\/\/www.fuss-ev.de\/koeln\/wp-json\/wp\/v2\/media\/4861"}],"wp:attachment":[{"href":"https:\/\/www.fuss-ev.de\/koeln\/wp-json\/wp\/v2\/media?parent=4855"}],"wp:term":[{"taxonomy":"category","embeddable":true,"href":"https:\/\/www.fuss-ev.de\/koeln\/wp-json\/wp\/v2\/categories?post=4855"},{"taxonomy":"post_tag","embeddable":true,"href":"https:\/\/www.fuss-ev.de\/koeln\/wp-json\/wp\/v2\/tags?post=4855"}],"curies":[{"name":"wp","href":"https:\/\/api.w.org\/{rel}","templated":true}]}}