{"id":4840,"date":"2025-09-11T10:00:40","date_gmt":"2025-09-11T08:00:40","guid":{"rendered":"https:\/\/www.fuss-ev.de\/koeln\/?p=4840"},"modified":"2025-09-12T15:35:37","modified_gmt":"2025-09-12T13:35:37","slug":"der-fuss-e-v-koeln-unterstuetzt-die-protestaktion-des-buendnis-verkehrswende","status":"publish","type":"post","link":"https:\/\/www.fuss-ev.de\/koeln\/der-fuss-e-v-koeln-unterstuetzt-die-protestaktion-des-buendnis-verkehrswende\/","title":{"rendered":"Der FUSS e.V. K\u00f6ln unterst\u00fctzt die Protestaktion des &#8220;B\u00fcndnis Verkehrswende&#8221;"},"content":{"rendered":"<div class=\"wpb-content-wrapper\"><p>[vc_row][vc_column][vc_column_text css=&#8221;&#8221;]<img loading=\"lazy\" decoding=\"async\" class=\"aligncenter wp-image-4847\" src=\"https:\/\/www.fuss-ev.de\/koeln\/wp-content\/uploads\/sites\/28\/2025\/09\/2_BV-OW-blog-1024x640.jpg\" alt=\"Menschen stehen am Infostand des B\u00fcndnis Verkehrswende am 06.09.2025 in K\u00f6ln am Hahnenplatz bei der Protestaktion gegen den geplanten Bau des U-Bahn-Tunnels; an Leinen h\u00e4ngen Plakate mit Fotos der geplanten Baustellen; im Hntergrund schweben rote Ballons; \u00a9Lucas Rosenthal\" width=\"600\" height=\"375\" srcset=\"https:\/\/www.fuss-ev.de\/koeln\/wp-content\/uploads\/sites\/28\/2025\/09\/2_BV-OW-blog-1024x640.jpg 1024w, https:\/\/www.fuss-ev.de\/koeln\/wp-content\/uploads\/sites\/28\/2025\/09\/2_BV-OW-blog-300x188.jpg 300w, https:\/\/www.fuss-ev.de\/koeln\/wp-content\/uploads\/sites\/28\/2025\/09\/2_BV-OW-blog-768x480.jpg 768w, https:\/\/www.fuss-ev.de\/koeln\/wp-content\/uploads\/sites\/28\/2025\/09\/2_BV-OW-blog-1536x960.jpg 1536w, https:\/\/www.fuss-ev.de\/koeln\/wp-content\/uploads\/sites\/28\/2025\/09\/2_BV-OW-blog-2048x1280.jpg 2048w\" sizes=\"auto, (max-width: 600px) 100vw, 600px\" \/><\/p>\n<p>Am 6. September 2025 hat der FUSS e.V. K\u00f6ln die Protestaktion des &#8220;B\u00fcndnis Verkehrswende&#8221; gegen den Ost-West-Tunnel auf dem K\u00f6lner Rudolfplatz unterst\u00fctzt.<\/p>\n<p><!--more--><\/p>\n<p>Das B\u00fcndnis zeigte dort erstmals Baugrubenbilder der geplanten U-Bahn-Baustelle auf der K\u00f6lner Ost-West-Achse. Die machten die gewaltigen Ausma\u00dfe der Stationen und Rampen deutlich. 15 Heliumballons mit der Aufschrift &#8220;Bauloch U-Bahn&#8221; markierten zus\u00e4tzlich das zuk\u00fcnftige Tunnel-Bauloch am Rudolfplatz.<\/p>\n<p><img loading=\"lazy\" decoding=\"async\" class=\"aligncenter wp-image-4850\" src=\"https:\/\/www.fuss-ev.de\/koeln\/wp-content\/uploads\/sites\/28\/2025\/09\/5_BV-OW-blog-1024x640.jpg\" alt=\"Gro\u00dfe rote Ballons schweben an rote Schn\u00fcren in K\u00f6ln vor dem Hahnentor und am Rudolfplatz, \u00a9Lucas Rosenthal\" width=\"600\" height=\"375\" srcset=\"https:\/\/www.fuss-ev.de\/koeln\/wp-content\/uploads\/sites\/28\/2025\/09\/5_BV-OW-blog-1024x640.jpg 1024w, https:\/\/www.fuss-ev.de\/koeln\/wp-content\/uploads\/sites\/28\/2025\/09\/5_BV-OW-blog-300x188.jpg 300w, https:\/\/www.fuss-ev.de\/koeln\/wp-content\/uploads\/sites\/28\/2025\/09\/5_BV-OW-blog-768x480.jpg 768w, https:\/\/www.fuss-ev.de\/koeln\/wp-content\/uploads\/sites\/28\/2025\/09\/5_BV-OW-blog-1536x960.jpg 1536w, https:\/\/www.fuss-ev.de\/koeln\/wp-content\/uploads\/sites\/28\/2025\/09\/5_BV-OW-blog-2048x1280.jpg 2048w\" sizes=\"auto, (max-width: 600px) 100vw, 600px\" \/><\/p>\n<p>Vertreter der Students For Future K\u00f6ln, der Tunnelgegner-Parteien wie Gr\u00fcnen, Linken, der W\u00e4hler:innengruppe GUT &amp; KLIMA FREUNDE, Volt und nat\u00fcrlich des B\u00fcndnis Verkehrswende sprachen mit vielen Informationen zum Sachstand.<\/p>\n<p>In Gespr\u00e4chen mit Passanten und mit Info-Material pr\u00e4sentierten FUSS-Mitglieder Gr\u00fcnde gegen einen Tunnel und f\u00fcr den oberirdischen Ausbau des Stra\u00dfenbahnverkehrs auch mit Blick auf den Fu\u00dfverkehr.<\/p>\n<p><img loading=\"lazy\" decoding=\"async\" class=\"aligncenter wp-image-4848\" src=\"https:\/\/www.fuss-ev.de\/koeln\/wp-content\/uploads\/sites\/28\/2025\/09\/3_BV-OW-blog-1024x640.jpg\" alt=\"Menschen unterhalten sich am Infostand des K\u00f6lner Fuss e.V.; \u00a9Lucas Rosenthal\" width=\"600\" height=\"375\" srcset=\"https:\/\/www.fuss-ev.de\/koeln\/wp-content\/uploads\/sites\/28\/2025\/09\/3_BV-OW-blog-1024x640.jpg 1024w, https:\/\/www.fuss-ev.de\/koeln\/wp-content\/uploads\/sites\/28\/2025\/09\/3_BV-OW-blog-300x188.jpg 300w, https:\/\/www.fuss-ev.de\/koeln\/wp-content\/uploads\/sites\/28\/2025\/09\/3_BV-OW-blog-768x480.jpg 768w, https:\/\/www.fuss-ev.de\/koeln\/wp-content\/uploads\/sites\/28\/2025\/09\/3_BV-OW-blog-1536x960.jpg 1536w, https:\/\/www.fuss-ev.de\/koeln\/wp-content\/uploads\/sites\/28\/2025\/09\/3_BV-OW-blog-2048x1280.jpg 2048w\" sizes=\"auto, (max-width: 600px) 100vw, 600px\" \/>So entkr\u00e4fteten sie die von KVB und Bef\u00fcrwortern im Rat der Stadt immer wieder vorgetragene Fahrzeit-Verk\u00fcrzung, die auch so nur maximal vier Minuten betragen soll. Diese wird allerdings durch Rolltreppen- oder Fahrstuhlfahrten aus bis zu 29 Meter Tiefe zunichte gemacht. Defekte Aufz\u00fcge und stillstehende Rolltreppen, die t\u00e4gliche Realit\u00e4t sind, w\u00fcrden die Nutzung zudem f\u00fcr viele Menschen unm\u00f6glich machen.<\/p>\n<p>Und oberirdisch w\u00e4ree der Ausbau erheblich klimaschonender und schneller zu realisieren \u2013 und f\u00fcr die knappen K\u00f6lner Finanzen g\u00fcnstiger, die an anderer Stelle dem KVB-Ausbau fehlen w\u00fcrden.<\/p>\n<p>Der K\u00f6lner Klimachor, milde Temperaturen und Sonnenschein trugen zur guten Stimmung bei.<\/p>\n<p>Wer es am Samstag nicht geschafft hat, findet die Baugrubenbilder und weitere Informationen zu den m\u00f6glichen Auswirkungen des Tunnelbaus beim B\u00fcndnis Verkehrswende (<a href=\"https:\/\/verkehrswende.koeln\/bauloch-banner-u-bahn-stationen\" target=\"_blank\" rel=\"noopener\">LINK<\/a>).[\/vc_column_text][\/vc_column][\/vc_row]<\/p>\n<\/div>","protected":false},"excerpt":{"rendered":"<p>[vc_row][vc_column][vc_column_text css=&#8221;&#8221;] Am 6. September 2025 hat der FUSS e.V. K\u00f6ln die Protestaktion des &#8220;B\u00fcndnis Verkehrswende&#8221; gegen den Ost-West-Tunnel auf dem K\u00f6lner Rudolfplatz unterst\u00fctzt.<\/p>\n","protected":false},"author":53,"featured_media":4848,"comment_status":"closed","ping_status":"closed","sticky":false,"template":"","format":"standard","meta":{"_acf_changed":false,"_relevanssi_hide_post":"","_relevanssi_hide_content":"","_relevanssi_pin_for_all":"","_relevanssi_pin_keywords":"","_relevanssi_unpin_keywords":"","_relevanssi_related_keywords":"","_relevanssi_related_include_ids":"","_relevanssi_related_exclude_ids":"","_relevanssi_related_no_append":"","_relevanssi_related_not_related":"","_relevanssi_related_posts":"","_relevanssi_noindex_reason":"","footnotes":""},"categories":[8],"tags":[],"class_list":["post-4840","post","type-post","status-publish","format-standard","has-post-thumbnail","hentry","category-aktuelles"],"acf":[],"yoast_head":"<!-- This site is optimized with the Yoast SEO plugin v27.4 - https:\/\/yoast.com\/product\/yoast-seo-wordpress\/ -->\n<title>Der FUSS e.V. K\u00f6ln unterst\u00fctzt die Protestaktion des &quot;B\u00fcndnis Verkehrswende&quot; - FUSS e.V. K\u00f6ln<\/title>\n<meta name=\"robots\" content=\"index, follow, max-snippet:-1, max-image-preview:large, max-video-preview:-1\" \/>\n<link rel=\"canonical\" href=\"https:\/\/www.fuss-ev.de\/koeln\/der-fuss-e-v-koeln-unterstuetzt-die-protestaktion-des-buendnis-verkehrswende\/\" \/>\n<meta property=\"og:locale\" content=\"de_DE\" \/>\n<meta property=\"og:type\" content=\"article\" \/>\n<meta property=\"og:title\" content=\"Der FUSS e.V. K\u00f6ln unterst\u00fctzt die Protestaktion des &quot;B\u00fcndnis Verkehrswende&quot; - FUSS e.V. K\u00f6ln\" \/>\n<meta property=\"og:description\" content=\"[vc_row][vc_column][vc_column_text css=&#8221;&#8221;] Am 6. September 2025 hat der FUSS e.V. K\u00f6ln die Protestaktion des &#8220;B\u00fcndnis Verkehrswende&#8221; gegen den Ost-West-Tunnel auf dem K\u00f6lner Rudolfplatz unterst\u00fctzt.\" \/>\n<meta property=\"og:url\" content=\"https:\/\/www.fuss-ev.de\/koeln\/der-fuss-e-v-koeln-unterstuetzt-die-protestaktion-des-buendnis-verkehrswende\/\" \/>\n<meta property=\"og:site_name\" content=\"FUSS e.V. K\u00f6ln\" \/>\n<meta property=\"article:published_time\" content=\"2025-09-11T08:00:40+00:00\" \/>\n<meta property=\"article:modified_time\" content=\"2025-09-12T13:35:37+00:00\" \/>\n<meta property=\"og:image\" content=\"https:\/\/www.fuss-ev.de\/koeln\/wp-content\/uploads\/sites\/28\/2025\/09\/3_BV-OW-blog-scaled.jpg\" \/>\n\t<meta property=\"og:image:width\" content=\"2560\" \/>\n\t<meta property=\"og:image:height\" content=\"1600\" \/>\n\t<meta property=\"og:image:type\" content=\"image\/jpeg\" \/>\n<meta name=\"author\" content=\"michaelgerloff\" \/>\n<meta name=\"twitter:card\" content=\"summary_large_image\" \/>\n<meta name=\"twitter:label1\" content=\"Verfasst von\" \/>\n\t<meta name=\"twitter:data1\" content=\"michaelgerloff\" \/>\n\t<meta name=\"twitter:label2\" content=\"Gesch\u00e4tzte Lesezeit\" \/>\n\t<meta name=\"twitter:data2\" content=\"3\u00a0Minuten\" \/>\n<script type=\"application\/ld+json\" class=\"yoast-schema-graph\">{\"@context\":\"https:\\\/\\\/schema.org\",\"@graph\":[{\"@type\":\"Article\",\"@id\":\"https:\\\/\\\/www.fuss-ev.de\\\/koeln\\\/der-fuss-e-v-koeln-unterstuetzt-die-protestaktion-des-buendnis-verkehrswende\\\/#article\",\"isPartOf\":{\"@id\":\"https:\\\/\\\/www.fuss-ev.de\\\/koeln\\\/der-fuss-e-v-koeln-unterstuetzt-die-protestaktion-des-buendnis-verkehrswende\\\/\"},\"author\":{\"name\":\"michaelgerloff\",\"@id\":\"https:\\\/\\\/www.fuss-ev.de\\\/koeln\\\/#\\\/schema\\\/person\\\/0b04c1251a96d6579fc4185df0506d61\"},\"headline\":\"Der FUSS e.V. K\u00f6ln unterst\u00fctzt die Protestaktion des &#8220;B\u00fcndnis Verkehrswende&#8221;\",\"datePublished\":\"2025-09-11T08:00:40+00:00\",\"dateModified\":\"2025-09-12T13:35:37+00:00\",\"mainEntityOfPage\":{\"@id\":\"https:\\\/\\\/www.fuss-ev.de\\\/koeln\\\/der-fuss-e-v-koeln-unterstuetzt-die-protestaktion-des-buendnis-verkehrswende\\\/\"},\"wordCount\":297,\"publisher\":{\"@id\":\"https:\\\/\\\/www.fuss-ev.de\\\/koeln\\\/#organization\"},\"image\":{\"@id\":\"https:\\\/\\\/www.fuss-ev.de\\\/koeln\\\/der-fuss-e-v-koeln-unterstuetzt-die-protestaktion-des-buendnis-verkehrswende\\\/#primaryimage\"},\"thumbnailUrl\":\"https:\\\/\\\/www.fuss-ev.de\\\/koeln\\\/wp-content\\\/uploads\\\/sites\\\/28\\\/2025\\\/09\\\/3_BV-OW-blog-scaled.jpg\",\"articleSection\":[\"Aktuelles\"],\"inLanguage\":\"de\"},{\"@type\":\"WebPage\",\"@id\":\"https:\\\/\\\/www.fuss-ev.de\\\/koeln\\\/der-fuss-e-v-koeln-unterstuetzt-die-protestaktion-des-buendnis-verkehrswende\\\/\",\"url\":\"https:\\\/\\\/www.fuss-ev.de\\\/koeln\\\/der-fuss-e-v-koeln-unterstuetzt-die-protestaktion-des-buendnis-verkehrswende\\\/\",\"name\":\"Der FUSS e.V. K\u00f6ln unterst\u00fctzt die Protestaktion des \\\"B\u00fcndnis Verkehrswende\\\" - FUSS e.V. K\u00f6ln\",\"isPartOf\":{\"@id\":\"https:\\\/\\\/www.fuss-ev.de\\\/koeln\\\/#website\"},\"primaryImageOfPage\":{\"@id\":\"https:\\\/\\\/www.fuss-ev.de\\\/koeln\\\/der-fuss-e-v-koeln-unterstuetzt-die-protestaktion-des-buendnis-verkehrswende\\\/#primaryimage\"},\"image\":{\"@id\":\"https:\\\/\\\/www.fuss-ev.de\\\/koeln\\\/der-fuss-e-v-koeln-unterstuetzt-die-protestaktion-des-buendnis-verkehrswende\\\/#primaryimage\"},\"thumbnailUrl\":\"https:\\\/\\\/www.fuss-ev.de\\\/koeln\\\/wp-content\\\/uploads\\\/sites\\\/28\\\/2025\\\/09\\\/3_BV-OW-blog-scaled.jpg\",\"datePublished\":\"2025-09-11T08:00:40+00:00\",\"dateModified\":\"2025-09-12T13:35:37+00:00\",\"breadcrumb\":{\"@id\":\"https:\\\/\\\/www.fuss-ev.de\\\/koeln\\\/der-fuss-e-v-koeln-unterstuetzt-die-protestaktion-des-buendnis-verkehrswende\\\/#breadcrumb\"},\"inLanguage\":\"de\",\"potentialAction\":[{\"@type\":\"ReadAction\",\"target\":[\"https:\\\/\\\/www.fuss-ev.de\\\/koeln\\\/der-fuss-e-v-koeln-unterstuetzt-die-protestaktion-des-buendnis-verkehrswende\\\/\"]}]},{\"@type\":\"ImageObject\",\"inLanguage\":\"de\",\"@id\":\"https:\\\/\\\/www.fuss-ev.de\\\/koeln\\\/der-fuss-e-v-koeln-unterstuetzt-die-protestaktion-des-buendnis-verkehrswende\\\/#primaryimage\",\"url\":\"https:\\\/\\\/www.fuss-ev.de\\\/koeln\\\/wp-content\\\/uploads\\\/sites\\\/28\\\/2025\\\/09\\\/3_BV-OW-blog-scaled.jpg\",\"contentUrl\":\"https:\\\/\\\/www.fuss-ev.de\\\/koeln\\\/wp-content\\\/uploads\\\/sites\\\/28\\\/2025\\\/09\\\/3_BV-OW-blog-scaled.jpg\",\"width\":2560,\"height\":1600,\"caption\":\"Menschen unterhalten sich am Infostand des K\u00f6lner Fuss e.V.; \u00a9Lucas Rosenthal\"},{\"@type\":\"BreadcrumbList\",\"@id\":\"https:\\\/\\\/www.fuss-ev.de\\\/koeln\\\/der-fuss-e-v-koeln-unterstuetzt-die-protestaktion-des-buendnis-verkehrswende\\\/#breadcrumb\",\"itemListElement\":[{\"@type\":\"ListItem\",\"position\":1,\"name\":\"Startseite\",\"item\":\"https:\\\/\\\/www.fuss-ev.de\\\/koeln\\\/\"},{\"@type\":\"ListItem\",\"position\":2,\"name\":\"Der FUSS e.V. K\u00f6ln unterst\u00fctzt die Protestaktion des &#8220;B\u00fcndnis Verkehrswende&#8221;\"}]},{\"@type\":\"WebSite\",\"@id\":\"https:\\\/\\\/www.fuss-ev.de\\\/koeln\\\/#website\",\"url\":\"https:\\\/\\\/www.fuss-ev.de\\\/koeln\\\/\",\"name\":\"FUSS e.V. K\u00f6ln\",\"description\":\"Zu Fu\u00df durch K\u00f6ln \u2013 sicher und bequem!\",\"publisher\":{\"@id\":\"https:\\\/\\\/www.fuss-ev.de\\\/koeln\\\/#organization\"},\"potentialAction\":[{\"@type\":\"SearchAction\",\"target\":{\"@type\":\"EntryPoint\",\"urlTemplate\":\"https:\\\/\\\/www.fuss-ev.de\\\/koeln\\\/?s={search_term_string}\"},\"query-input\":{\"@type\":\"PropertyValueSpecification\",\"valueRequired\":true,\"valueName\":\"search_term_string\"}}],\"inLanguage\":\"de\"},{\"@type\":\"Organization\",\"@id\":\"https:\\\/\\\/www.fuss-ev.de\\\/koeln\\\/#organization\",\"name\":\"FUSS e.V. K\u00f6ln\",\"url\":\"https:\\\/\\\/www.fuss-ev.de\\\/koeln\\\/\",\"logo\":{\"@type\":\"ImageObject\",\"inLanguage\":\"de\",\"@id\":\"https:\\\/\\\/www.fuss-ev.de\\\/koeln\\\/#\\\/schema\\\/logo\\\/image\\\/\",\"url\":\"https:\\\/\\\/www.fuss-ev.de\\\/koeln\\\/wp-content\\\/uploads\\\/sites\\\/28\\\/2025\\\/01\\\/FUSS_Logo.jpg\",\"contentUrl\":\"https:\\\/\\\/www.fuss-ev.de\\\/koeln\\\/wp-content\\\/uploads\\\/sites\\\/28\\\/2025\\\/01\\\/FUSS_Logo.jpg\",\"width\":2082,\"height\":979,\"caption\":\"FUSS e.V. K\u00f6ln\"},\"image\":{\"@id\":\"https:\\\/\\\/www.fuss-ev.de\\\/koeln\\\/#\\\/schema\\\/logo\\\/image\\\/\"}},{\"@type\":\"Person\",\"@id\":\"https:\\\/\\\/www.fuss-ev.de\\\/koeln\\\/#\\\/schema\\\/person\\\/0b04c1251a96d6579fc4185df0506d61\",\"name\":\"michaelgerloff\",\"image\":{\"@type\":\"ImageObject\",\"inLanguage\":\"de\",\"@id\":\"https:\\\/\\\/secure.gravatar.com\\\/avatar\\\/133ed8d3167000e42e292cda00717660c6b797418b0c1cc1a67f5082247522e0?s=96&d=mm&r=g\",\"url\":\"https:\\\/\\\/secure.gravatar.com\\\/avatar\\\/133ed8d3167000e42e292cda00717660c6b797418b0c1cc1a67f5082247522e0?s=96&d=mm&r=g\",\"contentUrl\":\"https:\\\/\\\/secure.gravatar.com\\\/avatar\\\/133ed8d3167000e42e292cda00717660c6b797418b0c1cc1a67f5082247522e0?s=96&d=mm&r=g\",\"caption\":\"michaelgerloff\"},\"url\":\"https:\\\/\\\/www.fuss-ev.de\\\/koeln\\\/author\\\/michaelgerloff\\\/\"}]}<\/script>\n<!-- \/ Yoast SEO plugin. -->","yoast_head_json":{"title":"Der FUSS e.V. K\u00f6ln unterst\u00fctzt die Protestaktion des \"B\u00fcndnis Verkehrswende\" - FUSS e.V. K\u00f6ln","robots":{"index":"index","follow":"follow","max-snippet":"max-snippet:-1","max-image-preview":"max-image-preview:large","max-video-preview":"max-video-preview:-1"},"canonical":"https:\/\/www.fuss-ev.de\/koeln\/der-fuss-e-v-koeln-unterstuetzt-die-protestaktion-des-buendnis-verkehrswende\/","og_locale":"de_DE","og_type":"article","og_title":"Der FUSS e.V. K\u00f6ln unterst\u00fctzt die Protestaktion des \"B\u00fcndnis Verkehrswende\" - FUSS e.V. K\u00f6ln","og_description":"[vc_row][vc_column][vc_column_text css=&#8221;&#8221;] Am 6. September 2025 hat der FUSS e.V. K\u00f6ln die Protestaktion des &#8220;B\u00fcndnis Verkehrswende&#8221; gegen den Ost-West-Tunnel auf dem K\u00f6lner Rudolfplatz unterst\u00fctzt.","og_url":"https:\/\/www.fuss-ev.de\/koeln\/der-fuss-e-v-koeln-unterstuetzt-die-protestaktion-des-buendnis-verkehrswende\/","og_site_name":"FUSS e.V. K\u00f6ln","article_published_time":"2025-09-11T08:00:40+00:00","article_modified_time":"2025-09-12T13:35:37+00:00","og_image":[{"width":2560,"height":1600,"url":"https:\/\/www.fuss-ev.de\/koeln\/wp-content\/uploads\/sites\/28\/2025\/09\/3_BV-OW-blog-scaled.jpg","type":"image\/jpeg"}],"author":"michaelgerloff","twitter_card":"summary_large_image","twitter_misc":{"Verfasst von":"michaelgerloff","Gesch\u00e4tzte Lesezeit":"3\u00a0Minuten"},"schema":{"@context":"https:\/\/schema.org","@graph":[{"@type":"Article","@id":"https:\/\/www.fuss-ev.de\/koeln\/der-fuss-e-v-koeln-unterstuetzt-die-protestaktion-des-buendnis-verkehrswende\/#article","isPartOf":{"@id":"https:\/\/www.fuss-ev.de\/koeln\/der-fuss-e-v-koeln-unterstuetzt-die-protestaktion-des-buendnis-verkehrswende\/"},"author":{"name":"michaelgerloff","@id":"https:\/\/www.fuss-ev.de\/koeln\/#\/schema\/person\/0b04c1251a96d6579fc4185df0506d61"},"headline":"Der FUSS e.V. K\u00f6ln unterst\u00fctzt die Protestaktion des &#8220;B\u00fcndnis Verkehrswende&#8221;","datePublished":"2025-09-11T08:00:40+00:00","dateModified":"2025-09-12T13:35:37+00:00","mainEntityOfPage":{"@id":"https:\/\/www.fuss-ev.de\/koeln\/der-fuss-e-v-koeln-unterstuetzt-die-protestaktion-des-buendnis-verkehrswende\/"},"wordCount":297,"publisher":{"@id":"https:\/\/www.fuss-ev.de\/koeln\/#organization"},"image":{"@id":"https:\/\/www.fuss-ev.de\/koeln\/der-fuss-e-v-koeln-unterstuetzt-die-protestaktion-des-buendnis-verkehrswende\/#primaryimage"},"thumbnailUrl":"https:\/\/www.fuss-ev.de\/koeln\/wp-content\/uploads\/sites\/28\/2025\/09\/3_BV-OW-blog-scaled.jpg","articleSection":["Aktuelles"],"inLanguage":"de"},{"@type":"WebPage","@id":"https:\/\/www.fuss-ev.de\/koeln\/der-fuss-e-v-koeln-unterstuetzt-die-protestaktion-des-buendnis-verkehrswende\/","url":"https:\/\/www.fuss-ev.de\/koeln\/der-fuss-e-v-koeln-unterstuetzt-die-protestaktion-des-buendnis-verkehrswende\/","name":"Der FUSS e.V. K\u00f6ln unterst\u00fctzt die Protestaktion des \"B\u00fcndnis Verkehrswende\" - FUSS e.V. K\u00f6ln","isPartOf":{"@id":"https:\/\/www.fuss-ev.de\/koeln\/#website"},"primaryImageOfPage":{"@id":"https:\/\/www.fuss-ev.de\/koeln\/der-fuss-e-v-koeln-unterstuetzt-die-protestaktion-des-buendnis-verkehrswende\/#primaryimage"},"image":{"@id":"https:\/\/www.fuss-ev.de\/koeln\/der-fuss-e-v-koeln-unterstuetzt-die-protestaktion-des-buendnis-verkehrswende\/#primaryimage"},"thumbnailUrl":"https:\/\/www.fuss-ev.de\/koeln\/wp-content\/uploads\/sites\/28\/2025\/09\/3_BV-OW-blog-scaled.jpg","datePublished":"2025-09-11T08:00:40+00:00","dateModified":"2025-09-12T13:35:37+00:00","breadcrumb":{"@id":"https:\/\/www.fuss-ev.de\/koeln\/der-fuss-e-v-koeln-unterstuetzt-die-protestaktion-des-buendnis-verkehrswende\/#breadcrumb"},"inLanguage":"de","potentialAction":[{"@type":"ReadAction","target":["https:\/\/www.fuss-ev.de\/koeln\/der-fuss-e-v-koeln-unterstuetzt-die-protestaktion-des-buendnis-verkehrswende\/"]}]},{"@type":"ImageObject","inLanguage":"de","@id":"https:\/\/www.fuss-ev.de\/koeln\/der-fuss-e-v-koeln-unterstuetzt-die-protestaktion-des-buendnis-verkehrswende\/#primaryimage","url":"https:\/\/www.fuss-ev.de\/koeln\/wp-content\/uploads\/sites\/28\/2025\/09\/3_BV-OW-blog-scaled.jpg","contentUrl":"https:\/\/www.fuss-ev.de\/koeln\/wp-content\/uploads\/sites\/28\/2025\/09\/3_BV-OW-blog-scaled.jpg","width":2560,"height":1600,"caption":"Menschen unterhalten sich am Infostand des K\u00f6lner Fuss e.V.; \u00a9Lucas Rosenthal"},{"@type":"BreadcrumbList","@id":"https:\/\/www.fuss-ev.de\/koeln\/der-fuss-e-v-koeln-unterstuetzt-die-protestaktion-des-buendnis-verkehrswende\/#breadcrumb","itemListElement":[{"@type":"ListItem","position":1,"name":"Startseite","item":"https:\/\/www.fuss-ev.de\/koeln\/"},{"@type":"ListItem","position":2,"name":"Der FUSS e.V. K\u00f6ln unterst\u00fctzt die Protestaktion des &#8220;B\u00fcndnis Verkehrswende&#8221;"}]},{"@type":"WebSite","@id":"https:\/\/www.fuss-ev.de\/koeln\/#website","url":"https:\/\/www.fuss-ev.de\/koeln\/","name":"FUSS e.V. K\u00f6ln","description":"Zu Fu\u00df durch K\u00f6ln \u2013 sicher und bequem!","publisher":{"@id":"https:\/\/www.fuss-ev.de\/koeln\/#organization"},"potentialAction":[{"@type":"SearchAction","target":{"@type":"EntryPoint","urlTemplate":"https:\/\/www.fuss-ev.de\/koeln\/?s={search_term_string}"},"query-input":{"@type":"PropertyValueSpecification","valueRequired":true,"valueName":"search_term_string"}}],"inLanguage":"de"},{"@type":"Organization","@id":"https:\/\/www.fuss-ev.de\/koeln\/#organization","name":"FUSS e.V. K\u00f6ln","url":"https:\/\/www.fuss-ev.de\/koeln\/","logo":{"@type":"ImageObject","inLanguage":"de","@id":"https:\/\/www.fuss-ev.de\/koeln\/#\/schema\/logo\/image\/","url":"https:\/\/www.fuss-ev.de\/koeln\/wp-content\/uploads\/sites\/28\/2025\/01\/FUSS_Logo.jpg","contentUrl":"https:\/\/www.fuss-ev.de\/koeln\/wp-content\/uploads\/sites\/28\/2025\/01\/FUSS_Logo.jpg","width":2082,"height":979,"caption":"FUSS e.V. K\u00f6ln"},"image":{"@id":"https:\/\/www.fuss-ev.de\/koeln\/#\/schema\/logo\/image\/"}},{"@type":"Person","@id":"https:\/\/www.fuss-ev.de\/koeln\/#\/schema\/person\/0b04c1251a96d6579fc4185df0506d61","name":"michaelgerloff","image":{"@type":"ImageObject","inLanguage":"de","@id":"https:\/\/secure.gravatar.com\/avatar\/133ed8d3167000e42e292cda00717660c6b797418b0c1cc1a67f5082247522e0?s=96&d=mm&r=g","url":"https:\/\/secure.gravatar.com\/avatar\/133ed8d3167000e42e292cda00717660c6b797418b0c1cc1a67f5082247522e0?s=96&d=mm&r=g","contentUrl":"https:\/\/secure.gravatar.com\/avatar\/133ed8d3167000e42e292cda00717660c6b797418b0c1cc1a67f5082247522e0?s=96&d=mm&r=g","caption":"michaelgerloff"},"url":"https:\/\/www.fuss-ev.de\/koeln\/author\/michaelgerloff\/"}]}},"publishpress_future_action":{"enabled":false,"date":"2026-05-09 10:26:24","action":"change-status","newStatus":"draft","terms":[],"taxonomy":"category","extraData":[]},"publishpress_future_workflow_manual_trigger":{"enabledWorkflows":[]},"_links":{"self":[{"href":"https:\/\/www.fuss-ev.de\/koeln\/wp-json\/wp\/v2\/posts\/4840","targetHints":{"allow":["GET"]}}],"collection":[{"href":"https:\/\/www.fuss-ev.de\/koeln\/wp-json\/wp\/v2\/posts"}],"about":[{"href":"https:\/\/www.fuss-ev.de\/koeln\/wp-json\/wp\/v2\/types\/post"}],"author":[{"embeddable":true,"href":"https:\/\/www.fuss-ev.de\/koeln\/wp-json\/wp\/v2\/users\/53"}],"replies":[{"embeddable":true,"href":"https:\/\/www.fuss-ev.de\/koeln\/wp-json\/wp\/v2\/comments?post=4840"}],"version-history":[{"count":8,"href":"https:\/\/www.fuss-ev.de\/koeln\/wp-json\/wp\/v2\/posts\/4840\/revisions"}],"predecessor-version":[{"id":4854,"href":"https:\/\/www.fuss-ev.de\/koeln\/wp-json\/wp\/v2\/posts\/4840\/revisions\/4854"}],"wp:featuredmedia":[{"embeddable":true,"href":"https:\/\/www.fuss-ev.de\/koeln\/wp-json\/wp\/v2\/media\/4848"}],"wp:attachment":[{"href":"https:\/\/www.fuss-ev.de\/koeln\/wp-json\/wp\/v2\/media?parent=4840"}],"wp:term":[{"taxonomy":"category","embeddable":true,"href":"https:\/\/www.fuss-ev.de\/koeln\/wp-json\/wp\/v2\/categories?post=4840"},{"taxonomy":"post_tag","embeddable":true,"href":"https:\/\/www.fuss-ev.de\/koeln\/wp-json\/wp\/v2\/tags?post=4840"}],"curies":[{"name":"wp","href":"https:\/\/api.w.org\/{rel}","templated":true}]}}