{"id":4811,"date":"2025-09-06T09:35:35","date_gmt":"2025-09-06T07:35:35","guid":{"rendered":"https:\/\/www.fuss-ev.de\/koeln\/?p=4811"},"modified":"2025-09-10T15:38:34","modified_gmt":"2025-09-10T13:38:34","slug":"ost-west-achse-fuss-e-v-fordert-die-oberirdische-variante","status":"publish","type":"post","link":"https:\/\/www.fuss-ev.de\/koeln\/ost-west-achse-fuss-e-v-fordert-die-oberirdische-variante\/","title":{"rendered":"Ost-West-Achse \u2013 FUSS e.V. fordert die oberirdische Variante"},"content":{"rendered":"<div class=\"wpb-content-wrapper\"><p>[vc_row][vc_column][vc_column_text css=&#8221;&#8221;]Ein gro\u00dfes Problem f\u00fcr viele KVB-Nutzer zeigt sich allt\u00e4glich: Rolltreppen und Aufz\u00fcge funktionieren nicht, die Zuwege sind h\u00e4ufig f\u00fcr mobilit\u00e4ts-eingeschr\u00e4nkte Menschen zu weit. Vor manchen Aufz\u00fcgen staut es sich, weil die Transportkapazit\u00e4ten nicht ausreichen.<\/p>\n<p><!--more--><\/p>\n<p><img loading=\"lazy\" decoding=\"async\" class=\"aligncenter wp-image-4816\" src=\"https:\/\/www.fuss-ev.de\/koeln\/wp-content\/uploads\/sites\/28\/2025\/09\/OWA-Plakat_web-768x1024.jpg\" alt=\"Plakat mit Fotos von Stra\u00dfenbahnen am K\u00f6lner Neumarkt, dazu die Worte Oben bleiben, Sicher, Bequem, Schnell und das Logo des Fuss e.V.\" width=\"600\" height=\"800\" srcset=\"https:\/\/www.fuss-ev.de\/koeln\/wp-content\/uploads\/sites\/28\/2025\/09\/OWA-Plakat_web-768x1024.jpg 768w, https:\/\/www.fuss-ev.de\/koeln\/wp-content\/uploads\/sites\/28\/2025\/09\/OWA-Plakat_web-225x300.jpg 225w, https:\/\/www.fuss-ev.de\/koeln\/wp-content\/uploads\/sites\/28\/2025\/09\/OWA-Plakat_web.jpg 1080w\" sizes=\"auto, (max-width: 600px) 100vw, 600px\" \/><\/p>\n<p>&nbsp;<\/p>\n<p>Oberirdisch mag es viele Betriebsst\u00f6rungen geben, z.B. durch Autos im Gleis. Das ist in der Tat \u00e4rgerlich, aber defekte Aufz\u00fcge und nicht funktionierende Rolltreppen sind ebenfalls Betriebsst\u00f6rungen, die die Nutzer der KVB direkt treffen.<\/p>\n<p>F\u00fcr die KVB z\u00e4hlen die Schnelligkeit und die St\u00f6rungsfreiheit auf der Strecke. F\u00fcr Kundinnen und Kunden z\u00e4hlt hingegen die Reisezeit: Die Zeit, die sie bei der unterirdischen Fahrt einsparen, ben\u00f6tigen sie f\u00fcr den Zugang in mehrere Tiefgeschosse bis zu 29 Meter Tiefe. Eine oberirdische Bahn ist viel schneller und klimaschonender zu realisieren als der unterirdische Bau, die Bahn steht den Fahrg\u00e4sten also wesentlich fr\u00fcher zur Verf\u00fcgung als eine Tunnelbahn.<\/p>\n<p>Auch wenn der gr\u00f6\u00dfte Teil der Kosten von Bund und Land getragen wird, verbleiben viele Millionen bei der Stadt K\u00f6ln. Die fehlen zur Verbesserung des \u00d6PNV an anderen Stellen. Eine oberirdische L\u00f6sung kostet einen Bruchteil des Tunnels.<\/p>\n<p>Die Neugestaltung des Neumarkts und eine Neuregelung und -aufteilung der Verkehrsf\u00fchrung ist auch mit der oberirdischen Stadtbahn m\u00f6glich und w\u00e4re ein Gewinn f\u00fcr alle Verkehrsteilnehmer.[\/vc_column_text][\/vc_column][\/vc_row]<\/p>\n<\/div>","protected":false},"excerpt":{"rendered":"<p>[vc_row][vc_column][vc_column_text css=&#8221;&#8221;]Ein gro\u00dfes Problem f\u00fcr viele KVB-Nutzer zeigt sich allt\u00e4glich: Rolltreppen und Aufz\u00fcge funktionieren nicht, die Zuwege sind h\u00e4ufig f\u00fcr mobilit\u00e4ts-eingeschr\u00e4nkte Menschen zu weit. Vor manchen Aufz\u00fcgen staut es sich, weil die Transportkapazit\u00e4ten nicht ausreichen.<\/p>\n","protected":false},"author":53,"featured_media":4837,"comment_status":"closed","ping_status":"closed","sticky":false,"template":"","format":"standard","meta":{"_acf_changed":false,"_relevanssi_hide_post":"","_relevanssi_hide_content":"","_relevanssi_pin_for_all":"","_relevanssi_pin_keywords":"","_relevanssi_unpin_keywords":"","_relevanssi_related_keywords":"","_relevanssi_related_include_ids":"","_relevanssi_related_exclude_ids":"","_relevanssi_related_no_append":"","_relevanssi_related_not_related":"","_relevanssi_related_posts":"","_relevanssi_noindex_reason":"","footnotes":""},"categories":[8],"tags":[],"class_list":["post-4811","post","type-post","status-publish","format-standard","has-post-thumbnail","hentry","category-aktuelles"],"acf":[],"yoast_head":"<!-- This site is optimized with the Yoast SEO plugin v27.4 - https:\/\/yoast.com\/product\/yoast-seo-wordpress\/ -->\n<title>Ost-West-Achse \u2013 FUSS e.V. fordert die oberirdische Variante - FUSS e.V. K\u00f6ln<\/title>\n<meta name=\"robots\" content=\"index, follow, max-snippet:-1, max-image-preview:large, max-video-preview:-1\" \/>\n<link rel=\"canonical\" href=\"https:\/\/www.fuss-ev.de\/koeln\/ost-west-achse-fuss-e-v-fordert-die-oberirdische-variante\/\" \/>\n<meta property=\"og:locale\" content=\"de_DE\" \/>\n<meta property=\"og:type\" content=\"article\" \/>\n<meta property=\"og:title\" content=\"Ost-West-Achse \u2013 FUSS e.V. fordert die oberirdische Variante - FUSS e.V. K\u00f6ln\" \/>\n<meta property=\"og:description\" content=\"[vc_row][vc_column][vc_column_text css=&#8221;&#8221;]Ein gro\u00dfes Problem f\u00fcr viele KVB-Nutzer zeigt sich allt\u00e4glich: Rolltreppen und Aufz\u00fcge funktionieren nicht, die Zuwege sind h\u00e4ufig f\u00fcr mobilit\u00e4ts-eingeschr\u00e4nkte Menschen zu weit. Vor manchen Aufz\u00fcgen staut es sich, weil die Transportkapazit\u00e4ten nicht ausreichen.\" \/>\n<meta property=\"og:url\" content=\"https:\/\/www.fuss-ev.de\/koeln\/ost-west-achse-fuss-e-v-fordert-die-oberirdische-variante\/\" \/>\n<meta property=\"og:site_name\" content=\"FUSS e.V. K\u00f6ln\" \/>\n<meta property=\"article:published_time\" content=\"2025-09-06T07:35:35+00:00\" \/>\n<meta property=\"article:modified_time\" content=\"2025-09-10T13:38:34+00:00\" \/>\n<meta property=\"og:image\" content=\"https:\/\/www.fuss-ev.de\/koeln\/wp-content\/uploads\/sites\/28\/2025\/09\/owa-Header-3840-2400-neu-scaled.jpg\" \/>\n\t<meta property=\"og:image:width\" content=\"2560\" \/>\n\t<meta property=\"og:image:height\" content=\"1600\" \/>\n\t<meta property=\"og:image:type\" content=\"image\/jpeg\" \/>\n<meta name=\"author\" content=\"michaelgerloff\" \/>\n<meta name=\"twitter:card\" content=\"summary_large_image\" \/>\n<meta name=\"twitter:label1\" content=\"Verfasst von\" \/>\n\t<meta name=\"twitter:data1\" content=\"michaelgerloff\" \/>\n\t<meta name=\"twitter:label2\" content=\"Gesch\u00e4tzte Lesezeit\" \/>\n\t<meta name=\"twitter:data2\" content=\"2\u00a0Minuten\" \/>\n<script type=\"application\/ld+json\" class=\"yoast-schema-graph\">{\"@context\":\"https:\\\/\\\/schema.org\",\"@graph\":[{\"@type\":\"Article\",\"@id\":\"https:\\\/\\\/www.fuss-ev.de\\\/koeln\\\/ost-west-achse-fuss-e-v-fordert-die-oberirdische-variante\\\/#article\",\"isPartOf\":{\"@id\":\"https:\\\/\\\/www.fuss-ev.de\\\/koeln\\\/ost-west-achse-fuss-e-v-fordert-die-oberirdische-variante\\\/\"},\"author\":{\"name\":\"michaelgerloff\",\"@id\":\"https:\\\/\\\/www.fuss-ev.de\\\/koeln\\\/#\\\/schema\\\/person\\\/0b04c1251a96d6579fc4185df0506d61\"},\"headline\":\"Ost-West-Achse \u2013 FUSS e.V. fordert die oberirdische Variante\",\"datePublished\":\"2025-09-06T07:35:35+00:00\",\"dateModified\":\"2025-09-10T13:38:34+00:00\",\"mainEntityOfPage\":{\"@id\":\"https:\\\/\\\/www.fuss-ev.de\\\/koeln\\\/ost-west-achse-fuss-e-v-fordert-die-oberirdische-variante\\\/\"},\"wordCount\":253,\"publisher\":{\"@id\":\"https:\\\/\\\/www.fuss-ev.de\\\/koeln\\\/#organization\"},\"image\":{\"@id\":\"https:\\\/\\\/www.fuss-ev.de\\\/koeln\\\/ost-west-achse-fuss-e-v-fordert-die-oberirdische-variante\\\/#primaryimage\"},\"thumbnailUrl\":\"https:\\\/\\\/www.fuss-ev.de\\\/koeln\\\/wp-content\\\/uploads\\\/sites\\\/28\\\/2025\\\/09\\\/owa-Header-3840-2400-neu-scaled.jpg\",\"articleSection\":[\"Aktuelles\"],\"inLanguage\":\"de\"},{\"@type\":\"WebPage\",\"@id\":\"https:\\\/\\\/www.fuss-ev.de\\\/koeln\\\/ost-west-achse-fuss-e-v-fordert-die-oberirdische-variante\\\/\",\"url\":\"https:\\\/\\\/www.fuss-ev.de\\\/koeln\\\/ost-west-achse-fuss-e-v-fordert-die-oberirdische-variante\\\/\",\"name\":\"Ost-West-Achse \u2013 FUSS e.V. fordert die oberirdische Variante - FUSS e.V. K\u00f6ln\",\"isPartOf\":{\"@id\":\"https:\\\/\\\/www.fuss-ev.de\\\/koeln\\\/#website\"},\"primaryImageOfPage\":{\"@id\":\"https:\\\/\\\/www.fuss-ev.de\\\/koeln\\\/ost-west-achse-fuss-e-v-fordert-die-oberirdische-variante\\\/#primaryimage\"},\"image\":{\"@id\":\"https:\\\/\\\/www.fuss-ev.de\\\/koeln\\\/ost-west-achse-fuss-e-v-fordert-die-oberirdische-variante\\\/#primaryimage\"},\"thumbnailUrl\":\"https:\\\/\\\/www.fuss-ev.de\\\/koeln\\\/wp-content\\\/uploads\\\/sites\\\/28\\\/2025\\\/09\\\/owa-Header-3840-2400-neu-scaled.jpg\",\"datePublished\":\"2025-09-06T07:35:35+00:00\",\"dateModified\":\"2025-09-10T13:38:34+00:00\",\"breadcrumb\":{\"@id\":\"https:\\\/\\\/www.fuss-ev.de\\\/koeln\\\/ost-west-achse-fuss-e-v-fordert-die-oberirdische-variante\\\/#breadcrumb\"},\"inLanguage\":\"de\",\"potentialAction\":[{\"@type\":\"ReadAction\",\"target\":[\"https:\\\/\\\/www.fuss-ev.de\\\/koeln\\\/ost-west-achse-fuss-e-v-fordert-die-oberirdische-variante\\\/\"]}]},{\"@type\":\"ImageObject\",\"inLanguage\":\"de\",\"@id\":\"https:\\\/\\\/www.fuss-ev.de\\\/koeln\\\/ost-west-achse-fuss-e-v-fordert-die-oberirdische-variante\\\/#primaryimage\",\"url\":\"https:\\\/\\\/www.fuss-ev.de\\\/koeln\\\/wp-content\\\/uploads\\\/sites\\\/28\\\/2025\\\/09\\\/owa-Header-3840-2400-neu-scaled.jpg\",\"contentUrl\":\"https:\\\/\\\/www.fuss-ev.de\\\/koeln\\\/wp-content\\\/uploads\\\/sites\\\/28\\\/2025\\\/09\\\/owa-Header-3840-2400-neu-scaled.jpg\",\"width\":2560,\"height\":1600,\"caption\":\"Grafik mit einer unscharfen Stra\u00dfenbahn im Hintergrund, im Vordergrund der Slogan Oben bleiben \u00a9 Anne Grose\"},{\"@type\":\"BreadcrumbList\",\"@id\":\"https:\\\/\\\/www.fuss-ev.de\\\/koeln\\\/ost-west-achse-fuss-e-v-fordert-die-oberirdische-variante\\\/#breadcrumb\",\"itemListElement\":[{\"@type\":\"ListItem\",\"position\":1,\"name\":\"Startseite\",\"item\":\"https:\\\/\\\/www.fuss-ev.de\\\/koeln\\\/\"},{\"@type\":\"ListItem\",\"position\":2,\"name\":\"Ost-West-Achse \u2013 FUSS e.V. fordert die oberirdische Variante\"}]},{\"@type\":\"WebSite\",\"@id\":\"https:\\\/\\\/www.fuss-ev.de\\\/koeln\\\/#website\",\"url\":\"https:\\\/\\\/www.fuss-ev.de\\\/koeln\\\/\",\"name\":\"FUSS e.V. K\u00f6ln\",\"description\":\"Zu Fu\u00df durch K\u00f6ln \u2013 sicher und bequem!\",\"publisher\":{\"@id\":\"https:\\\/\\\/www.fuss-ev.de\\\/koeln\\\/#organization\"},\"potentialAction\":[{\"@type\":\"SearchAction\",\"target\":{\"@type\":\"EntryPoint\",\"urlTemplate\":\"https:\\\/\\\/www.fuss-ev.de\\\/koeln\\\/?s={search_term_string}\"},\"query-input\":{\"@type\":\"PropertyValueSpecification\",\"valueRequired\":true,\"valueName\":\"search_term_string\"}}],\"inLanguage\":\"de\"},{\"@type\":\"Organization\",\"@id\":\"https:\\\/\\\/www.fuss-ev.de\\\/koeln\\\/#organization\",\"name\":\"FUSS e.V. K\u00f6ln\",\"url\":\"https:\\\/\\\/www.fuss-ev.de\\\/koeln\\\/\",\"logo\":{\"@type\":\"ImageObject\",\"inLanguage\":\"de\",\"@id\":\"https:\\\/\\\/www.fuss-ev.de\\\/koeln\\\/#\\\/schema\\\/logo\\\/image\\\/\",\"url\":\"https:\\\/\\\/www.fuss-ev.de\\\/koeln\\\/wp-content\\\/uploads\\\/sites\\\/28\\\/2025\\\/01\\\/FUSS_Logo.jpg\",\"contentUrl\":\"https:\\\/\\\/www.fuss-ev.de\\\/koeln\\\/wp-content\\\/uploads\\\/sites\\\/28\\\/2025\\\/01\\\/FUSS_Logo.jpg\",\"width\":2082,\"height\":979,\"caption\":\"FUSS e.V. K\u00f6ln\"},\"image\":{\"@id\":\"https:\\\/\\\/www.fuss-ev.de\\\/koeln\\\/#\\\/schema\\\/logo\\\/image\\\/\"}},{\"@type\":\"Person\",\"@id\":\"https:\\\/\\\/www.fuss-ev.de\\\/koeln\\\/#\\\/schema\\\/person\\\/0b04c1251a96d6579fc4185df0506d61\",\"name\":\"michaelgerloff\",\"image\":{\"@type\":\"ImageObject\",\"inLanguage\":\"de\",\"@id\":\"https:\\\/\\\/secure.gravatar.com\\\/avatar\\\/133ed8d3167000e42e292cda00717660c6b797418b0c1cc1a67f5082247522e0?s=96&d=mm&r=g\",\"url\":\"https:\\\/\\\/secure.gravatar.com\\\/avatar\\\/133ed8d3167000e42e292cda00717660c6b797418b0c1cc1a67f5082247522e0?s=96&d=mm&r=g\",\"contentUrl\":\"https:\\\/\\\/secure.gravatar.com\\\/avatar\\\/133ed8d3167000e42e292cda00717660c6b797418b0c1cc1a67f5082247522e0?s=96&d=mm&r=g\",\"caption\":\"michaelgerloff\"},\"url\":\"https:\\\/\\\/www.fuss-ev.de\\\/koeln\\\/author\\\/michaelgerloff\\\/\"}]}<\/script>\n<!-- \/ Yoast SEO plugin. -->","yoast_head_json":{"title":"Ost-West-Achse \u2013 FUSS e.V. fordert die oberirdische Variante - FUSS e.V. K\u00f6ln","robots":{"index":"index","follow":"follow","max-snippet":"max-snippet:-1","max-image-preview":"max-image-preview:large","max-video-preview":"max-video-preview:-1"},"canonical":"https:\/\/www.fuss-ev.de\/koeln\/ost-west-achse-fuss-e-v-fordert-die-oberirdische-variante\/","og_locale":"de_DE","og_type":"article","og_title":"Ost-West-Achse \u2013 FUSS e.V. fordert die oberirdische Variante - FUSS e.V. K\u00f6ln","og_description":"[vc_row][vc_column][vc_column_text css=&#8221;&#8221;]Ein gro\u00dfes Problem f\u00fcr viele KVB-Nutzer zeigt sich allt\u00e4glich: Rolltreppen und Aufz\u00fcge funktionieren nicht, die Zuwege sind h\u00e4ufig f\u00fcr mobilit\u00e4ts-eingeschr\u00e4nkte Menschen zu weit. Vor manchen Aufz\u00fcgen staut es sich, weil die Transportkapazit\u00e4ten nicht ausreichen.","og_url":"https:\/\/www.fuss-ev.de\/koeln\/ost-west-achse-fuss-e-v-fordert-die-oberirdische-variante\/","og_site_name":"FUSS e.V. K\u00f6ln","article_published_time":"2025-09-06T07:35:35+00:00","article_modified_time":"2025-09-10T13:38:34+00:00","og_image":[{"width":2560,"height":1600,"url":"https:\/\/www.fuss-ev.de\/koeln\/wp-content\/uploads\/sites\/28\/2025\/09\/owa-Header-3840-2400-neu-scaled.jpg","type":"image\/jpeg"}],"author":"michaelgerloff","twitter_card":"summary_large_image","twitter_misc":{"Verfasst von":"michaelgerloff","Gesch\u00e4tzte Lesezeit":"2\u00a0Minuten"},"schema":{"@context":"https:\/\/schema.org","@graph":[{"@type":"Article","@id":"https:\/\/www.fuss-ev.de\/koeln\/ost-west-achse-fuss-e-v-fordert-die-oberirdische-variante\/#article","isPartOf":{"@id":"https:\/\/www.fuss-ev.de\/koeln\/ost-west-achse-fuss-e-v-fordert-die-oberirdische-variante\/"},"author":{"name":"michaelgerloff","@id":"https:\/\/www.fuss-ev.de\/koeln\/#\/schema\/person\/0b04c1251a96d6579fc4185df0506d61"},"headline":"Ost-West-Achse \u2013 FUSS e.V. fordert die oberirdische Variante","datePublished":"2025-09-06T07:35:35+00:00","dateModified":"2025-09-10T13:38:34+00:00","mainEntityOfPage":{"@id":"https:\/\/www.fuss-ev.de\/koeln\/ost-west-achse-fuss-e-v-fordert-die-oberirdische-variante\/"},"wordCount":253,"publisher":{"@id":"https:\/\/www.fuss-ev.de\/koeln\/#organization"},"image":{"@id":"https:\/\/www.fuss-ev.de\/koeln\/ost-west-achse-fuss-e-v-fordert-die-oberirdische-variante\/#primaryimage"},"thumbnailUrl":"https:\/\/www.fuss-ev.de\/koeln\/wp-content\/uploads\/sites\/28\/2025\/09\/owa-Header-3840-2400-neu-scaled.jpg","articleSection":["Aktuelles"],"inLanguage":"de"},{"@type":"WebPage","@id":"https:\/\/www.fuss-ev.de\/koeln\/ost-west-achse-fuss-e-v-fordert-die-oberirdische-variante\/","url":"https:\/\/www.fuss-ev.de\/koeln\/ost-west-achse-fuss-e-v-fordert-die-oberirdische-variante\/","name":"Ost-West-Achse \u2013 FUSS e.V. fordert die oberirdische Variante - FUSS e.V. K\u00f6ln","isPartOf":{"@id":"https:\/\/www.fuss-ev.de\/koeln\/#website"},"primaryImageOfPage":{"@id":"https:\/\/www.fuss-ev.de\/koeln\/ost-west-achse-fuss-e-v-fordert-die-oberirdische-variante\/#primaryimage"},"image":{"@id":"https:\/\/www.fuss-ev.de\/koeln\/ost-west-achse-fuss-e-v-fordert-die-oberirdische-variante\/#primaryimage"},"thumbnailUrl":"https:\/\/www.fuss-ev.de\/koeln\/wp-content\/uploads\/sites\/28\/2025\/09\/owa-Header-3840-2400-neu-scaled.jpg","datePublished":"2025-09-06T07:35:35+00:00","dateModified":"2025-09-10T13:38:34+00:00","breadcrumb":{"@id":"https:\/\/www.fuss-ev.de\/koeln\/ost-west-achse-fuss-e-v-fordert-die-oberirdische-variante\/#breadcrumb"},"inLanguage":"de","potentialAction":[{"@type":"ReadAction","target":["https:\/\/www.fuss-ev.de\/koeln\/ost-west-achse-fuss-e-v-fordert-die-oberirdische-variante\/"]}]},{"@type":"ImageObject","inLanguage":"de","@id":"https:\/\/www.fuss-ev.de\/koeln\/ost-west-achse-fuss-e-v-fordert-die-oberirdische-variante\/#primaryimage","url":"https:\/\/www.fuss-ev.de\/koeln\/wp-content\/uploads\/sites\/28\/2025\/09\/owa-Header-3840-2400-neu-scaled.jpg","contentUrl":"https:\/\/www.fuss-ev.de\/koeln\/wp-content\/uploads\/sites\/28\/2025\/09\/owa-Header-3840-2400-neu-scaled.jpg","width":2560,"height":1600,"caption":"Grafik mit einer unscharfen Stra\u00dfenbahn im Hintergrund, im Vordergrund der Slogan Oben bleiben \u00a9 Anne Grose"},{"@type":"BreadcrumbList","@id":"https:\/\/www.fuss-ev.de\/koeln\/ost-west-achse-fuss-e-v-fordert-die-oberirdische-variante\/#breadcrumb","itemListElement":[{"@type":"ListItem","position":1,"name":"Startseite","item":"https:\/\/www.fuss-ev.de\/koeln\/"},{"@type":"ListItem","position":2,"name":"Ost-West-Achse \u2013 FUSS e.V. fordert die oberirdische Variante"}]},{"@type":"WebSite","@id":"https:\/\/www.fuss-ev.de\/koeln\/#website","url":"https:\/\/www.fuss-ev.de\/koeln\/","name":"FUSS e.V. K\u00f6ln","description":"Zu Fu\u00df durch K\u00f6ln \u2013 sicher und bequem!","publisher":{"@id":"https:\/\/www.fuss-ev.de\/koeln\/#organization"},"potentialAction":[{"@type":"SearchAction","target":{"@type":"EntryPoint","urlTemplate":"https:\/\/www.fuss-ev.de\/koeln\/?s={search_term_string}"},"query-input":{"@type":"PropertyValueSpecification","valueRequired":true,"valueName":"search_term_string"}}],"inLanguage":"de"},{"@type":"Organization","@id":"https:\/\/www.fuss-ev.de\/koeln\/#organization","name":"FUSS e.V. K\u00f6ln","url":"https:\/\/www.fuss-ev.de\/koeln\/","logo":{"@type":"ImageObject","inLanguage":"de","@id":"https:\/\/www.fuss-ev.de\/koeln\/#\/schema\/logo\/image\/","url":"https:\/\/www.fuss-ev.de\/koeln\/wp-content\/uploads\/sites\/28\/2025\/01\/FUSS_Logo.jpg","contentUrl":"https:\/\/www.fuss-ev.de\/koeln\/wp-content\/uploads\/sites\/28\/2025\/01\/FUSS_Logo.jpg","width":2082,"height":979,"caption":"FUSS e.V. K\u00f6ln"},"image":{"@id":"https:\/\/www.fuss-ev.de\/koeln\/#\/schema\/logo\/image\/"}},{"@type":"Person","@id":"https:\/\/www.fuss-ev.de\/koeln\/#\/schema\/person\/0b04c1251a96d6579fc4185df0506d61","name":"michaelgerloff","image":{"@type":"ImageObject","inLanguage":"de","@id":"https:\/\/secure.gravatar.com\/avatar\/133ed8d3167000e42e292cda00717660c6b797418b0c1cc1a67f5082247522e0?s=96&d=mm&r=g","url":"https:\/\/secure.gravatar.com\/avatar\/133ed8d3167000e42e292cda00717660c6b797418b0c1cc1a67f5082247522e0?s=96&d=mm&r=g","contentUrl":"https:\/\/secure.gravatar.com\/avatar\/133ed8d3167000e42e292cda00717660c6b797418b0c1cc1a67f5082247522e0?s=96&d=mm&r=g","caption":"michaelgerloff"},"url":"https:\/\/www.fuss-ev.de\/koeln\/author\/michaelgerloff\/"}]}},"publishpress_future_action":{"enabled":false,"date":"2026-05-07 09:21:01","action":"change-status","newStatus":"draft","terms":[],"taxonomy":"category","extraData":[]},"publishpress_future_workflow_manual_trigger":{"enabledWorkflows":[]},"_links":{"self":[{"href":"https:\/\/www.fuss-ev.de\/koeln\/wp-json\/wp\/v2\/posts\/4811","targetHints":{"allow":["GET"]}}],"collection":[{"href":"https:\/\/www.fuss-ev.de\/koeln\/wp-json\/wp\/v2\/posts"}],"about":[{"href":"https:\/\/www.fuss-ev.de\/koeln\/wp-json\/wp\/v2\/types\/post"}],"author":[{"embeddable":true,"href":"https:\/\/www.fuss-ev.de\/koeln\/wp-json\/wp\/v2\/users\/53"}],"replies":[{"embeddable":true,"href":"https:\/\/www.fuss-ev.de\/koeln\/wp-json\/wp\/v2\/comments?post=4811"}],"version-history":[{"count":11,"href":"https:\/\/www.fuss-ev.de\/koeln\/wp-json\/wp\/v2\/posts\/4811\/revisions"}],"predecessor-version":[{"id":4826,"href":"https:\/\/www.fuss-ev.de\/koeln\/wp-json\/wp\/v2\/posts\/4811\/revisions\/4826"}],"wp:featuredmedia":[{"embeddable":true,"href":"https:\/\/www.fuss-ev.de\/koeln\/wp-json\/wp\/v2\/media\/4837"}],"wp:attachment":[{"href":"https:\/\/www.fuss-ev.de\/koeln\/wp-json\/wp\/v2\/media?parent=4811"}],"wp:term":[{"taxonomy":"category","embeddable":true,"href":"https:\/\/www.fuss-ev.de\/koeln\/wp-json\/wp\/v2\/categories?post=4811"},{"taxonomy":"post_tag","embeddable":true,"href":"https:\/\/www.fuss-ev.de\/koeln\/wp-json\/wp\/v2\/tags?post=4811"}],"curies":[{"name":"wp","href":"https:\/\/api.w.org\/{rel}","templated":true}]}}