{"id":4809,"date":"2025-09-10T12:03:25","date_gmt":"2025-09-10T10:03:25","guid":{"rendered":"https:\/\/www.fuss-ev.de\/koeln\/?p=4809"},"modified":"2025-12-09T10:39:35","modified_gmt":"2025-12-09T09:39:35","slug":"die-petersbergstrasse-wird-fahrradstrasse","status":"publish","type":"post","link":"https:\/\/www.fuss-ev.de\/koeln\/die-petersbergstrasse-wird-fahrradstrasse\/","title":{"rendered":"Die Petersbergstra\u00dfe wird Fahrradstra\u00dfe!"},"content":{"rendered":"<div class=\"wpb-content-wrapper\"><p>[vc_row][vc_column][vc_column_text css=&#8221;&#8221;]Die Bezirksvertretung Lindenthal hat f\u00fcr die Petersbergstra\u00dfe die Einrichtung einer Fahrradstra\u00dfe beschlossen.<\/p>\n<p><!--more--><\/p>\n<p>Die Nachbarschaftsinitiative &#8220;Klettenpl\u00e4tzchen&#8221; (NIK) hat sich dabei erfolgreich daf\u00fcr eingesetzt, dass auch f\u00fcr Fu\u00dfg\u00e4nger*innen Verbesserungen dabei herauskommen.<\/p>\n<p>Noch sieht die Petersbergstra\u00dfe so aus:<\/p>\n<p><img loading=\"lazy\" decoding=\"async\" class=\"aligncenter wp-image-4830\" src=\"https:\/\/www.fuss-ev.de\/koeln\/wp-content\/uploads\/sites\/28\/2025\/09\/petersbergstrasse-heute-2-1-1024x640.jpg\" alt=\"Kollage aus zwei Fotos, links: Auf dem Gehweg in der Petersbergstra\u00dfe k\u00f6nnen Zufu\u00dfgehende nicht aneinander vorbeigehen, weil dort Autos aufgesetzt parken und den Weg versperren; rechts: Der Gehweg in der Petersbergstra\u00dfe wird durch aufgesetzt parkende Autos und M\u00fclltonnen eingeengt. \u00a9Anne Grose\" width=\"600\" height=\"375\" srcset=\"https:\/\/www.fuss-ev.de\/koeln\/wp-content\/uploads\/sites\/28\/2025\/09\/petersbergstrasse-heute-2-1-1024x640.jpg 1024w, https:\/\/www.fuss-ev.de\/koeln\/wp-content\/uploads\/sites\/28\/2025\/09\/petersbergstrasse-heute-2-1-300x188.jpg 300w, https:\/\/www.fuss-ev.de\/koeln\/wp-content\/uploads\/sites\/28\/2025\/09\/petersbergstrasse-heute-2-1-768x480.jpg 768w, https:\/\/www.fuss-ev.de\/koeln\/wp-content\/uploads\/sites\/28\/2025\/09\/petersbergstrasse-heute-2-1-1536x960.jpg 1536w, https:\/\/www.fuss-ev.de\/koeln\/wp-content\/uploads\/sites\/28\/2025\/09\/petersbergstrasse-heute-2-1-2048x1280.jpg 2048w\" sizes=\"auto, (max-width: 600px) 100vw, 600px\" \/><\/p>\n<p>In Zukunft d\u00fcrfen PKWs auf einer Seite am Stra\u00dfenrand in L\u00e4ngsrichtung parken, auf der anderen Seite wird ein Multifunktionsstreifen eingerichtet, der z.B. mit Abstellanlagen f\u00fcr Fahrr\u00e4der best\u00fcckt werden kann. Dadurch wird der Gehweg von Querparkern, aber auch von sonstigen Hindernissen frei. Au\u00dferdem k\u00f6nnen zwischen den Baumscheiben zuk\u00fcnftig B\u00e4nke aufgestellt werden.<\/p>\n<p><img loading=\"lazy\" decoding=\"async\" class=\"aligncenter wp-image-4832\" src=\"https:\/\/www.fuss-ev.de\/koeln\/wp-content\/uploads\/sites\/28\/2025\/09\/petersbergstrasse-zukunft-1024x787.jpg\" alt=\"Eine Skizze, wie in Zukunft die Petersbergstra\u00dfe als Fahrradstra\u00dfe aussehen wird. \u00a9Stadt K\u00f6ln\" width=\"600\" height=\"461\" srcset=\"https:\/\/www.fuss-ev.de\/koeln\/wp-content\/uploads\/sites\/28\/2025\/09\/petersbergstrasse-zukunft-1024x787.jpg 1024w, https:\/\/www.fuss-ev.de\/koeln\/wp-content\/uploads\/sites\/28\/2025\/09\/petersbergstrasse-zukunft-300x231.jpg 300w, https:\/\/www.fuss-ev.de\/koeln\/wp-content\/uploads\/sites\/28\/2025\/09\/petersbergstrasse-zukunft-768x590.jpg 768w, https:\/\/www.fuss-ev.de\/koeln\/wp-content\/uploads\/sites\/28\/2025\/09\/petersbergstrasse-zukunft.jpg 1080w\" sizes=\"auto, (max-width: 600px) 100vw, 600px\" \/><\/p>\n<p>Der Gehweg soll eine Breite von 1,90 Meter bekommen, was der optimalen Breite f\u00fcr Fu\u00dfwege an dieser Stelle von 2,00 Metern schon sehr nahe kommt.<\/p>\n<p><strong>Herzlichen Gl\u00fcckwunsch an die Initiative in Klettenberg!<\/strong><\/p>\n<p>Und wer sich f\u00fcr die Frage interessiert, wie breit Gehwege sein m\u00fcssen, dem empfehlen wir die <a href=\"https:\/\/www.fuss-ev.de\/wp-content\/uploads\/2024\/12\/gehwegbreiten_v3_Stand_2022-10-11_Download.pdf\" target=\"_blank\" rel=\"noopener\">Brosch\u00fcre des Fuss e.V.<\/a> (PDF).[\/vc_column_text][\/vc_column][\/vc_row]<\/p>\n<\/div>","protected":false},"excerpt":{"rendered":"<p>[vc_row][vc_column][vc_column_text css=&#8221;&#8221;]Die Bezirksvertretung Lindenthal hat f\u00fcr die Petersbergstra\u00dfe die Einrichtung einer Fahrradstra\u00dfe beschlossen.<\/p>\n","protected":false},"author":53,"featured_media":4831,"comment_status":"closed","ping_status":"closed","sticky":false,"template":"","format":"standard","meta":{"_acf_changed":false,"_relevanssi_hide_post":"","_relevanssi_hide_content":"","_relevanssi_pin_for_all":"","_relevanssi_pin_keywords":"","_relevanssi_unpin_keywords":"","_relevanssi_related_keywords":"","_relevanssi_related_include_ids":"","_relevanssi_related_exclude_ids":"","_relevanssi_related_no_append":"","_relevanssi_related_not_related":"","_relevanssi_related_posts":"","_relevanssi_noindex_reason":"","footnotes":""},"categories":[8],"tags":[],"class_list":["post-4809","post","type-post","status-publish","format-standard","has-post-thumbnail","hentry","category-aktuelles"],"acf":[],"yoast_head":"<!-- This site is optimized with the Yoast SEO plugin v27.4 - https:\/\/yoast.com\/product\/yoast-seo-wordpress\/ -->\n<title>Die Petersbergstra\u00dfe wird Fahrradstra\u00dfe! - FUSS e.V. K\u00f6ln<\/title>\n<meta name=\"robots\" content=\"index, follow, max-snippet:-1, max-image-preview:large, max-video-preview:-1\" \/>\n<link rel=\"canonical\" href=\"https:\/\/www.fuss-ev.de\/koeln\/die-petersbergstrasse-wird-fahrradstrasse\/\" \/>\n<meta property=\"og:locale\" content=\"de_DE\" \/>\n<meta property=\"og:type\" content=\"article\" \/>\n<meta property=\"og:title\" content=\"Die Petersbergstra\u00dfe wird Fahrradstra\u00dfe! - FUSS e.V. K\u00f6ln\" \/>\n<meta property=\"og:description\" content=\"[vc_row][vc_column][vc_column_text css=&#8221;&#8221;]Die Bezirksvertretung Lindenthal hat f\u00fcr die Petersbergstra\u00dfe die Einrichtung einer Fahrradstra\u00dfe beschlossen.\" \/>\n<meta property=\"og:url\" content=\"https:\/\/www.fuss-ev.de\/koeln\/die-petersbergstrasse-wird-fahrradstrasse\/\" \/>\n<meta property=\"og:site_name\" content=\"FUSS e.V. K\u00f6ln\" \/>\n<meta property=\"article:published_time\" content=\"2025-09-10T10:03:25+00:00\" \/>\n<meta property=\"article:modified_time\" content=\"2025-12-09T09:39:35+00:00\" \/>\n<meta property=\"og:image\" content=\"https:\/\/www.fuss-ev.de\/koeln\/wp-content\/uploads\/sites\/28\/2025\/09\/petersbergstrasse-heute-1-scaled.jpg\" \/>\n\t<meta property=\"og:image:width\" content=\"2560\" \/>\n\t<meta property=\"og:image:height\" content=\"1600\" \/>\n\t<meta property=\"og:image:type\" content=\"image\/jpeg\" \/>\n<meta name=\"author\" content=\"michaelgerloff\" \/>\n<meta name=\"twitter:card\" content=\"summary_large_image\" \/>\n<meta name=\"twitter:label1\" content=\"Verfasst von\" \/>\n\t<meta name=\"twitter:data1\" content=\"michaelgerloff\" \/>\n\t<meta name=\"twitter:label2\" content=\"Gesch\u00e4tzte Lesezeit\" \/>\n\t<meta name=\"twitter:data2\" content=\"2\u00a0Minuten\" \/>\n<script type=\"application\/ld+json\" class=\"yoast-schema-graph\">{\"@context\":\"https:\\\/\\\/schema.org\",\"@graph\":[{\"@type\":\"Article\",\"@id\":\"https:\\\/\\\/www.fuss-ev.de\\\/koeln\\\/die-petersbergstrasse-wird-fahrradstrasse\\\/#article\",\"isPartOf\":{\"@id\":\"https:\\\/\\\/www.fuss-ev.de\\\/koeln\\\/die-petersbergstrasse-wird-fahrradstrasse\\\/\"},\"author\":{\"name\":\"michaelgerloff\",\"@id\":\"https:\\\/\\\/www.fuss-ev.de\\\/koeln\\\/#\\\/schema\\\/person\\\/0b04c1251a96d6579fc4185df0506d61\"},\"headline\":\"Die Petersbergstra\u00dfe wird Fahrradstra\u00dfe!\",\"datePublished\":\"2025-09-10T10:03:25+00:00\",\"dateModified\":\"2025-12-09T09:39:35+00:00\",\"mainEntityOfPage\":{\"@id\":\"https:\\\/\\\/www.fuss-ev.de\\\/koeln\\\/die-petersbergstrasse-wird-fahrradstrasse\\\/\"},\"wordCount\":185,\"publisher\":{\"@id\":\"https:\\\/\\\/www.fuss-ev.de\\\/koeln\\\/#organization\"},\"image\":{\"@id\":\"https:\\\/\\\/www.fuss-ev.de\\\/koeln\\\/die-petersbergstrasse-wird-fahrradstrasse\\\/#primaryimage\"},\"thumbnailUrl\":\"https:\\\/\\\/www.fuss-ev.de\\\/koeln\\\/wp-content\\\/uploads\\\/sites\\\/28\\\/2025\\\/09\\\/petersbergstrasse-heute-1-scaled.jpg\",\"articleSection\":[\"Aktuelles\"],\"inLanguage\":\"de\"},{\"@type\":\"WebPage\",\"@id\":\"https:\\\/\\\/www.fuss-ev.de\\\/koeln\\\/die-petersbergstrasse-wird-fahrradstrasse\\\/\",\"url\":\"https:\\\/\\\/www.fuss-ev.de\\\/koeln\\\/die-petersbergstrasse-wird-fahrradstrasse\\\/\",\"name\":\"Die Petersbergstra\u00dfe wird Fahrradstra\u00dfe! - FUSS e.V. K\u00f6ln\",\"isPartOf\":{\"@id\":\"https:\\\/\\\/www.fuss-ev.de\\\/koeln\\\/#website\"},\"primaryImageOfPage\":{\"@id\":\"https:\\\/\\\/www.fuss-ev.de\\\/koeln\\\/die-petersbergstrasse-wird-fahrradstrasse\\\/#primaryimage\"},\"image\":{\"@id\":\"https:\\\/\\\/www.fuss-ev.de\\\/koeln\\\/die-petersbergstrasse-wird-fahrradstrasse\\\/#primaryimage\"},\"thumbnailUrl\":\"https:\\\/\\\/www.fuss-ev.de\\\/koeln\\\/wp-content\\\/uploads\\\/sites\\\/28\\\/2025\\\/09\\\/petersbergstrasse-heute-1-scaled.jpg\",\"datePublished\":\"2025-09-10T10:03:25+00:00\",\"dateModified\":\"2025-12-09T09:39:35+00:00\",\"breadcrumb\":{\"@id\":\"https:\\\/\\\/www.fuss-ev.de\\\/koeln\\\/die-petersbergstrasse-wird-fahrradstrasse\\\/#breadcrumb\"},\"inLanguage\":\"de\",\"potentialAction\":[{\"@type\":\"ReadAction\",\"target\":[\"https:\\\/\\\/www.fuss-ev.de\\\/koeln\\\/die-petersbergstrasse-wird-fahrradstrasse\\\/\"]}]},{\"@type\":\"ImageObject\",\"inLanguage\":\"de\",\"@id\":\"https:\\\/\\\/www.fuss-ev.de\\\/koeln\\\/die-petersbergstrasse-wird-fahrradstrasse\\\/#primaryimage\",\"url\":\"https:\\\/\\\/www.fuss-ev.de\\\/koeln\\\/wp-content\\\/uploads\\\/sites\\\/28\\\/2025\\\/09\\\/petersbergstrasse-heute-1-scaled.jpg\",\"contentUrl\":\"https:\\\/\\\/www.fuss-ev.de\\\/koeln\\\/wp-content\\\/uploads\\\/sites\\\/28\\\/2025\\\/09\\\/petersbergstrasse-heute-1-scaled.jpg\",\"width\":2560,\"height\":1600,\"caption\":\"Auf dem Gehweg in der Petersbergstra\u00dfe k\u00f6nnen Zufu\u00dfgehende nicht aneinander vorbeigehen, weil dort Autos aufgesetzt parken und den Weg versperren. \u00a9Anne Grose\"},{\"@type\":\"BreadcrumbList\",\"@id\":\"https:\\\/\\\/www.fuss-ev.de\\\/koeln\\\/die-petersbergstrasse-wird-fahrradstrasse\\\/#breadcrumb\",\"itemListElement\":[{\"@type\":\"ListItem\",\"position\":1,\"name\":\"Startseite\",\"item\":\"https:\\\/\\\/www.fuss-ev.de\\\/koeln\\\/\"},{\"@type\":\"ListItem\",\"position\":2,\"name\":\"Die Petersbergstra\u00dfe wird Fahrradstra\u00dfe!\"}]},{\"@type\":\"WebSite\",\"@id\":\"https:\\\/\\\/www.fuss-ev.de\\\/koeln\\\/#website\",\"url\":\"https:\\\/\\\/www.fuss-ev.de\\\/koeln\\\/\",\"name\":\"FUSS e.V. K\u00f6ln\",\"description\":\"Zu Fu\u00df durch K\u00f6ln \u2013 sicher und bequem!\",\"publisher\":{\"@id\":\"https:\\\/\\\/www.fuss-ev.de\\\/koeln\\\/#organization\"},\"potentialAction\":[{\"@type\":\"SearchAction\",\"target\":{\"@type\":\"EntryPoint\",\"urlTemplate\":\"https:\\\/\\\/www.fuss-ev.de\\\/koeln\\\/?s={search_term_string}\"},\"query-input\":{\"@type\":\"PropertyValueSpecification\",\"valueRequired\":true,\"valueName\":\"search_term_string\"}}],\"inLanguage\":\"de\"},{\"@type\":\"Organization\",\"@id\":\"https:\\\/\\\/www.fuss-ev.de\\\/koeln\\\/#organization\",\"name\":\"FUSS e.V. K\u00f6ln\",\"url\":\"https:\\\/\\\/www.fuss-ev.de\\\/koeln\\\/\",\"logo\":{\"@type\":\"ImageObject\",\"inLanguage\":\"de\",\"@id\":\"https:\\\/\\\/www.fuss-ev.de\\\/koeln\\\/#\\\/schema\\\/logo\\\/image\\\/\",\"url\":\"https:\\\/\\\/www.fuss-ev.de\\\/koeln\\\/wp-content\\\/uploads\\\/sites\\\/28\\\/2025\\\/01\\\/FUSS_Logo.jpg\",\"contentUrl\":\"https:\\\/\\\/www.fuss-ev.de\\\/koeln\\\/wp-content\\\/uploads\\\/sites\\\/28\\\/2025\\\/01\\\/FUSS_Logo.jpg\",\"width\":2082,\"height\":979,\"caption\":\"FUSS e.V. K\u00f6ln\"},\"image\":{\"@id\":\"https:\\\/\\\/www.fuss-ev.de\\\/koeln\\\/#\\\/schema\\\/logo\\\/image\\\/\"}},{\"@type\":\"Person\",\"@id\":\"https:\\\/\\\/www.fuss-ev.de\\\/koeln\\\/#\\\/schema\\\/person\\\/0b04c1251a96d6579fc4185df0506d61\",\"name\":\"michaelgerloff\",\"image\":{\"@type\":\"ImageObject\",\"inLanguage\":\"de\",\"@id\":\"https:\\\/\\\/secure.gravatar.com\\\/avatar\\\/133ed8d3167000e42e292cda00717660c6b797418b0c1cc1a67f5082247522e0?s=96&d=mm&r=g\",\"url\":\"https:\\\/\\\/secure.gravatar.com\\\/avatar\\\/133ed8d3167000e42e292cda00717660c6b797418b0c1cc1a67f5082247522e0?s=96&d=mm&r=g\",\"contentUrl\":\"https:\\\/\\\/secure.gravatar.com\\\/avatar\\\/133ed8d3167000e42e292cda00717660c6b797418b0c1cc1a67f5082247522e0?s=96&d=mm&r=g\",\"caption\":\"michaelgerloff\"},\"url\":\"https:\\\/\\\/www.fuss-ev.de\\\/koeln\\\/author\\\/michaelgerloff\\\/\"}]}<\/script>\n<!-- \/ Yoast SEO plugin. -->","yoast_head_json":{"title":"Die Petersbergstra\u00dfe wird Fahrradstra\u00dfe! - FUSS e.V. K\u00f6ln","robots":{"index":"index","follow":"follow","max-snippet":"max-snippet:-1","max-image-preview":"max-image-preview:large","max-video-preview":"max-video-preview:-1"},"canonical":"https:\/\/www.fuss-ev.de\/koeln\/die-petersbergstrasse-wird-fahrradstrasse\/","og_locale":"de_DE","og_type":"article","og_title":"Die Petersbergstra\u00dfe wird Fahrradstra\u00dfe! - FUSS e.V. K\u00f6ln","og_description":"[vc_row][vc_column][vc_column_text css=&#8221;&#8221;]Die Bezirksvertretung Lindenthal hat f\u00fcr die Petersbergstra\u00dfe die Einrichtung einer Fahrradstra\u00dfe beschlossen.","og_url":"https:\/\/www.fuss-ev.de\/koeln\/die-petersbergstrasse-wird-fahrradstrasse\/","og_site_name":"FUSS e.V. K\u00f6ln","article_published_time":"2025-09-10T10:03:25+00:00","article_modified_time":"2025-12-09T09:39:35+00:00","og_image":[{"width":2560,"height":1600,"url":"https:\/\/www.fuss-ev.de\/koeln\/wp-content\/uploads\/sites\/28\/2025\/09\/petersbergstrasse-heute-1-scaled.jpg","type":"image\/jpeg"}],"author":"michaelgerloff","twitter_card":"summary_large_image","twitter_misc":{"Verfasst von":"michaelgerloff","Gesch\u00e4tzte Lesezeit":"2\u00a0Minuten"},"schema":{"@context":"https:\/\/schema.org","@graph":[{"@type":"Article","@id":"https:\/\/www.fuss-ev.de\/koeln\/die-petersbergstrasse-wird-fahrradstrasse\/#article","isPartOf":{"@id":"https:\/\/www.fuss-ev.de\/koeln\/die-petersbergstrasse-wird-fahrradstrasse\/"},"author":{"name":"michaelgerloff","@id":"https:\/\/www.fuss-ev.de\/koeln\/#\/schema\/person\/0b04c1251a96d6579fc4185df0506d61"},"headline":"Die Petersbergstra\u00dfe wird Fahrradstra\u00dfe!","datePublished":"2025-09-10T10:03:25+00:00","dateModified":"2025-12-09T09:39:35+00:00","mainEntityOfPage":{"@id":"https:\/\/www.fuss-ev.de\/koeln\/die-petersbergstrasse-wird-fahrradstrasse\/"},"wordCount":185,"publisher":{"@id":"https:\/\/www.fuss-ev.de\/koeln\/#organization"},"image":{"@id":"https:\/\/www.fuss-ev.de\/koeln\/die-petersbergstrasse-wird-fahrradstrasse\/#primaryimage"},"thumbnailUrl":"https:\/\/www.fuss-ev.de\/koeln\/wp-content\/uploads\/sites\/28\/2025\/09\/petersbergstrasse-heute-1-scaled.jpg","articleSection":["Aktuelles"],"inLanguage":"de"},{"@type":"WebPage","@id":"https:\/\/www.fuss-ev.de\/koeln\/die-petersbergstrasse-wird-fahrradstrasse\/","url":"https:\/\/www.fuss-ev.de\/koeln\/die-petersbergstrasse-wird-fahrradstrasse\/","name":"Die Petersbergstra\u00dfe wird Fahrradstra\u00dfe! - FUSS e.V. K\u00f6ln","isPartOf":{"@id":"https:\/\/www.fuss-ev.de\/koeln\/#website"},"primaryImageOfPage":{"@id":"https:\/\/www.fuss-ev.de\/koeln\/die-petersbergstrasse-wird-fahrradstrasse\/#primaryimage"},"image":{"@id":"https:\/\/www.fuss-ev.de\/koeln\/die-petersbergstrasse-wird-fahrradstrasse\/#primaryimage"},"thumbnailUrl":"https:\/\/www.fuss-ev.de\/koeln\/wp-content\/uploads\/sites\/28\/2025\/09\/petersbergstrasse-heute-1-scaled.jpg","datePublished":"2025-09-10T10:03:25+00:00","dateModified":"2025-12-09T09:39:35+00:00","breadcrumb":{"@id":"https:\/\/www.fuss-ev.de\/koeln\/die-petersbergstrasse-wird-fahrradstrasse\/#breadcrumb"},"inLanguage":"de","potentialAction":[{"@type":"ReadAction","target":["https:\/\/www.fuss-ev.de\/koeln\/die-petersbergstrasse-wird-fahrradstrasse\/"]}]},{"@type":"ImageObject","inLanguage":"de","@id":"https:\/\/www.fuss-ev.de\/koeln\/die-petersbergstrasse-wird-fahrradstrasse\/#primaryimage","url":"https:\/\/www.fuss-ev.de\/koeln\/wp-content\/uploads\/sites\/28\/2025\/09\/petersbergstrasse-heute-1-scaled.jpg","contentUrl":"https:\/\/www.fuss-ev.de\/koeln\/wp-content\/uploads\/sites\/28\/2025\/09\/petersbergstrasse-heute-1-scaled.jpg","width":2560,"height":1600,"caption":"Auf dem Gehweg in der Petersbergstra\u00dfe k\u00f6nnen Zufu\u00dfgehende nicht aneinander vorbeigehen, weil dort Autos aufgesetzt parken und den Weg versperren. \u00a9Anne Grose"},{"@type":"BreadcrumbList","@id":"https:\/\/www.fuss-ev.de\/koeln\/die-petersbergstrasse-wird-fahrradstrasse\/#breadcrumb","itemListElement":[{"@type":"ListItem","position":1,"name":"Startseite","item":"https:\/\/www.fuss-ev.de\/koeln\/"},{"@type":"ListItem","position":2,"name":"Die Petersbergstra\u00dfe wird Fahrradstra\u00dfe!"}]},{"@type":"WebSite","@id":"https:\/\/www.fuss-ev.de\/koeln\/#website","url":"https:\/\/www.fuss-ev.de\/koeln\/","name":"FUSS e.V. K\u00f6ln","description":"Zu Fu\u00df durch K\u00f6ln \u2013 sicher und bequem!","publisher":{"@id":"https:\/\/www.fuss-ev.de\/koeln\/#organization"},"potentialAction":[{"@type":"SearchAction","target":{"@type":"EntryPoint","urlTemplate":"https:\/\/www.fuss-ev.de\/koeln\/?s={search_term_string}"},"query-input":{"@type":"PropertyValueSpecification","valueRequired":true,"valueName":"search_term_string"}}],"inLanguage":"de"},{"@type":"Organization","@id":"https:\/\/www.fuss-ev.de\/koeln\/#organization","name":"FUSS e.V. K\u00f6ln","url":"https:\/\/www.fuss-ev.de\/koeln\/","logo":{"@type":"ImageObject","inLanguage":"de","@id":"https:\/\/www.fuss-ev.de\/koeln\/#\/schema\/logo\/image\/","url":"https:\/\/www.fuss-ev.de\/koeln\/wp-content\/uploads\/sites\/28\/2025\/01\/FUSS_Logo.jpg","contentUrl":"https:\/\/www.fuss-ev.de\/koeln\/wp-content\/uploads\/sites\/28\/2025\/01\/FUSS_Logo.jpg","width":2082,"height":979,"caption":"FUSS e.V. K\u00f6ln"},"image":{"@id":"https:\/\/www.fuss-ev.de\/koeln\/#\/schema\/logo\/image\/"}},{"@type":"Person","@id":"https:\/\/www.fuss-ev.de\/koeln\/#\/schema\/person\/0b04c1251a96d6579fc4185df0506d61","name":"michaelgerloff","image":{"@type":"ImageObject","inLanguage":"de","@id":"https:\/\/secure.gravatar.com\/avatar\/133ed8d3167000e42e292cda00717660c6b797418b0c1cc1a67f5082247522e0?s=96&d=mm&r=g","url":"https:\/\/secure.gravatar.com\/avatar\/133ed8d3167000e42e292cda00717660c6b797418b0c1cc1a67f5082247522e0?s=96&d=mm&r=g","contentUrl":"https:\/\/secure.gravatar.com\/avatar\/133ed8d3167000e42e292cda00717660c6b797418b0c1cc1a67f5082247522e0?s=96&d=mm&r=g","caption":"michaelgerloff"},"url":"https:\/\/www.fuss-ev.de\/koeln\/author\/michaelgerloff\/"}]}},"publishpress_future_action":{"enabled":false,"date":"2026-05-07 09:24:13","action":"change-status","newStatus":"draft","terms":[],"taxonomy":"category","extraData":[]},"publishpress_future_workflow_manual_trigger":{"enabledWorkflows":[]},"_links":{"self":[{"href":"https:\/\/www.fuss-ev.de\/koeln\/wp-json\/wp\/v2\/posts\/4809","targetHints":{"allow":["GET"]}}],"collection":[{"href":"https:\/\/www.fuss-ev.de\/koeln\/wp-json\/wp\/v2\/posts"}],"about":[{"href":"https:\/\/www.fuss-ev.de\/koeln\/wp-json\/wp\/v2\/types\/post"}],"author":[{"embeddable":true,"href":"https:\/\/www.fuss-ev.de\/koeln\/wp-json\/wp\/v2\/users\/53"}],"replies":[{"embeddable":true,"href":"https:\/\/www.fuss-ev.de\/koeln\/wp-json\/wp\/v2\/comments?post=4809"}],"version-history":[{"count":9,"href":"https:\/\/www.fuss-ev.de\/koeln\/wp-json\/wp\/v2\/posts\/4809\/revisions"}],"predecessor-version":[{"id":4968,"href":"https:\/\/www.fuss-ev.de\/koeln\/wp-json\/wp\/v2\/posts\/4809\/revisions\/4968"}],"wp:featuredmedia":[{"embeddable":true,"href":"https:\/\/www.fuss-ev.de\/koeln\/wp-json\/wp\/v2\/media\/4831"}],"wp:attachment":[{"href":"https:\/\/www.fuss-ev.de\/koeln\/wp-json\/wp\/v2\/media?parent=4809"}],"wp:term":[{"taxonomy":"category","embeddable":true,"href":"https:\/\/www.fuss-ev.de\/koeln\/wp-json\/wp\/v2\/categories?post=4809"},{"taxonomy":"post_tag","embeddable":true,"href":"https:\/\/www.fuss-ev.de\/koeln\/wp-json\/wp\/v2\/tags?post=4809"}],"curies":[{"name":"wp","href":"https:\/\/api.w.org\/{rel}","templated":true}]}}