{"id":4772,"date":"2025-07-15T10:00:47","date_gmt":"2025-07-15T08:00:47","guid":{"rendered":"https:\/\/www.fuss-ev.de\/koeln\/?p=4772"},"modified":"2025-08-29T19:57:13","modified_gmt":"2025-08-29T17:57:13","slug":"dellbruecker-markt-der-moeglichkeiten-2025","status":"publish","type":"post","link":"https:\/\/www.fuss-ev.de\/koeln\/dellbruecker-markt-der-moeglichkeiten-2025\/","title":{"rendered":"Dellbr\u00fccker &#8220;Markt der M\u00f6glichkeiten&#8221; 2025"},"content":{"rendered":"<div class=\"wpb-content-wrapper\"><p>[vc_row][vc_column][vc_column_text css=&#8221;&#8221;]<img loading=\"lazy\" decoding=\"async\" class=\"alignleft wp-image-4771 size-large\" src=\"https:\/\/www.fuss-ev.de\/koeln\/wp-content\/uploads\/sites\/28\/2025\/08\/mdm2025-1024x640.jpg\" alt=\"Am Stand des K\u00f6lner Fuss e.V. stehen mehrere Menschen im Gespr\u00e4ch. Copyright: Mathias G\u00f6tze-Wittschier\" width=\"1024\" height=\"640\" srcset=\"https:\/\/www.fuss-ev.de\/koeln\/wp-content\/uploads\/sites\/28\/2025\/08\/mdm2025-1024x640.jpg 1024w, https:\/\/www.fuss-ev.de\/koeln\/wp-content\/uploads\/sites\/28\/2025\/08\/mdm2025-300x188.jpg 300w, https:\/\/www.fuss-ev.de\/koeln\/wp-content\/uploads\/sites\/28\/2025\/08\/mdm2025-768x480.jpg 768w, https:\/\/www.fuss-ev.de\/koeln\/wp-content\/uploads\/sites\/28\/2025\/08\/mdm2025-1536x960.jpg 1536w, https:\/\/www.fuss-ev.de\/koeln\/wp-content\/uploads\/sites\/28\/2025\/08\/mdm2025.jpg 1600w\" sizes=\"auto, (max-width: 1024px) 100vw, 1024px\" \/><\/p>\n<p>Am 5. Juli 2025 fand auf Initiative des <a href=\"https:\/\/dellbrueck.org\/\" target=\"_blank\" rel=\"noopener\">&#8220;Runden Tisches Dellbr\u00fcck&#8221;<\/a> der &#8220;Markt der M\u00f6glichkeiten&#8221; im K\u00f6lner Stadtteil Dellbr\u00fcck statt. Neben zahlreichen Initiativen waren auch wir mit einem Stand vertreten.<\/p>\n<p><!--more--><\/p>\n<p>Erfreulich viele Besucherinnen und Besucher nutzten das umfangreiche Informationsmaterial und die M\u00f6glichkeiten des Austausches. Dabei gab es viel Zuspruch f\u00fcr unsere Initiativen und den Einsatz f\u00fcr die Belange der Zu-Fuss-Gehenden. Deutlich sp\u00fcrbar war der Wunsch nach mehr Raum, weniger Gefahren durch den rollenden Verkehr, kurz: sichere (Geh)-Wege. Leider wenig \u00fcberraschend f\u00fcr uns: die auff\u00e4llig vielen emp\u00f6rten Klagen \u00fcber r\u00fccksichtslose Rad- und E-Scooter-Fahrende. Dieses Thema wird uns wohl auch in Zukunft besch\u00e4ftigen.[\/vc_column_text][\/vc_column][\/vc_row]<\/p>\n<\/div>","protected":false},"excerpt":{"rendered":"<p>[vc_row][vc_column][vc_column_text css=&#8221;&#8221;] Am 5. Juli 2025 fand auf Initiative des &#8220;Runden Tisches Dellbr\u00fcck&#8221; der &#8220;Markt der M\u00f6glichkeiten&#8221; im K\u00f6lner Stadtteil Dellbr\u00fcck statt. Neben zahlreichen Initiativen waren auch wir mit einem Stand vertreten.<\/p>\n","protected":false},"author":53,"featured_media":4771,"comment_status":"closed","ping_status":"closed","sticky":false,"template":"","format":"standard","meta":{"_acf_changed":false,"_relevanssi_hide_post":"","_relevanssi_hide_content":"","_relevanssi_pin_for_all":"","_relevanssi_pin_keywords":"","_relevanssi_unpin_keywords":"","_relevanssi_related_keywords":"","_relevanssi_related_include_ids":"","_relevanssi_related_exclude_ids":"","_relevanssi_related_no_append":"","_relevanssi_related_not_related":"","_relevanssi_related_posts":"","_relevanssi_noindex_reason":"","footnotes":""},"categories":[8],"tags":[],"class_list":["post-4772","post","type-post","status-publish","format-standard","has-post-thumbnail","hentry","category-aktuelles"],"acf":[],"yoast_head":"<!-- This site is optimized with the Yoast SEO plugin v27.4 - https:\/\/yoast.com\/product\/yoast-seo-wordpress\/ -->\n<title>Dellbr\u00fccker &quot;Markt der M\u00f6glichkeiten&quot; 2025 - FUSS e.V. K\u00f6ln<\/title>\n<meta name=\"robots\" content=\"index, follow, max-snippet:-1, max-image-preview:large, max-video-preview:-1\" \/>\n<link rel=\"canonical\" href=\"https:\/\/www.fuss-ev.de\/koeln\/dellbruecker-markt-der-moeglichkeiten-2025\/\" \/>\n<meta property=\"og:locale\" content=\"de_DE\" \/>\n<meta property=\"og:type\" content=\"article\" \/>\n<meta property=\"og:title\" content=\"Dellbr\u00fccker &quot;Markt der M\u00f6glichkeiten&quot; 2025 - FUSS e.V. K\u00f6ln\" \/>\n<meta property=\"og:description\" content=\"[vc_row][vc_column][vc_column_text css=&#8221;&#8221;] Am 5. Juli 2025 fand auf Initiative des &#8220;Runden Tisches Dellbr\u00fcck&#8221; der &#8220;Markt der M\u00f6glichkeiten&#8221; im K\u00f6lner Stadtteil Dellbr\u00fcck statt. Neben zahlreichen Initiativen waren auch wir mit einem Stand vertreten.\" \/>\n<meta property=\"og:url\" content=\"https:\/\/www.fuss-ev.de\/koeln\/dellbruecker-markt-der-moeglichkeiten-2025\/\" \/>\n<meta property=\"og:site_name\" content=\"FUSS e.V. K\u00f6ln\" \/>\n<meta property=\"article:published_time\" content=\"2025-07-15T08:00:47+00:00\" \/>\n<meta property=\"article:modified_time\" content=\"2025-08-29T17:57:13+00:00\" \/>\n<meta property=\"og:image\" content=\"https:\/\/www.fuss-ev.de\/koeln\/wp-content\/uploads\/sites\/28\/2025\/08\/mdm2025.jpg\" \/>\n\t<meta property=\"og:image:width\" content=\"1600\" \/>\n\t<meta property=\"og:image:height\" content=\"1000\" \/>\n\t<meta property=\"og:image:type\" content=\"image\/jpeg\" \/>\n<meta name=\"author\" content=\"michaelgerloff\" \/>\n<meta name=\"twitter:card\" content=\"summary_large_image\" \/>\n<meta name=\"twitter:label1\" content=\"Verfasst von\" \/>\n\t<meta name=\"twitter:data1\" content=\"michaelgerloff\" \/>\n\t<meta name=\"twitter:label2\" content=\"Gesch\u00e4tzte Lesezeit\" \/>\n\t<meta name=\"twitter:data2\" content=\"1\u00a0Minute\" \/>\n<script type=\"application\/ld+json\" class=\"yoast-schema-graph\">{\"@context\":\"https:\\\/\\\/schema.org\",\"@graph\":[{\"@type\":\"Article\",\"@id\":\"https:\\\/\\\/www.fuss-ev.de\\\/koeln\\\/dellbruecker-markt-der-moeglichkeiten-2025\\\/#article\",\"isPartOf\":{\"@id\":\"https:\\\/\\\/www.fuss-ev.de\\\/koeln\\\/dellbruecker-markt-der-moeglichkeiten-2025\\\/\"},\"author\":{\"name\":\"michaelgerloff\",\"@id\":\"https:\\\/\\\/www.fuss-ev.de\\\/koeln\\\/#\\\/schema\\\/person\\\/0b04c1251a96d6579fc4185df0506d61\"},\"headline\":\"Dellbr\u00fccker &#8220;Markt der M\u00f6glichkeiten&#8221; 2025\",\"datePublished\":\"2025-07-15T08:00:47+00:00\",\"dateModified\":\"2025-08-29T17:57:13+00:00\",\"mainEntityOfPage\":{\"@id\":\"https:\\\/\\\/www.fuss-ev.de\\\/koeln\\\/dellbruecker-markt-der-moeglichkeiten-2025\\\/\"},\"wordCount\":134,\"publisher\":{\"@id\":\"https:\\\/\\\/www.fuss-ev.de\\\/koeln\\\/#organization\"},\"image\":{\"@id\":\"https:\\\/\\\/www.fuss-ev.de\\\/koeln\\\/dellbruecker-markt-der-moeglichkeiten-2025\\\/#primaryimage\"},\"thumbnailUrl\":\"https:\\\/\\\/www.fuss-ev.de\\\/koeln\\\/wp-content\\\/uploads\\\/sites\\\/28\\\/2025\\\/08\\\/mdm2025.jpg\",\"articleSection\":[\"Aktuelles\"],\"inLanguage\":\"de\"},{\"@type\":\"WebPage\",\"@id\":\"https:\\\/\\\/www.fuss-ev.de\\\/koeln\\\/dellbruecker-markt-der-moeglichkeiten-2025\\\/\",\"url\":\"https:\\\/\\\/www.fuss-ev.de\\\/koeln\\\/dellbruecker-markt-der-moeglichkeiten-2025\\\/\",\"name\":\"Dellbr\u00fccker \\\"Markt der M\u00f6glichkeiten\\\" 2025 - FUSS e.V. K\u00f6ln\",\"isPartOf\":{\"@id\":\"https:\\\/\\\/www.fuss-ev.de\\\/koeln\\\/#website\"},\"primaryImageOfPage\":{\"@id\":\"https:\\\/\\\/www.fuss-ev.de\\\/koeln\\\/dellbruecker-markt-der-moeglichkeiten-2025\\\/#primaryimage\"},\"image\":{\"@id\":\"https:\\\/\\\/www.fuss-ev.de\\\/koeln\\\/dellbruecker-markt-der-moeglichkeiten-2025\\\/#primaryimage\"},\"thumbnailUrl\":\"https:\\\/\\\/www.fuss-ev.de\\\/koeln\\\/wp-content\\\/uploads\\\/sites\\\/28\\\/2025\\\/08\\\/mdm2025.jpg\",\"datePublished\":\"2025-07-15T08:00:47+00:00\",\"dateModified\":\"2025-08-29T17:57:13+00:00\",\"breadcrumb\":{\"@id\":\"https:\\\/\\\/www.fuss-ev.de\\\/koeln\\\/dellbruecker-markt-der-moeglichkeiten-2025\\\/#breadcrumb\"},\"inLanguage\":\"de\",\"potentialAction\":[{\"@type\":\"ReadAction\",\"target\":[\"https:\\\/\\\/www.fuss-ev.de\\\/koeln\\\/dellbruecker-markt-der-moeglichkeiten-2025\\\/\"]}]},{\"@type\":\"ImageObject\",\"inLanguage\":\"de\",\"@id\":\"https:\\\/\\\/www.fuss-ev.de\\\/koeln\\\/dellbruecker-markt-der-moeglichkeiten-2025\\\/#primaryimage\",\"url\":\"https:\\\/\\\/www.fuss-ev.de\\\/koeln\\\/wp-content\\\/uploads\\\/sites\\\/28\\\/2025\\\/08\\\/mdm2025.jpg\",\"contentUrl\":\"https:\\\/\\\/www.fuss-ev.de\\\/koeln\\\/wp-content\\\/uploads\\\/sites\\\/28\\\/2025\\\/08\\\/mdm2025.jpg\",\"width\":1600,\"height\":1000,\"caption\":\"Am Stand des K\u00f6lner Fuss e.V. stehen mehrere Menschen im Gespr\u00e4ch. Copyright: Mathias G\u00f6tze-Wittschier\"},{\"@type\":\"BreadcrumbList\",\"@id\":\"https:\\\/\\\/www.fuss-ev.de\\\/koeln\\\/dellbruecker-markt-der-moeglichkeiten-2025\\\/#breadcrumb\",\"itemListElement\":[{\"@type\":\"ListItem\",\"position\":1,\"name\":\"Startseite\",\"item\":\"https:\\\/\\\/www.fuss-ev.de\\\/koeln\\\/\"},{\"@type\":\"ListItem\",\"position\":2,\"name\":\"Dellbr\u00fccker &#8220;Markt der M\u00f6glichkeiten&#8221; 2025\"}]},{\"@type\":\"WebSite\",\"@id\":\"https:\\\/\\\/www.fuss-ev.de\\\/koeln\\\/#website\",\"url\":\"https:\\\/\\\/www.fuss-ev.de\\\/koeln\\\/\",\"name\":\"FUSS e.V. K\u00f6ln\",\"description\":\"Zu Fu\u00df durch K\u00f6ln \u2013 sicher und bequem!\",\"publisher\":{\"@id\":\"https:\\\/\\\/www.fuss-ev.de\\\/koeln\\\/#organization\"},\"potentialAction\":[{\"@type\":\"SearchAction\",\"target\":{\"@type\":\"EntryPoint\",\"urlTemplate\":\"https:\\\/\\\/www.fuss-ev.de\\\/koeln\\\/?s={search_term_string}\"},\"query-input\":{\"@type\":\"PropertyValueSpecification\",\"valueRequired\":true,\"valueName\":\"search_term_string\"}}],\"inLanguage\":\"de\"},{\"@type\":\"Organization\",\"@id\":\"https:\\\/\\\/www.fuss-ev.de\\\/koeln\\\/#organization\",\"name\":\"FUSS e.V. K\u00f6ln\",\"url\":\"https:\\\/\\\/www.fuss-ev.de\\\/koeln\\\/\",\"logo\":{\"@type\":\"ImageObject\",\"inLanguage\":\"de\",\"@id\":\"https:\\\/\\\/www.fuss-ev.de\\\/koeln\\\/#\\\/schema\\\/logo\\\/image\\\/\",\"url\":\"https:\\\/\\\/www.fuss-ev.de\\\/koeln\\\/wp-content\\\/uploads\\\/sites\\\/28\\\/2025\\\/01\\\/FUSS_Logo.jpg\",\"contentUrl\":\"https:\\\/\\\/www.fuss-ev.de\\\/koeln\\\/wp-content\\\/uploads\\\/sites\\\/28\\\/2025\\\/01\\\/FUSS_Logo.jpg\",\"width\":2082,\"height\":979,\"caption\":\"FUSS e.V. K\u00f6ln\"},\"image\":{\"@id\":\"https:\\\/\\\/www.fuss-ev.de\\\/koeln\\\/#\\\/schema\\\/logo\\\/image\\\/\"}},{\"@type\":\"Person\",\"@id\":\"https:\\\/\\\/www.fuss-ev.de\\\/koeln\\\/#\\\/schema\\\/person\\\/0b04c1251a96d6579fc4185df0506d61\",\"name\":\"michaelgerloff\",\"image\":{\"@type\":\"ImageObject\",\"inLanguage\":\"de\",\"@id\":\"https:\\\/\\\/secure.gravatar.com\\\/avatar\\\/133ed8d3167000e42e292cda00717660c6b797418b0c1cc1a67f5082247522e0?s=96&d=mm&r=g\",\"url\":\"https:\\\/\\\/secure.gravatar.com\\\/avatar\\\/133ed8d3167000e42e292cda00717660c6b797418b0c1cc1a67f5082247522e0?s=96&d=mm&r=g\",\"contentUrl\":\"https:\\\/\\\/secure.gravatar.com\\\/avatar\\\/133ed8d3167000e42e292cda00717660c6b797418b0c1cc1a67f5082247522e0?s=96&d=mm&r=g\",\"caption\":\"michaelgerloff\"},\"url\":\"https:\\\/\\\/www.fuss-ev.de\\\/koeln\\\/author\\\/michaelgerloff\\\/\"}]}<\/script>\n<!-- \/ Yoast SEO plugin. -->","yoast_head_json":{"title":"Dellbr\u00fccker \"Markt der M\u00f6glichkeiten\" 2025 - FUSS e.V. K\u00f6ln","robots":{"index":"index","follow":"follow","max-snippet":"max-snippet:-1","max-image-preview":"max-image-preview:large","max-video-preview":"max-video-preview:-1"},"canonical":"https:\/\/www.fuss-ev.de\/koeln\/dellbruecker-markt-der-moeglichkeiten-2025\/","og_locale":"de_DE","og_type":"article","og_title":"Dellbr\u00fccker \"Markt der M\u00f6glichkeiten\" 2025 - FUSS e.V. K\u00f6ln","og_description":"[vc_row][vc_column][vc_column_text css=&#8221;&#8221;] Am 5. Juli 2025 fand auf Initiative des &#8220;Runden Tisches Dellbr\u00fcck&#8221; der &#8220;Markt der M\u00f6glichkeiten&#8221; im K\u00f6lner Stadtteil Dellbr\u00fcck statt. Neben zahlreichen Initiativen waren auch wir mit einem Stand vertreten.","og_url":"https:\/\/www.fuss-ev.de\/koeln\/dellbruecker-markt-der-moeglichkeiten-2025\/","og_site_name":"FUSS e.V. K\u00f6ln","article_published_time":"2025-07-15T08:00:47+00:00","article_modified_time":"2025-08-29T17:57:13+00:00","og_image":[{"width":1600,"height":1000,"url":"https:\/\/www.fuss-ev.de\/koeln\/wp-content\/uploads\/sites\/28\/2025\/08\/mdm2025.jpg","type":"image\/jpeg"}],"author":"michaelgerloff","twitter_card":"summary_large_image","twitter_misc":{"Verfasst von":"michaelgerloff","Gesch\u00e4tzte Lesezeit":"1\u00a0Minute"},"schema":{"@context":"https:\/\/schema.org","@graph":[{"@type":"Article","@id":"https:\/\/www.fuss-ev.de\/koeln\/dellbruecker-markt-der-moeglichkeiten-2025\/#article","isPartOf":{"@id":"https:\/\/www.fuss-ev.de\/koeln\/dellbruecker-markt-der-moeglichkeiten-2025\/"},"author":{"name":"michaelgerloff","@id":"https:\/\/www.fuss-ev.de\/koeln\/#\/schema\/person\/0b04c1251a96d6579fc4185df0506d61"},"headline":"Dellbr\u00fccker &#8220;Markt der M\u00f6glichkeiten&#8221; 2025","datePublished":"2025-07-15T08:00:47+00:00","dateModified":"2025-08-29T17:57:13+00:00","mainEntityOfPage":{"@id":"https:\/\/www.fuss-ev.de\/koeln\/dellbruecker-markt-der-moeglichkeiten-2025\/"},"wordCount":134,"publisher":{"@id":"https:\/\/www.fuss-ev.de\/koeln\/#organization"},"image":{"@id":"https:\/\/www.fuss-ev.de\/koeln\/dellbruecker-markt-der-moeglichkeiten-2025\/#primaryimage"},"thumbnailUrl":"https:\/\/www.fuss-ev.de\/koeln\/wp-content\/uploads\/sites\/28\/2025\/08\/mdm2025.jpg","articleSection":["Aktuelles"],"inLanguage":"de"},{"@type":"WebPage","@id":"https:\/\/www.fuss-ev.de\/koeln\/dellbruecker-markt-der-moeglichkeiten-2025\/","url":"https:\/\/www.fuss-ev.de\/koeln\/dellbruecker-markt-der-moeglichkeiten-2025\/","name":"Dellbr\u00fccker \"Markt der M\u00f6glichkeiten\" 2025 - FUSS e.V. K\u00f6ln","isPartOf":{"@id":"https:\/\/www.fuss-ev.de\/koeln\/#website"},"primaryImageOfPage":{"@id":"https:\/\/www.fuss-ev.de\/koeln\/dellbruecker-markt-der-moeglichkeiten-2025\/#primaryimage"},"image":{"@id":"https:\/\/www.fuss-ev.de\/koeln\/dellbruecker-markt-der-moeglichkeiten-2025\/#primaryimage"},"thumbnailUrl":"https:\/\/www.fuss-ev.de\/koeln\/wp-content\/uploads\/sites\/28\/2025\/08\/mdm2025.jpg","datePublished":"2025-07-15T08:00:47+00:00","dateModified":"2025-08-29T17:57:13+00:00","breadcrumb":{"@id":"https:\/\/www.fuss-ev.de\/koeln\/dellbruecker-markt-der-moeglichkeiten-2025\/#breadcrumb"},"inLanguage":"de","potentialAction":[{"@type":"ReadAction","target":["https:\/\/www.fuss-ev.de\/koeln\/dellbruecker-markt-der-moeglichkeiten-2025\/"]}]},{"@type":"ImageObject","inLanguage":"de","@id":"https:\/\/www.fuss-ev.de\/koeln\/dellbruecker-markt-der-moeglichkeiten-2025\/#primaryimage","url":"https:\/\/www.fuss-ev.de\/koeln\/wp-content\/uploads\/sites\/28\/2025\/08\/mdm2025.jpg","contentUrl":"https:\/\/www.fuss-ev.de\/koeln\/wp-content\/uploads\/sites\/28\/2025\/08\/mdm2025.jpg","width":1600,"height":1000,"caption":"Am Stand des K\u00f6lner Fuss e.V. stehen mehrere Menschen im Gespr\u00e4ch. Copyright: Mathias G\u00f6tze-Wittschier"},{"@type":"BreadcrumbList","@id":"https:\/\/www.fuss-ev.de\/koeln\/dellbruecker-markt-der-moeglichkeiten-2025\/#breadcrumb","itemListElement":[{"@type":"ListItem","position":1,"name":"Startseite","item":"https:\/\/www.fuss-ev.de\/koeln\/"},{"@type":"ListItem","position":2,"name":"Dellbr\u00fccker &#8220;Markt der M\u00f6glichkeiten&#8221; 2025"}]},{"@type":"WebSite","@id":"https:\/\/www.fuss-ev.de\/koeln\/#website","url":"https:\/\/www.fuss-ev.de\/koeln\/","name":"FUSS e.V. K\u00f6ln","description":"Zu Fu\u00df durch K\u00f6ln \u2013 sicher und bequem!","publisher":{"@id":"https:\/\/www.fuss-ev.de\/koeln\/#organization"},"potentialAction":[{"@type":"SearchAction","target":{"@type":"EntryPoint","urlTemplate":"https:\/\/www.fuss-ev.de\/koeln\/?s={search_term_string}"},"query-input":{"@type":"PropertyValueSpecification","valueRequired":true,"valueName":"search_term_string"}}],"inLanguage":"de"},{"@type":"Organization","@id":"https:\/\/www.fuss-ev.de\/koeln\/#organization","name":"FUSS e.V. K\u00f6ln","url":"https:\/\/www.fuss-ev.de\/koeln\/","logo":{"@type":"ImageObject","inLanguage":"de","@id":"https:\/\/www.fuss-ev.de\/koeln\/#\/schema\/logo\/image\/","url":"https:\/\/www.fuss-ev.de\/koeln\/wp-content\/uploads\/sites\/28\/2025\/01\/FUSS_Logo.jpg","contentUrl":"https:\/\/www.fuss-ev.de\/koeln\/wp-content\/uploads\/sites\/28\/2025\/01\/FUSS_Logo.jpg","width":2082,"height":979,"caption":"FUSS e.V. K\u00f6ln"},"image":{"@id":"https:\/\/www.fuss-ev.de\/koeln\/#\/schema\/logo\/image\/"}},{"@type":"Person","@id":"https:\/\/www.fuss-ev.de\/koeln\/#\/schema\/person\/0b04c1251a96d6579fc4185df0506d61","name":"michaelgerloff","image":{"@type":"ImageObject","inLanguage":"de","@id":"https:\/\/secure.gravatar.com\/avatar\/133ed8d3167000e42e292cda00717660c6b797418b0c1cc1a67f5082247522e0?s=96&d=mm&r=g","url":"https:\/\/secure.gravatar.com\/avatar\/133ed8d3167000e42e292cda00717660c6b797418b0c1cc1a67f5082247522e0?s=96&d=mm&r=g","contentUrl":"https:\/\/secure.gravatar.com\/avatar\/133ed8d3167000e42e292cda00717660c6b797418b0c1cc1a67f5082247522e0?s=96&d=mm&r=g","caption":"michaelgerloff"},"url":"https:\/\/www.fuss-ev.de\/koeln\/author\/michaelgerloff\/"}]}},"publishpress_future_action":{"enabled":false,"date":"2026-05-07 09:21:08","action":"change-status","newStatus":"draft","terms":[],"taxonomy":"category","extraData":[]},"publishpress_future_workflow_manual_trigger":{"enabledWorkflows":[]},"_links":{"self":[{"href":"https:\/\/www.fuss-ev.de\/koeln\/wp-json\/wp\/v2\/posts\/4772","targetHints":{"allow":["GET"]}}],"collection":[{"href":"https:\/\/www.fuss-ev.de\/koeln\/wp-json\/wp\/v2\/posts"}],"about":[{"href":"https:\/\/www.fuss-ev.de\/koeln\/wp-json\/wp\/v2\/types\/post"}],"author":[{"embeddable":true,"href":"https:\/\/www.fuss-ev.de\/koeln\/wp-json\/wp\/v2\/users\/53"}],"replies":[{"embeddable":true,"href":"https:\/\/www.fuss-ev.de\/koeln\/wp-json\/wp\/v2\/comments?post=4772"}],"version-history":[{"count":6,"href":"https:\/\/www.fuss-ev.de\/koeln\/wp-json\/wp\/v2\/posts\/4772\/revisions"}],"predecessor-version":[{"id":4785,"href":"https:\/\/www.fuss-ev.de\/koeln\/wp-json\/wp\/v2\/posts\/4772\/revisions\/4785"}],"wp:featuredmedia":[{"embeddable":true,"href":"https:\/\/www.fuss-ev.de\/koeln\/wp-json\/wp\/v2\/media\/4771"}],"wp:attachment":[{"href":"https:\/\/www.fuss-ev.de\/koeln\/wp-json\/wp\/v2\/media?parent=4772"}],"wp:term":[{"taxonomy":"category","embeddable":true,"href":"https:\/\/www.fuss-ev.de\/koeln\/wp-json\/wp\/v2\/categories?post=4772"},{"taxonomy":"post_tag","embeddable":true,"href":"https:\/\/www.fuss-ev.de\/koeln\/wp-json\/wp\/v2\/tags?post=4772"}],"curies":[{"name":"wp","href":"https:\/\/api.w.org\/{rel}","templated":true}]}}