{"id":4753,"date":"2025-08-19T16:53:22","date_gmt":"2025-08-19T14:53:22","guid":{"rendered":"https:\/\/www.fuss-ev.de\/koeln\/?p=4753"},"modified":"2025-08-19T16:55:12","modified_gmt":"2025-08-19T14:55:12","slug":"kommunalwahl-2025-die-parteien-zum-fussverkehr","status":"publish","type":"post","link":"https:\/\/www.fuss-ev.de\/koeln\/kommunalwahl-2025-die-parteien-zum-fussverkehr\/","title":{"rendered":"Kommunalwahl 2025: Die Parteien zum Fu\u00dfverkehr"},"content":{"rendered":"<div class=\"wpb-content-wrapper\"><p>[vc_row][vc_column][vc_single_image image=&#8221;4756&#8243; css=&#8221;&#8221;][vc_column_text css=&#8221;&#8221;]Am 14. September steht in NRW die Kommunalwahl an. Wir haben daher den K\u00f6lner Parteien Fragen zum Fu\u00dfverkehr geschickt. Denn schlie\u00dflich sind sie wesentlich daran beteiligt, wie sich der Fu\u00dfverkehr in K\u00f6ln in Zukunft entwickelt.<!--more--><\/p>\n<p>Wenn Sie sich f\u00fcr einen besseren Fu\u00dfverkehr in K\u00f6ln interessieren, fragen Sie doch beim n\u00e4chsten Besuch am Info-Stand einfach mal selbst, was die Parteien daf\u00fcr tun wollen. Bestimmt ergibt sich dabei das eine oder andere interessante Gespr\u00e4ch.<\/p>\n<p>Als Anregung ver\u00f6ffentlichen wir hier unseren Fragenkatalog. Wie stehen Sie zu den Fragen? <a href=\"mailto:koeln@fuss-ev.de?subject=Beitrag &quot;Fragen an die Politik&quot;\">Schreiben Sie uns!<\/a><\/p>\n<p><strong>1.<\/strong> Sehen Sie die F\u00f6rderung des Fu\u00dfverkehrs auch als wichtiges Thema Ihrer<br \/>\nk\u00fcnftigen T\u00e4tigkeit im Rat der Stadt K\u00f6ln?<\/p>\n<ul>\n<li>Wenn ja, welche Ma\u00dfnahmen halten Sie hier f\u00fcr besonders wichtig?<\/li>\n<\/ul>\n<p><strong>2.<\/strong> Wie stehen Sie zu Tempo 30 innerhalb des gesamten Stadtgebiets?<\/p>\n<p><strong>3.<\/strong> Wie bewerten Sie die folgenden Ma\u00dfnahmen zur Sicherheit von<br \/>\nFu\u00dfg\u00e4nger*innen?<\/p>\n<ul>\n<li>Freie Kreuzungsbereiche (ohne Parken)<\/li>\n<li>Ausreichende Zebrastreifen\/Kriterienkatalog f\u00fcr die Einrichtung von<br \/>\nZebrastreifen<\/li>\n<li>Konfliktfreie Ampelschaltung<\/li>\n<li>Keine Radwege\/-spuren auf B\u00fcrgersteigen<\/li>\n<\/ul>\n<p><strong>4.<\/strong> Was wollen Sie zur Gew\u00e4hrleistung von Barrierefreiheit in K\u00f6ln tun?<\/p>\n<ul>\n<li>Wie bewerten Sie die Absenkung von Bordsteinen im Kreuzungsbereich?<\/li>\n<li>Wie wollen Sie funktionsf\u00e4hige Zug\u00e4nge zu Stra\u00dfenbahn- und U-Bahn-<br \/>\nHaltestellen sicherstellen?<\/li>\n<li>Wie wollen Sie gew\u00e4hrleisten, dass die beschlossenen Mindestgehwegbreiten<br \/>\nvon 2 Meter (Masterplan Parken) eingehalten werden?<\/li>\n<li>Wie wollen Sie die sichere und barrierefreie Wegef\u00fchrung bei Baustellen<br \/>\nsicherstellen?<\/li>\n<\/ul>\n<p><strong>5.<\/strong> Wie stehen Sie zu einem l\u00fcckenlosen und attraktiven Fu\u00dfwegenetz?[\/vc_column_text][\/vc_column][\/vc_row]<\/p>\n<\/div>","protected":false},"excerpt":{"rendered":"<p>[vc_row][vc_column][vc_single_image image=&#8221;4756&#8243; css=&#8221;&#8221;][vc_column_text css=&#8221;&#8221;]Am 14. September steht in NRW die Kommunalwahl an. Wir haben daher den K\u00f6lner Parteien Fragen zum Fu\u00dfverkehr geschickt. Denn schlie\u00dflich sind sie wesentlich daran beteiligt, wie sich der Fu\u00dfverkehr in K\u00f6ln [&hellip;]<\/p>\n","protected":false},"author":53,"featured_media":4756,"comment_status":"closed","ping_status":"closed","sticky":false,"template":"","format":"standard","meta":{"_acf_changed":false,"_relevanssi_hide_post":"","_relevanssi_hide_content":"","_relevanssi_pin_for_all":"","_relevanssi_pin_keywords":"","_relevanssi_unpin_keywords":"","_relevanssi_related_keywords":"","_relevanssi_related_include_ids":"","_relevanssi_related_exclude_ids":"","_relevanssi_related_no_append":"","_relevanssi_related_not_related":"","_relevanssi_related_posts":"","_relevanssi_noindex_reason":"","footnotes":""},"categories":[8],"tags":[],"class_list":["post-4753","post","type-post","status-publish","format-standard","has-post-thumbnail","hentry","category-aktuelles"],"acf":[],"yoast_head":"<!-- This site is optimized with the Yoast SEO plugin v27.4 - https:\/\/yoast.com\/product\/yoast-seo-wordpress\/ -->\n<title>Kommunalwahl 2025: Die Parteien zum Fu\u00dfverkehr - FUSS e.V. K\u00f6ln<\/title>\n<meta name=\"robots\" content=\"index, follow, max-snippet:-1, max-image-preview:large, max-video-preview:-1\" \/>\n<link rel=\"canonical\" href=\"https:\/\/www.fuss-ev.de\/koeln\/kommunalwahl-2025-die-parteien-zum-fussverkehr\/\" \/>\n<meta property=\"og:locale\" content=\"de_DE\" \/>\n<meta property=\"og:type\" content=\"article\" \/>\n<meta property=\"og:title\" content=\"Kommunalwahl 2025: Die Parteien zum Fu\u00dfverkehr - FUSS e.V. K\u00f6ln\" \/>\n<meta property=\"og:description\" content=\"[vc_row][vc_column][vc_single_image image=&#8221;4756&#8243; css=&#8221;&#8221;][vc_column_text css=&#8221;&#8221;]Am 14. September steht in NRW die Kommunalwahl an. Wir haben daher den K\u00f6lner Parteien Fragen zum Fu\u00dfverkehr geschickt. Denn schlie\u00dflich sind sie wesentlich daran beteiligt, wie sich der Fu\u00dfverkehr in K\u00f6ln [&hellip;]\" \/>\n<meta property=\"og:url\" content=\"https:\/\/www.fuss-ev.de\/koeln\/kommunalwahl-2025-die-parteien-zum-fussverkehr\/\" \/>\n<meta property=\"og:site_name\" content=\"FUSS e.V. K\u00f6ln\" \/>\n<meta property=\"article:published_time\" content=\"2025-08-19T14:53:22+00:00\" \/>\n<meta property=\"article:modified_time\" content=\"2025-08-19T14:55:12+00:00\" \/>\n<meta property=\"og:image\" content=\"https:\/\/www.fuss-ev.de\/koeln\/wp-content\/uploads\/sites\/28\/2025\/08\/vote-9676018.jpg\" \/>\n\t<meta property=\"og:image:width\" content=\"1371\" \/>\n\t<meta property=\"og:image:height\" content=\"857\" \/>\n\t<meta property=\"og:image:type\" content=\"image\/jpeg\" \/>\n<meta name=\"author\" content=\"michaelgerloff\" \/>\n<meta name=\"twitter:card\" content=\"summary_large_image\" \/>\n<meta name=\"twitter:label1\" content=\"Verfasst von\" \/>\n\t<meta name=\"twitter:data1\" content=\"michaelgerloff\" \/>\n\t<meta name=\"twitter:label2\" content=\"Gesch\u00e4tzte Lesezeit\" \/>\n\t<meta name=\"twitter:data2\" content=\"2\u00a0Minuten\" \/>\n<script type=\"application\/ld+json\" class=\"yoast-schema-graph\">{\"@context\":\"https:\\\/\\\/schema.org\",\"@graph\":[{\"@type\":\"Article\",\"@id\":\"https:\\\/\\\/www.fuss-ev.de\\\/koeln\\\/kommunalwahl-2025-die-parteien-zum-fussverkehr\\\/#article\",\"isPartOf\":{\"@id\":\"https:\\\/\\\/www.fuss-ev.de\\\/koeln\\\/kommunalwahl-2025-die-parteien-zum-fussverkehr\\\/\"},\"author\":{\"name\":\"michaelgerloff\",\"@id\":\"https:\\\/\\\/www.fuss-ev.de\\\/koeln\\\/#\\\/schema\\\/person\\\/0b04c1251a96d6579fc4185df0506d61\"},\"headline\":\"Kommunalwahl 2025: Die Parteien zum Fu\u00dfverkehr\",\"datePublished\":\"2025-08-19T14:53:22+00:00\",\"dateModified\":\"2025-08-19T14:55:12+00:00\",\"mainEntityOfPage\":{\"@id\":\"https:\\\/\\\/www.fuss-ev.de\\\/koeln\\\/kommunalwahl-2025-die-parteien-zum-fussverkehr\\\/\"},\"wordCount\":277,\"publisher\":{\"@id\":\"https:\\\/\\\/www.fuss-ev.de\\\/koeln\\\/#organization\"},\"image\":{\"@id\":\"https:\\\/\\\/www.fuss-ev.de\\\/koeln\\\/kommunalwahl-2025-die-parteien-zum-fussverkehr\\\/#primaryimage\"},\"thumbnailUrl\":\"https:\\\/\\\/www.fuss-ev.de\\\/koeln\\\/wp-content\\\/uploads\\\/sites\\\/28\\\/2025\\\/08\\\/vote-9676018.jpg\",\"articleSection\":[\"Aktuelles\"],\"inLanguage\":\"de\"},{\"@type\":\"WebPage\",\"@id\":\"https:\\\/\\\/www.fuss-ev.de\\\/koeln\\\/kommunalwahl-2025-die-parteien-zum-fussverkehr\\\/\",\"url\":\"https:\\\/\\\/www.fuss-ev.de\\\/koeln\\\/kommunalwahl-2025-die-parteien-zum-fussverkehr\\\/\",\"name\":\"Kommunalwahl 2025: Die Parteien zum Fu\u00dfverkehr - FUSS e.V. K\u00f6ln\",\"isPartOf\":{\"@id\":\"https:\\\/\\\/www.fuss-ev.de\\\/koeln\\\/#website\"},\"primaryImageOfPage\":{\"@id\":\"https:\\\/\\\/www.fuss-ev.de\\\/koeln\\\/kommunalwahl-2025-die-parteien-zum-fussverkehr\\\/#primaryimage\"},\"image\":{\"@id\":\"https:\\\/\\\/www.fuss-ev.de\\\/koeln\\\/kommunalwahl-2025-die-parteien-zum-fussverkehr\\\/#primaryimage\"},\"thumbnailUrl\":\"https:\\\/\\\/www.fuss-ev.de\\\/koeln\\\/wp-content\\\/uploads\\\/sites\\\/28\\\/2025\\\/08\\\/vote-9676018.jpg\",\"datePublished\":\"2025-08-19T14:53:22+00:00\",\"dateModified\":\"2025-08-19T14:55:12+00:00\",\"breadcrumb\":{\"@id\":\"https:\\\/\\\/www.fuss-ev.de\\\/koeln\\\/kommunalwahl-2025-die-parteien-zum-fussverkehr\\\/#breadcrumb\"},\"inLanguage\":\"de\",\"potentialAction\":[{\"@type\":\"ReadAction\",\"target\":[\"https:\\\/\\\/www.fuss-ev.de\\\/koeln\\\/kommunalwahl-2025-die-parteien-zum-fussverkehr\\\/\"]}]},{\"@type\":\"ImageObject\",\"inLanguage\":\"de\",\"@id\":\"https:\\\/\\\/www.fuss-ev.de\\\/koeln\\\/kommunalwahl-2025-die-parteien-zum-fussverkehr\\\/#primaryimage\",\"url\":\"https:\\\/\\\/www.fuss-ev.de\\\/koeln\\\/wp-content\\\/uploads\\\/sites\\\/28\\\/2025\\\/08\\\/vote-9676018.jpg\",\"contentUrl\":\"https:\\\/\\\/www.fuss-ev.de\\\/koeln\\\/wp-content\\\/uploads\\\/sites\\\/28\\\/2025\\\/08\\\/vote-9676018.jpg\",\"width\":1371,\"height\":857,\"caption\":\"Im Vordergrund steckt jemand einen Wahlzettel in eine Wahlurne, im Hintergrund sind unscharf zwei Personen an einem Tisch sitzend zu sehen\"},{\"@type\":\"BreadcrumbList\",\"@id\":\"https:\\\/\\\/www.fuss-ev.de\\\/koeln\\\/kommunalwahl-2025-die-parteien-zum-fussverkehr\\\/#breadcrumb\",\"itemListElement\":[{\"@type\":\"ListItem\",\"position\":1,\"name\":\"Startseite\",\"item\":\"https:\\\/\\\/www.fuss-ev.de\\\/koeln\\\/\"},{\"@type\":\"ListItem\",\"position\":2,\"name\":\"Kommunalwahl 2025: Die Parteien zum Fu\u00dfverkehr\"}]},{\"@type\":\"WebSite\",\"@id\":\"https:\\\/\\\/www.fuss-ev.de\\\/koeln\\\/#website\",\"url\":\"https:\\\/\\\/www.fuss-ev.de\\\/koeln\\\/\",\"name\":\"FUSS e.V. K\u00f6ln\",\"description\":\"Zu Fu\u00df durch K\u00f6ln \u2013 sicher und bequem!\",\"publisher\":{\"@id\":\"https:\\\/\\\/www.fuss-ev.de\\\/koeln\\\/#organization\"},\"potentialAction\":[{\"@type\":\"SearchAction\",\"target\":{\"@type\":\"EntryPoint\",\"urlTemplate\":\"https:\\\/\\\/www.fuss-ev.de\\\/koeln\\\/?s={search_term_string}\"},\"query-input\":{\"@type\":\"PropertyValueSpecification\",\"valueRequired\":true,\"valueName\":\"search_term_string\"}}],\"inLanguage\":\"de\"},{\"@type\":\"Organization\",\"@id\":\"https:\\\/\\\/www.fuss-ev.de\\\/koeln\\\/#organization\",\"name\":\"FUSS e.V. K\u00f6ln\",\"url\":\"https:\\\/\\\/www.fuss-ev.de\\\/koeln\\\/\",\"logo\":{\"@type\":\"ImageObject\",\"inLanguage\":\"de\",\"@id\":\"https:\\\/\\\/www.fuss-ev.de\\\/koeln\\\/#\\\/schema\\\/logo\\\/image\\\/\",\"url\":\"https:\\\/\\\/www.fuss-ev.de\\\/koeln\\\/wp-content\\\/uploads\\\/sites\\\/28\\\/2025\\\/01\\\/FUSS_Logo.jpg\",\"contentUrl\":\"https:\\\/\\\/www.fuss-ev.de\\\/koeln\\\/wp-content\\\/uploads\\\/sites\\\/28\\\/2025\\\/01\\\/FUSS_Logo.jpg\",\"width\":2082,\"height\":979,\"caption\":\"FUSS e.V. K\u00f6ln\"},\"image\":{\"@id\":\"https:\\\/\\\/www.fuss-ev.de\\\/koeln\\\/#\\\/schema\\\/logo\\\/image\\\/\"}},{\"@type\":\"Person\",\"@id\":\"https:\\\/\\\/www.fuss-ev.de\\\/koeln\\\/#\\\/schema\\\/person\\\/0b04c1251a96d6579fc4185df0506d61\",\"name\":\"michaelgerloff\",\"image\":{\"@type\":\"ImageObject\",\"inLanguage\":\"de\",\"@id\":\"https:\\\/\\\/secure.gravatar.com\\\/avatar\\\/133ed8d3167000e42e292cda00717660c6b797418b0c1cc1a67f5082247522e0?s=96&d=mm&r=g\",\"url\":\"https:\\\/\\\/secure.gravatar.com\\\/avatar\\\/133ed8d3167000e42e292cda00717660c6b797418b0c1cc1a67f5082247522e0?s=96&d=mm&r=g\",\"contentUrl\":\"https:\\\/\\\/secure.gravatar.com\\\/avatar\\\/133ed8d3167000e42e292cda00717660c6b797418b0c1cc1a67f5082247522e0?s=96&d=mm&r=g\",\"caption\":\"michaelgerloff\"},\"url\":\"https:\\\/\\\/www.fuss-ev.de\\\/koeln\\\/author\\\/michaelgerloff\\\/\"}]}<\/script>\n<!-- \/ Yoast SEO plugin. -->","yoast_head_json":{"title":"Kommunalwahl 2025: Die Parteien zum Fu\u00dfverkehr - FUSS e.V. K\u00f6ln","robots":{"index":"index","follow":"follow","max-snippet":"max-snippet:-1","max-image-preview":"max-image-preview:large","max-video-preview":"max-video-preview:-1"},"canonical":"https:\/\/www.fuss-ev.de\/koeln\/kommunalwahl-2025-die-parteien-zum-fussverkehr\/","og_locale":"de_DE","og_type":"article","og_title":"Kommunalwahl 2025: Die Parteien zum Fu\u00dfverkehr - FUSS e.V. K\u00f6ln","og_description":"[vc_row][vc_column][vc_single_image image=&#8221;4756&#8243; css=&#8221;&#8221;][vc_column_text css=&#8221;&#8221;]Am 14. September steht in NRW die Kommunalwahl an. Wir haben daher den K\u00f6lner Parteien Fragen zum Fu\u00dfverkehr geschickt. Denn schlie\u00dflich sind sie wesentlich daran beteiligt, wie sich der Fu\u00dfverkehr in K\u00f6ln [&hellip;]","og_url":"https:\/\/www.fuss-ev.de\/koeln\/kommunalwahl-2025-die-parteien-zum-fussverkehr\/","og_site_name":"FUSS e.V. K\u00f6ln","article_published_time":"2025-08-19T14:53:22+00:00","article_modified_time":"2025-08-19T14:55:12+00:00","og_image":[{"width":1371,"height":857,"url":"https:\/\/www.fuss-ev.de\/koeln\/wp-content\/uploads\/sites\/28\/2025\/08\/vote-9676018.jpg","type":"image\/jpeg"}],"author":"michaelgerloff","twitter_card":"summary_large_image","twitter_misc":{"Verfasst von":"michaelgerloff","Gesch\u00e4tzte Lesezeit":"2\u00a0Minuten"},"schema":{"@context":"https:\/\/schema.org","@graph":[{"@type":"Article","@id":"https:\/\/www.fuss-ev.de\/koeln\/kommunalwahl-2025-die-parteien-zum-fussverkehr\/#article","isPartOf":{"@id":"https:\/\/www.fuss-ev.de\/koeln\/kommunalwahl-2025-die-parteien-zum-fussverkehr\/"},"author":{"name":"michaelgerloff","@id":"https:\/\/www.fuss-ev.de\/koeln\/#\/schema\/person\/0b04c1251a96d6579fc4185df0506d61"},"headline":"Kommunalwahl 2025: Die Parteien zum Fu\u00dfverkehr","datePublished":"2025-08-19T14:53:22+00:00","dateModified":"2025-08-19T14:55:12+00:00","mainEntityOfPage":{"@id":"https:\/\/www.fuss-ev.de\/koeln\/kommunalwahl-2025-die-parteien-zum-fussverkehr\/"},"wordCount":277,"publisher":{"@id":"https:\/\/www.fuss-ev.de\/koeln\/#organization"},"image":{"@id":"https:\/\/www.fuss-ev.de\/koeln\/kommunalwahl-2025-die-parteien-zum-fussverkehr\/#primaryimage"},"thumbnailUrl":"https:\/\/www.fuss-ev.de\/koeln\/wp-content\/uploads\/sites\/28\/2025\/08\/vote-9676018.jpg","articleSection":["Aktuelles"],"inLanguage":"de"},{"@type":"WebPage","@id":"https:\/\/www.fuss-ev.de\/koeln\/kommunalwahl-2025-die-parteien-zum-fussverkehr\/","url":"https:\/\/www.fuss-ev.de\/koeln\/kommunalwahl-2025-die-parteien-zum-fussverkehr\/","name":"Kommunalwahl 2025: Die Parteien zum Fu\u00dfverkehr - FUSS e.V. K\u00f6ln","isPartOf":{"@id":"https:\/\/www.fuss-ev.de\/koeln\/#website"},"primaryImageOfPage":{"@id":"https:\/\/www.fuss-ev.de\/koeln\/kommunalwahl-2025-die-parteien-zum-fussverkehr\/#primaryimage"},"image":{"@id":"https:\/\/www.fuss-ev.de\/koeln\/kommunalwahl-2025-die-parteien-zum-fussverkehr\/#primaryimage"},"thumbnailUrl":"https:\/\/www.fuss-ev.de\/koeln\/wp-content\/uploads\/sites\/28\/2025\/08\/vote-9676018.jpg","datePublished":"2025-08-19T14:53:22+00:00","dateModified":"2025-08-19T14:55:12+00:00","breadcrumb":{"@id":"https:\/\/www.fuss-ev.de\/koeln\/kommunalwahl-2025-die-parteien-zum-fussverkehr\/#breadcrumb"},"inLanguage":"de","potentialAction":[{"@type":"ReadAction","target":["https:\/\/www.fuss-ev.de\/koeln\/kommunalwahl-2025-die-parteien-zum-fussverkehr\/"]}]},{"@type":"ImageObject","inLanguage":"de","@id":"https:\/\/www.fuss-ev.de\/koeln\/kommunalwahl-2025-die-parteien-zum-fussverkehr\/#primaryimage","url":"https:\/\/www.fuss-ev.de\/koeln\/wp-content\/uploads\/sites\/28\/2025\/08\/vote-9676018.jpg","contentUrl":"https:\/\/www.fuss-ev.de\/koeln\/wp-content\/uploads\/sites\/28\/2025\/08\/vote-9676018.jpg","width":1371,"height":857,"caption":"Im Vordergrund steckt jemand einen Wahlzettel in eine Wahlurne, im Hintergrund sind unscharf zwei Personen an einem Tisch sitzend zu sehen"},{"@type":"BreadcrumbList","@id":"https:\/\/www.fuss-ev.de\/koeln\/kommunalwahl-2025-die-parteien-zum-fussverkehr\/#breadcrumb","itemListElement":[{"@type":"ListItem","position":1,"name":"Startseite","item":"https:\/\/www.fuss-ev.de\/koeln\/"},{"@type":"ListItem","position":2,"name":"Kommunalwahl 2025: Die Parteien zum Fu\u00dfverkehr"}]},{"@type":"WebSite","@id":"https:\/\/www.fuss-ev.de\/koeln\/#website","url":"https:\/\/www.fuss-ev.de\/koeln\/","name":"FUSS e.V. K\u00f6ln","description":"Zu Fu\u00df durch K\u00f6ln \u2013 sicher und bequem!","publisher":{"@id":"https:\/\/www.fuss-ev.de\/koeln\/#organization"},"potentialAction":[{"@type":"SearchAction","target":{"@type":"EntryPoint","urlTemplate":"https:\/\/www.fuss-ev.de\/koeln\/?s={search_term_string}"},"query-input":{"@type":"PropertyValueSpecification","valueRequired":true,"valueName":"search_term_string"}}],"inLanguage":"de"},{"@type":"Organization","@id":"https:\/\/www.fuss-ev.de\/koeln\/#organization","name":"FUSS e.V. K\u00f6ln","url":"https:\/\/www.fuss-ev.de\/koeln\/","logo":{"@type":"ImageObject","inLanguage":"de","@id":"https:\/\/www.fuss-ev.de\/koeln\/#\/schema\/logo\/image\/","url":"https:\/\/www.fuss-ev.de\/koeln\/wp-content\/uploads\/sites\/28\/2025\/01\/FUSS_Logo.jpg","contentUrl":"https:\/\/www.fuss-ev.de\/koeln\/wp-content\/uploads\/sites\/28\/2025\/01\/FUSS_Logo.jpg","width":2082,"height":979,"caption":"FUSS e.V. K\u00f6ln"},"image":{"@id":"https:\/\/www.fuss-ev.de\/koeln\/#\/schema\/logo\/image\/"}},{"@type":"Person","@id":"https:\/\/www.fuss-ev.de\/koeln\/#\/schema\/person\/0b04c1251a96d6579fc4185df0506d61","name":"michaelgerloff","image":{"@type":"ImageObject","inLanguage":"de","@id":"https:\/\/secure.gravatar.com\/avatar\/133ed8d3167000e42e292cda00717660c6b797418b0c1cc1a67f5082247522e0?s=96&d=mm&r=g","url":"https:\/\/secure.gravatar.com\/avatar\/133ed8d3167000e42e292cda00717660c6b797418b0c1cc1a67f5082247522e0?s=96&d=mm&r=g","contentUrl":"https:\/\/secure.gravatar.com\/avatar\/133ed8d3167000e42e292cda00717660c6b797418b0c1cc1a67f5082247522e0?s=96&d=mm&r=g","caption":"michaelgerloff"},"url":"https:\/\/www.fuss-ev.de\/koeln\/author\/michaelgerloff\/"}]}},"publishpress_future_action":{"enabled":false,"date":"2026-05-07 09:21:01","action":"change-status","newStatus":"draft","terms":[],"taxonomy":"category","extraData":[]},"publishpress_future_workflow_manual_trigger":{"enabledWorkflows":[]},"_links":{"self":[{"href":"https:\/\/www.fuss-ev.de\/koeln\/wp-json\/wp\/v2\/posts\/4753","targetHints":{"allow":["GET"]}}],"collection":[{"href":"https:\/\/www.fuss-ev.de\/koeln\/wp-json\/wp\/v2\/posts"}],"about":[{"href":"https:\/\/www.fuss-ev.de\/koeln\/wp-json\/wp\/v2\/types\/post"}],"author":[{"embeddable":true,"href":"https:\/\/www.fuss-ev.de\/koeln\/wp-json\/wp\/v2\/users\/53"}],"replies":[{"embeddable":true,"href":"https:\/\/www.fuss-ev.de\/koeln\/wp-json\/wp\/v2\/comments?post=4753"}],"version-history":[{"count":9,"href":"https:\/\/www.fuss-ev.de\/koeln\/wp-json\/wp\/v2\/posts\/4753\/revisions"}],"predecessor-version":[{"id":4767,"href":"https:\/\/www.fuss-ev.de\/koeln\/wp-json\/wp\/v2\/posts\/4753\/revisions\/4767"}],"wp:featuredmedia":[{"embeddable":true,"href":"https:\/\/www.fuss-ev.de\/koeln\/wp-json\/wp\/v2\/media\/4756"}],"wp:attachment":[{"href":"https:\/\/www.fuss-ev.de\/koeln\/wp-json\/wp\/v2\/media?parent=4753"}],"wp:term":[{"taxonomy":"category","embeddable":true,"href":"https:\/\/www.fuss-ev.de\/koeln\/wp-json\/wp\/v2\/categories?post=4753"},{"taxonomy":"post_tag","embeddable":true,"href":"https:\/\/www.fuss-ev.de\/koeln\/wp-json\/wp\/v2\/tags?post=4753"}],"curies":[{"name":"wp","href":"https:\/\/api.w.org\/{rel}","templated":true}]}}