{"id":4728,"date":"2024-09-05T14:15:57","date_gmt":"2024-09-05T12:15:57","guid":{"rendered":"https:\/\/www.fuss-ev.de\/hannover\/?p=4728"},"modified":"2025-04-03T10:43:44","modified_gmt":"2025-04-03T08:43:44","slug":"pressemitteilung-maschpark-autofrei-buendnis-mein-maschpark-fordert-culemannweg-statt-culemannstrasse","status":"publish","type":"post","link":"https:\/\/www.fuss-ev.de\/hannover\/2024\/09\/05\/pressemitteilung-maschpark-autofrei-buendnis-mein-maschpark-fordert-culemannweg-statt-culemannstrasse\/","title":{"rendered":"Pressemitteilung: Maschpark autofrei &#8211; B\u00fcndnis \u201cmEin Maschpark\u201d fordert Culemannweg statt Culemannstra\u00dfe"},"content":{"rendered":"<div class=\"wpb-content-wrapper\"><p>[vc_row][vc_column][vc_column_text css=&#8221;&#8221;]<\/p>\n<div class=\"com-content-article__body\">\n<p style=\"text-align: right\">Hannover, 5. September 2024<\/p>\n<p><b>&#8211; Gemeinsame Pressemitteilung von ADFC, BUND, FUSS e.V., VCD &#8211;<\/b><\/p>\n<p>Das neu gegr\u00fcndete B\u00fcndnis \u201cmEin Maschpark\u201d fordert bei der geplanten, mit mehreren Millionen Euro aus Bundesmitteln gef\u00f6rderten Umgestaltung des Maschparks von vornherein auf Autoverkehr zu verzichten. <!--more--><\/p>\n<p>Ralf Mannstedt vom BUND f\u00fchrt aus: \u201cDer Maschpark in der Mitte Hannovers ist als Ort der Erholung und f\u00fcr Veranstaltungen angelegt. Er wurde um 1900 als erster kommunaler Park Hannovers geschaffen und reichte urspr\u00fcnglich im Westen bis an die Leine. Er erf\u00fcllt Aufgaben als Luftfilter, Temperaturregulator und Wasserspeicher.\u201d Kirsten Rohs vom VCD erg\u00e4nzt: \u201cDamit der Park seine Erholungsfunktion erf\u00fcllen kann, muss der Verkehr begrenzt werden. Fu\u00df- und Radverkehr funktionieren hier gut, Autoverkehr hingegen wird &#8211; gleich in welchem Umfang er stattfindet &#8211; immer zu starken Beeintr\u00e4chtigungen f\u00fchren\u201d.<\/p>\n<p>Den aktuell in der Diskussion befindlichen Kompromissvorschlag, der im Kern eine Auto-Einbahnstra\u00dfe auf der heutigen Culemannstra\u00dfe beinhaltet, sieht das B\u00fcndnis deshalb sehr kritisch. \u201cAuch eine Auto-Einbahnstra\u00dfe trennt beide Parkteile, schafft eine Barriere f\u00fcr den Fu\u00dfverkehr und bringt die bekannten Belastungen durch den Autoverkehr mit sich\u201d, so Paul Simons vom Fuss e.V. Und Dirk Hillbrecht erg\u00e4nzt f\u00fcr den ADFC Stadt Hannover: \u201cDer Maschpark ist eine attraktive Route f\u00fcr Menschen zwischen S\u00fcdstadt und Innenstadt. F\u00fcr den Radverkehr ist die gemeinsame F\u00fchrung mit dem Autoverkehr auf der Fahrbahn auf einer Durchgangsstra\u00dfe wie der Culemannstra\u00dfe unter Sicherheitsaspekten hochproblematisch. Der \u2018Kompromiss\u2019 einer Auto-Einbahnf\u00fchrung ist keine L\u00f6sung.\u201d<\/p>\n<p>Untersuchungen haben bereits gezeigt, dass die Culemannstra\u00dfe f\u00fcr das Stra\u00dfennetz der Stadt entbehrlich ist. Autofreiheit steigert die Aufenthaltsqualit\u00e4t im Park enorm. Die heutige Culemannstra\u00dfe, so fordert das B\u00fcndnis, soll deshalb autofrei werden und dann in \u201cCulemannweg\u201d umbenannt werden.<\/p>\n<p>Das B\u00fcndnis \u201cmEin Maschpark\u201d wird getragen von BUND Region Hannover, VCD Region Hannover, ADFC Stadt Hannover und FUSS e.V. Ortsgruppe Hannover.<\/p>\n<p><a href=\"http:\/\/www.meinmaschpark.de\">www.meinmaschpark.de<\/a><\/p>\n<p><strong>Bei R\u00fcckfragen:<\/strong><\/p>\n<p>Dirk Hillbrecht, ADFC Stadt Hannover, Tel. (0177) 423 59 13<a href=\"mailto:d.hillbrecht@adfc-hannover.de\">, d.hillbrecht@adfc-hannover.de<\/a><\/p>\n<p>Ralf Mannstedt, BUND Region Hannover, Tel. (0160) 904 313 09,\u00a0<a href=\"mailto:presse@bund-region-hannover.de\">presse@bund-region-hannover.de<\/a><\/p>\n<p>Paul Simons, FUSS e.V. Ortsgruppe Hannover, Tel: (0151) 115 21 511,\u00a0<a href=\"mailto:hannover@fuss-ev.de\">hannover@fuss-ev.de <\/a><\/p>\n<p>Thomas Schwartz, VCD Region Hannover, Tel. (0176) 66 62 82 92, <a href=\"mailto:hannover@vcd.org\">hannover@vcd.org<\/a><\/p>\n<\/div>\n<p>[\/vc_column_text][\/vc_column][\/vc_row]<\/p>\n<\/div>","protected":false},"excerpt":{"rendered":"<p>[vc_row][vc_column][vc_column_text css=&#8221;&#8221;] Hannover, 5. September 2024 &#8211; Gemeinsame Pressemitteilung von ADFC, BUND, FUSS e.V., VCD &#8211; Das neu gegr\u00fcndete B\u00fcndnis \u201cmEin Maschpark\u201d fordert bei der geplanten, mit mehreren Millionen Euro aus Bundesmitteln gef\u00f6rderten Umgestaltung des [&hellip;]<\/p>\n","protected":false},"author":36,"featured_media":4983,"comment_status":"closed","ping_status":"closed","sticky":false,"template":"","format":"standard","meta":{"_acf_changed":false,"_relevanssi_hide_post":"","_relevanssi_hide_content":"","_relevanssi_pin_for_all":"","_relevanssi_pin_keywords":"","_relevanssi_unpin_keywords":"","_relevanssi_related_keywords":"","_relevanssi_related_include_ids":"","_relevanssi_related_exclude_ids":"","_relevanssi_related_no_append":"","_relevanssi_related_not_related":"","_relevanssi_related_posts":"","_relevanssi_noindex_reason":"","inline_featured_image":false,"footnotes":""},"categories":[14,8,20,12],"tags":[18,15],"class_list":["post-4728","post","type-post","status-publish","format-standard","has-post-thumbnail","hentry","category-aktionen","category-aktuelles","category-kooperationen","category-presse","tag-aktionen","tag-presse"],"acf":[],"yoast_head":"<!-- This site is optimized with the Yoast SEO plugin v27.4 - https:\/\/yoast.com\/product\/yoast-seo-wordpress\/ -->\n<title>Pressemitteilung: Maschpark autofrei - B\u00fcndnis \u201cmEin Maschpark\u201d fordert Culemannweg statt Culemannstra\u00dfe - Hannover - FUSS e.V.<\/title>\n<meta name=\"robots\" content=\"index, follow, max-snippet:-1, max-image-preview:large, max-video-preview:-1\" \/>\n<link rel=\"canonical\" href=\"https:\/\/www.fuss-ev.de\/hannover\/2024\/09\/05\/pressemitteilung-maschpark-autofrei-buendnis-mein-maschpark-fordert-culemannweg-statt-culemannstrasse\/\" \/>\n<meta property=\"og:locale\" content=\"de_DE\" \/>\n<meta property=\"og:type\" content=\"article\" \/>\n<meta property=\"og:title\" content=\"Pressemitteilung: Maschpark autofrei - B\u00fcndnis \u201cmEin Maschpark\u201d fordert Culemannweg statt Culemannstra\u00dfe - Hannover - FUSS e.V.\" \/>\n<meta property=\"og:description\" content=\"[vc_row][vc_column][vc_column_text css=&#8221;&#8221;] Hannover, 5. September 2024 &#8211; Gemeinsame Pressemitteilung von ADFC, BUND, FUSS e.V., VCD &#8211; Das neu gegr\u00fcndete B\u00fcndnis \u201cmEin Maschpark\u201d fordert bei der geplanten, mit mehreren Millionen Euro aus Bundesmitteln gef\u00f6rderten Umgestaltung des [&hellip;]\" \/>\n<meta property=\"og:url\" content=\"https:\/\/www.fuss-ev.de\/hannover\/2024\/09\/05\/pressemitteilung-maschpark-autofrei-buendnis-mein-maschpark-fordert-culemannweg-statt-culemannstrasse\/\" \/>\n<meta property=\"og:site_name\" content=\"Hannover - FUSS e.V.\" \/>\n<meta property=\"article:published_time\" content=\"2024-09-05T12:15:57+00:00\" \/>\n<meta property=\"article:modified_time\" content=\"2025-04-03T08:43:44+00:00\" \/>\n<meta property=\"og:image\" content=\"https:\/\/www.fuss-ev.de\/hannover\/wp-content\/uploads\/sites\/12\/2025\/03\/w-Culemannstr-Maschpark.jpg\" \/>\n\t<meta property=\"og:image:width\" content=\"1000\" \/>\n\t<meta property=\"og:image:height\" content=\"563\" \/>\n\t<meta property=\"og:image:type\" content=\"image\/jpeg\" \/>\n<meta name=\"author\" content=\"oghannover\" \/>\n<meta name=\"twitter:card\" content=\"summary_large_image\" \/>\n<meta name=\"twitter:label1\" content=\"Verfasst von\" \/>\n\t<meta name=\"twitter:data1\" content=\"oghannover\" \/>\n\t<meta name=\"twitter:label2\" content=\"Gesch\u00e4tzte Lesezeit\" \/>\n\t<meta name=\"twitter:data2\" content=\"2\u00a0Minuten\" \/>\n<script type=\"application\/ld+json\" class=\"yoast-schema-graph\">{\"@context\":\"https:\\\/\\\/schema.org\",\"@graph\":[{\"@type\":\"Article\",\"@id\":\"https:\\\/\\\/www.fuss-ev.de\\\/hannover\\\/2024\\\/09\\\/05\\\/pressemitteilung-maschpark-autofrei-buendnis-mein-maschpark-fordert-culemannweg-statt-culemannstrasse\\\/#article\",\"isPartOf\":{\"@id\":\"https:\\\/\\\/www.fuss-ev.de\\\/hannover\\\/2024\\\/09\\\/05\\\/pressemitteilung-maschpark-autofrei-buendnis-mein-maschpark-fordert-culemannweg-statt-culemannstrasse\\\/\"},\"author\":{\"name\":\"oghannover\",\"@id\":\"https:\\\/\\\/www.fuss-ev.de\\\/hannover\\\/#\\\/schema\\\/person\\\/e7333d3374269b0b0705997597bdc141\"},\"headline\":\"Pressemitteilung: Maschpark autofrei &#8211; B\u00fcndnis \u201cmEin Maschpark\u201d fordert Culemannweg statt Culemannstra\u00dfe\",\"datePublished\":\"2024-09-05T12:15:57+00:00\",\"dateModified\":\"2025-04-03T08:43:44+00:00\",\"mainEntityOfPage\":{\"@id\":\"https:\\\/\\\/www.fuss-ev.de\\\/hannover\\\/2024\\\/09\\\/05\\\/pressemitteilung-maschpark-autofrei-buendnis-mein-maschpark-fordert-culemannweg-statt-culemannstrasse\\\/\"},\"wordCount\":395,\"publisher\":{\"@id\":\"https:\\\/\\\/www.fuss-ev.de\\\/hannover\\\/#organization\"},\"image\":{\"@id\":\"https:\\\/\\\/www.fuss-ev.de\\\/hannover\\\/2024\\\/09\\\/05\\\/pressemitteilung-maschpark-autofrei-buendnis-mein-maschpark-fordert-culemannweg-statt-culemannstrasse\\\/#primaryimage\"},\"thumbnailUrl\":\"https:\\\/\\\/www.fuss-ev.de\\\/hannover\\\/wp-content\\\/uploads\\\/sites\\\/12\\\/2025\\\/03\\\/w-Culemannstr-Maschpark.jpg\",\"keywords\":[\"Aktionen\",\"Presse\"],\"articleSection\":[\"Aktionen\",\"Aktuelles\",\"Kooperationen\",\"Presse\"],\"inLanguage\":\"de\"},{\"@type\":\"WebPage\",\"@id\":\"https:\\\/\\\/www.fuss-ev.de\\\/hannover\\\/2024\\\/09\\\/05\\\/pressemitteilung-maschpark-autofrei-buendnis-mein-maschpark-fordert-culemannweg-statt-culemannstrasse\\\/\",\"url\":\"https:\\\/\\\/www.fuss-ev.de\\\/hannover\\\/2024\\\/09\\\/05\\\/pressemitteilung-maschpark-autofrei-buendnis-mein-maschpark-fordert-culemannweg-statt-culemannstrasse\\\/\",\"name\":\"Pressemitteilung: Maschpark autofrei - B\u00fcndnis \u201cmEin Maschpark\u201d fordert Culemannweg statt Culemannstra\u00dfe - Hannover - FUSS e.V.\",\"isPartOf\":{\"@id\":\"https:\\\/\\\/www.fuss-ev.de\\\/hannover\\\/#website\"},\"primaryImageOfPage\":{\"@id\":\"https:\\\/\\\/www.fuss-ev.de\\\/hannover\\\/2024\\\/09\\\/05\\\/pressemitteilung-maschpark-autofrei-buendnis-mein-maschpark-fordert-culemannweg-statt-culemannstrasse\\\/#primaryimage\"},\"image\":{\"@id\":\"https:\\\/\\\/www.fuss-ev.de\\\/hannover\\\/2024\\\/09\\\/05\\\/pressemitteilung-maschpark-autofrei-buendnis-mein-maschpark-fordert-culemannweg-statt-culemannstrasse\\\/#primaryimage\"},\"thumbnailUrl\":\"https:\\\/\\\/www.fuss-ev.de\\\/hannover\\\/wp-content\\\/uploads\\\/sites\\\/12\\\/2025\\\/03\\\/w-Culemannstr-Maschpark.jpg\",\"datePublished\":\"2024-09-05T12:15:57+00:00\",\"dateModified\":\"2025-04-03T08:43:44+00:00\",\"breadcrumb\":{\"@id\":\"https:\\\/\\\/www.fuss-ev.de\\\/hannover\\\/2024\\\/09\\\/05\\\/pressemitteilung-maschpark-autofrei-buendnis-mein-maschpark-fordert-culemannweg-statt-culemannstrasse\\\/#breadcrumb\"},\"inLanguage\":\"de\",\"potentialAction\":[{\"@type\":\"ReadAction\",\"target\":[\"https:\\\/\\\/www.fuss-ev.de\\\/hannover\\\/2024\\\/09\\\/05\\\/pressemitteilung-maschpark-autofrei-buendnis-mein-maschpark-fordert-culemannweg-statt-culemannstrasse\\\/\"]}]},{\"@type\":\"ImageObject\",\"inLanguage\":\"de\",\"@id\":\"https:\\\/\\\/www.fuss-ev.de\\\/hannover\\\/2024\\\/09\\\/05\\\/pressemitteilung-maschpark-autofrei-buendnis-mein-maschpark-fordert-culemannweg-statt-culemannstrasse\\\/#primaryimage\",\"url\":\"https:\\\/\\\/www.fuss-ev.de\\\/hannover\\\/wp-content\\\/uploads\\\/sites\\\/12\\\/2025\\\/03\\\/w-Culemannstr-Maschpark.jpg\",\"contentUrl\":\"https:\\\/\\\/www.fuss-ev.de\\\/hannover\\\/wp-content\\\/uploads\\\/sites\\\/12\\\/2025\\\/03\\\/w-Culemannstr-Maschpark.jpg\",\"width\":1000,\"height\":563,\"caption\":\"Foto von der Culemannstr. in Hannover\"},{\"@type\":\"BreadcrumbList\",\"@id\":\"https:\\\/\\\/www.fuss-ev.de\\\/hannover\\\/2024\\\/09\\\/05\\\/pressemitteilung-maschpark-autofrei-buendnis-mein-maschpark-fordert-culemannweg-statt-culemannstrasse\\\/#breadcrumb\",\"itemListElement\":[{\"@type\":\"ListItem\",\"position\":1,\"name\":\"Startseite\",\"item\":\"https:\\\/\\\/www.fuss-ev.de\\\/hannover\\\/\"},{\"@type\":\"ListItem\",\"position\":2,\"name\":\"Pressemitteilung: Maschpark autofrei &#8211; B\u00fcndnis \u201cmEin Maschpark\u201d fordert Culemannweg statt Culemannstra\u00dfe\"}]},{\"@type\":\"WebSite\",\"@id\":\"https:\\\/\\\/www.fuss-ev.de\\\/hannover\\\/#website\",\"url\":\"https:\\\/\\\/www.fuss-ev.de\\\/hannover\\\/\",\"name\":\"Hannover - FUSS e.V.\",\"description\":\"\",\"publisher\":{\"@id\":\"https:\\\/\\\/www.fuss-ev.de\\\/hannover\\\/#organization\"},\"potentialAction\":[{\"@type\":\"SearchAction\",\"target\":{\"@type\":\"EntryPoint\",\"urlTemplate\":\"https:\\\/\\\/www.fuss-ev.de\\\/hannover\\\/?s={search_term_string}\"},\"query-input\":{\"@type\":\"PropertyValueSpecification\",\"valueRequired\":true,\"valueName\":\"search_term_string\"}}],\"inLanguage\":\"de\"},{\"@type\":\"Organization\",\"@id\":\"https:\\\/\\\/www.fuss-ev.de\\\/hannover\\\/#organization\",\"name\":\"Hannover - FUSS e.V.\",\"url\":\"https:\\\/\\\/www.fuss-ev.de\\\/hannover\\\/\",\"logo\":{\"@type\":\"ImageObject\",\"inLanguage\":\"de\",\"@id\":\"https:\\\/\\\/www.fuss-ev.de\\\/hannover\\\/#\\\/schema\\\/logo\\\/image\\\/\",\"url\":\"https:\\\/\\\/www.fuss-ev.de\\\/hannover\\\/wp-content\\\/uploads\\\/sites\\\/12\\\/2025\\\/03\\\/cropped-Logo-Fuss-e-V-Hannover-klein.jpg\",\"contentUrl\":\"https:\\\/\\\/www.fuss-ev.de\\\/hannover\\\/wp-content\\\/uploads\\\/sites\\\/12\\\/2025\\\/03\\\/cropped-Logo-Fuss-e-V-Hannover-klein.jpg\",\"width\":375,\"height\":138,\"caption\":\"Hannover - FUSS e.V.\"},\"image\":{\"@id\":\"https:\\\/\\\/www.fuss-ev.de\\\/hannover\\\/#\\\/schema\\\/logo\\\/image\\\/\"}},{\"@type\":\"Person\",\"@id\":\"https:\\\/\\\/www.fuss-ev.de\\\/hannover\\\/#\\\/schema\\\/person\\\/e7333d3374269b0b0705997597bdc141\",\"name\":\"oghannover\",\"image\":{\"@type\":\"ImageObject\",\"inLanguage\":\"de\",\"@id\":\"https:\\\/\\\/secure.gravatar.com\\\/avatar\\\/3f3b011acc39448fe7eb8c65296c301545882ad446fc7617eaaba7c2cb9044b0?s=96&d=mm&r=g\",\"url\":\"https:\\\/\\\/secure.gravatar.com\\\/avatar\\\/3f3b011acc39448fe7eb8c65296c301545882ad446fc7617eaaba7c2cb9044b0?s=96&d=mm&r=g\",\"contentUrl\":\"https:\\\/\\\/secure.gravatar.com\\\/avatar\\\/3f3b011acc39448fe7eb8c65296c301545882ad446fc7617eaaba7c2cb9044b0?s=96&d=mm&r=g\",\"caption\":\"oghannover\"},\"url\":\"https:\\\/\\\/www.fuss-ev.de\\\/hannover\\\/author\\\/oghannover\\\/\"}]}<\/script>\n<!-- \/ Yoast SEO plugin. -->","yoast_head_json":{"title":"Pressemitteilung: Maschpark autofrei - B\u00fcndnis \u201cmEin Maschpark\u201d fordert Culemannweg statt Culemannstra\u00dfe - Hannover - FUSS e.V.","robots":{"index":"index","follow":"follow","max-snippet":"max-snippet:-1","max-image-preview":"max-image-preview:large","max-video-preview":"max-video-preview:-1"},"canonical":"https:\/\/www.fuss-ev.de\/hannover\/2024\/09\/05\/pressemitteilung-maschpark-autofrei-buendnis-mein-maschpark-fordert-culemannweg-statt-culemannstrasse\/","og_locale":"de_DE","og_type":"article","og_title":"Pressemitteilung: Maschpark autofrei - B\u00fcndnis \u201cmEin Maschpark\u201d fordert Culemannweg statt Culemannstra\u00dfe - Hannover - FUSS e.V.","og_description":"[vc_row][vc_column][vc_column_text css=&#8221;&#8221;] Hannover, 5. September 2024 &#8211; Gemeinsame Pressemitteilung von ADFC, BUND, FUSS e.V., VCD &#8211; Das neu gegr\u00fcndete B\u00fcndnis \u201cmEin Maschpark\u201d fordert bei der geplanten, mit mehreren Millionen Euro aus Bundesmitteln gef\u00f6rderten Umgestaltung des [&hellip;]","og_url":"https:\/\/www.fuss-ev.de\/hannover\/2024\/09\/05\/pressemitteilung-maschpark-autofrei-buendnis-mein-maschpark-fordert-culemannweg-statt-culemannstrasse\/","og_site_name":"Hannover - FUSS e.V.","article_published_time":"2024-09-05T12:15:57+00:00","article_modified_time":"2025-04-03T08:43:44+00:00","og_image":[{"width":1000,"height":563,"url":"https:\/\/www.fuss-ev.de\/hannover\/wp-content\/uploads\/sites\/12\/2025\/03\/w-Culemannstr-Maschpark.jpg","type":"image\/jpeg"}],"author":"oghannover","twitter_card":"summary_large_image","twitter_misc":{"Verfasst von":"oghannover","Gesch\u00e4tzte Lesezeit":"2\u00a0Minuten"},"schema":{"@context":"https:\/\/schema.org","@graph":[{"@type":"Article","@id":"https:\/\/www.fuss-ev.de\/hannover\/2024\/09\/05\/pressemitteilung-maschpark-autofrei-buendnis-mein-maschpark-fordert-culemannweg-statt-culemannstrasse\/#article","isPartOf":{"@id":"https:\/\/www.fuss-ev.de\/hannover\/2024\/09\/05\/pressemitteilung-maschpark-autofrei-buendnis-mein-maschpark-fordert-culemannweg-statt-culemannstrasse\/"},"author":{"name":"oghannover","@id":"https:\/\/www.fuss-ev.de\/hannover\/#\/schema\/person\/e7333d3374269b0b0705997597bdc141"},"headline":"Pressemitteilung: Maschpark autofrei &#8211; B\u00fcndnis \u201cmEin Maschpark\u201d fordert Culemannweg statt Culemannstra\u00dfe","datePublished":"2024-09-05T12:15:57+00:00","dateModified":"2025-04-03T08:43:44+00:00","mainEntityOfPage":{"@id":"https:\/\/www.fuss-ev.de\/hannover\/2024\/09\/05\/pressemitteilung-maschpark-autofrei-buendnis-mein-maschpark-fordert-culemannweg-statt-culemannstrasse\/"},"wordCount":395,"publisher":{"@id":"https:\/\/www.fuss-ev.de\/hannover\/#organization"},"image":{"@id":"https:\/\/www.fuss-ev.de\/hannover\/2024\/09\/05\/pressemitteilung-maschpark-autofrei-buendnis-mein-maschpark-fordert-culemannweg-statt-culemannstrasse\/#primaryimage"},"thumbnailUrl":"https:\/\/www.fuss-ev.de\/hannover\/wp-content\/uploads\/sites\/12\/2025\/03\/w-Culemannstr-Maschpark.jpg","keywords":["Aktionen","Presse"],"articleSection":["Aktionen","Aktuelles","Kooperationen","Presse"],"inLanguage":"de"},{"@type":"WebPage","@id":"https:\/\/www.fuss-ev.de\/hannover\/2024\/09\/05\/pressemitteilung-maschpark-autofrei-buendnis-mein-maschpark-fordert-culemannweg-statt-culemannstrasse\/","url":"https:\/\/www.fuss-ev.de\/hannover\/2024\/09\/05\/pressemitteilung-maschpark-autofrei-buendnis-mein-maschpark-fordert-culemannweg-statt-culemannstrasse\/","name":"Pressemitteilung: Maschpark autofrei - B\u00fcndnis \u201cmEin Maschpark\u201d fordert Culemannweg statt Culemannstra\u00dfe - Hannover - FUSS e.V.","isPartOf":{"@id":"https:\/\/www.fuss-ev.de\/hannover\/#website"},"primaryImageOfPage":{"@id":"https:\/\/www.fuss-ev.de\/hannover\/2024\/09\/05\/pressemitteilung-maschpark-autofrei-buendnis-mein-maschpark-fordert-culemannweg-statt-culemannstrasse\/#primaryimage"},"image":{"@id":"https:\/\/www.fuss-ev.de\/hannover\/2024\/09\/05\/pressemitteilung-maschpark-autofrei-buendnis-mein-maschpark-fordert-culemannweg-statt-culemannstrasse\/#primaryimage"},"thumbnailUrl":"https:\/\/www.fuss-ev.de\/hannover\/wp-content\/uploads\/sites\/12\/2025\/03\/w-Culemannstr-Maschpark.jpg","datePublished":"2024-09-05T12:15:57+00:00","dateModified":"2025-04-03T08:43:44+00:00","breadcrumb":{"@id":"https:\/\/www.fuss-ev.de\/hannover\/2024\/09\/05\/pressemitteilung-maschpark-autofrei-buendnis-mein-maschpark-fordert-culemannweg-statt-culemannstrasse\/#breadcrumb"},"inLanguage":"de","potentialAction":[{"@type":"ReadAction","target":["https:\/\/www.fuss-ev.de\/hannover\/2024\/09\/05\/pressemitteilung-maschpark-autofrei-buendnis-mein-maschpark-fordert-culemannweg-statt-culemannstrasse\/"]}]},{"@type":"ImageObject","inLanguage":"de","@id":"https:\/\/www.fuss-ev.de\/hannover\/2024\/09\/05\/pressemitteilung-maschpark-autofrei-buendnis-mein-maschpark-fordert-culemannweg-statt-culemannstrasse\/#primaryimage","url":"https:\/\/www.fuss-ev.de\/hannover\/wp-content\/uploads\/sites\/12\/2025\/03\/w-Culemannstr-Maschpark.jpg","contentUrl":"https:\/\/www.fuss-ev.de\/hannover\/wp-content\/uploads\/sites\/12\/2025\/03\/w-Culemannstr-Maschpark.jpg","width":1000,"height":563,"caption":"Foto von der Culemannstr. in Hannover"},{"@type":"BreadcrumbList","@id":"https:\/\/www.fuss-ev.de\/hannover\/2024\/09\/05\/pressemitteilung-maschpark-autofrei-buendnis-mein-maschpark-fordert-culemannweg-statt-culemannstrasse\/#breadcrumb","itemListElement":[{"@type":"ListItem","position":1,"name":"Startseite","item":"https:\/\/www.fuss-ev.de\/hannover\/"},{"@type":"ListItem","position":2,"name":"Pressemitteilung: Maschpark autofrei &#8211; B\u00fcndnis \u201cmEin Maschpark\u201d fordert Culemannweg statt Culemannstra\u00dfe"}]},{"@type":"WebSite","@id":"https:\/\/www.fuss-ev.de\/hannover\/#website","url":"https:\/\/www.fuss-ev.de\/hannover\/","name":"Hannover - FUSS e.V.","description":"","publisher":{"@id":"https:\/\/www.fuss-ev.de\/hannover\/#organization"},"potentialAction":[{"@type":"SearchAction","target":{"@type":"EntryPoint","urlTemplate":"https:\/\/www.fuss-ev.de\/hannover\/?s={search_term_string}"},"query-input":{"@type":"PropertyValueSpecification","valueRequired":true,"valueName":"search_term_string"}}],"inLanguage":"de"},{"@type":"Organization","@id":"https:\/\/www.fuss-ev.de\/hannover\/#organization","name":"Hannover - FUSS e.V.","url":"https:\/\/www.fuss-ev.de\/hannover\/","logo":{"@type":"ImageObject","inLanguage":"de","@id":"https:\/\/www.fuss-ev.de\/hannover\/#\/schema\/logo\/image\/","url":"https:\/\/www.fuss-ev.de\/hannover\/wp-content\/uploads\/sites\/12\/2025\/03\/cropped-Logo-Fuss-e-V-Hannover-klein.jpg","contentUrl":"https:\/\/www.fuss-ev.de\/hannover\/wp-content\/uploads\/sites\/12\/2025\/03\/cropped-Logo-Fuss-e-V-Hannover-klein.jpg","width":375,"height":138,"caption":"Hannover - FUSS e.V."},"image":{"@id":"https:\/\/www.fuss-ev.de\/hannover\/#\/schema\/logo\/image\/"}},{"@type":"Person","@id":"https:\/\/www.fuss-ev.de\/hannover\/#\/schema\/person\/e7333d3374269b0b0705997597bdc141","name":"oghannover","image":{"@type":"ImageObject","inLanguage":"de","@id":"https:\/\/secure.gravatar.com\/avatar\/3f3b011acc39448fe7eb8c65296c301545882ad446fc7617eaaba7c2cb9044b0?s=96&d=mm&r=g","url":"https:\/\/secure.gravatar.com\/avatar\/3f3b011acc39448fe7eb8c65296c301545882ad446fc7617eaaba7c2cb9044b0?s=96&d=mm&r=g","contentUrl":"https:\/\/secure.gravatar.com\/avatar\/3f3b011acc39448fe7eb8c65296c301545882ad446fc7617eaaba7c2cb9044b0?s=96&d=mm&r=g","caption":"oghannover"},"url":"https:\/\/www.fuss-ev.de\/hannover\/author\/oghannover\/"}]}},"publishpress_future_action":{"enabled":false,"date":"2026-05-04 16:29:43","action":"change-status","newStatus":"draft","terms":[],"taxonomy":"category","extraData":[]},"publishpress_future_workflow_manual_trigger":{"enabledWorkflows":[]},"_links":{"self":[{"href":"https:\/\/www.fuss-ev.de\/hannover\/wp-json\/wp\/v2\/posts\/4728","targetHints":{"allow":["GET"]}}],"collection":[{"href":"https:\/\/www.fuss-ev.de\/hannover\/wp-json\/wp\/v2\/posts"}],"about":[{"href":"https:\/\/www.fuss-ev.de\/hannover\/wp-json\/wp\/v2\/types\/post"}],"author":[{"embeddable":true,"href":"https:\/\/www.fuss-ev.de\/hannover\/wp-json\/wp\/v2\/users\/36"}],"replies":[{"embeddable":true,"href":"https:\/\/www.fuss-ev.de\/hannover\/wp-json\/wp\/v2\/comments?post=4728"}],"version-history":[{"count":12,"href":"https:\/\/www.fuss-ev.de\/hannover\/wp-json\/wp\/v2\/posts\/4728\/revisions"}],"predecessor-version":[{"id":5113,"href":"https:\/\/www.fuss-ev.de\/hannover\/wp-json\/wp\/v2\/posts\/4728\/revisions\/5113"}],"wp:featuredmedia":[{"embeddable":true,"href":"https:\/\/www.fuss-ev.de\/hannover\/wp-json\/wp\/v2\/media\/4983"}],"wp:attachment":[{"href":"https:\/\/www.fuss-ev.de\/hannover\/wp-json\/wp\/v2\/media?parent=4728"}],"wp:term":[{"taxonomy":"category","embeddable":true,"href":"https:\/\/www.fuss-ev.de\/hannover\/wp-json\/wp\/v2\/categories?post=4728"},{"taxonomy":"post_tag","embeddable":true,"href":"https:\/\/www.fuss-ev.de\/hannover\/wp-json\/wp\/v2\/tags?post=4728"}],"curies":[{"name":"wp","href":"https:\/\/api.w.org\/{rel}","templated":true}]}}