{"id":5818,"date":"2026-02-22T12:08:20","date_gmt":"2026-02-22T11:08:20","guid":{"rendered":"https:\/\/www.fuss-ev.de\/berlin\/?p=5818"},"modified":"2026-02-22T12:10:26","modified_gmt":"2026-02-22T11:10:26","slug":"gehwegpoller-im-blick-und-im-weg-spaziergang-leber-und-naumannstrasse","status":"publish","type":"post","link":"https:\/\/www.fuss-ev.de\/berlin\/2026\/02\/22\/gehwegpoller-im-blick-und-im-weg-spaziergang-leber-und-naumannstrasse\/","title":{"rendered":"Gehwegpoller  im Blick und im Weg &#8211; Spaziergang Leber- und Naumannstra\u00dfe"},"content":{"rendered":"<p>Der Kiezspaziergang am 15. Februar 2026 in der Leberstra\u00dfe und Naumannstra\u00dfe wurde von der Senior:innenvertretung Tempelhof-Sch\u00f6neberg unterst\u00fctzt.<\/p>\n<p>Ein Zitat aus der umfangreichen Foto-Dokumentation: Auf den Gehwegen der Wohnstra\u00dfen sind bei Einfahrten oft Poller gesetzt worden, deren Sinn sich niemanden mehr erschlie\u00dft.\u00a0 Faktisch behindern sie den Fu\u00dfverkehr und sind weil sie sich grau in grau nicht von den Gehwegplatten abheben vor allem f\u00fcr Menschen mit Behinderungen ein \u00fcberraschendes und zum Teil schmerzhaftes Hindernis. In den Abend- und Nachtstunden wegen der in der Regel schlechten Lichtverh\u00e4ltnisse auf den Gehwegen gilt dies auch f\u00fcr die anderen Menschen. Im Rahmen einer Fu\u00dfverkehrsstrategie, die den Fu\u00dfverkehr auf Augenh\u00f6he mit den anderen Verkehrsteilnehmern heben will, geh\u00f6ren diese Hindernisse abgebaut.<\/p>\n<p><strong><a href=\"https:\/\/www.fuss-ev.de\/berlin\/wp-content\/uploads\/sites\/6\/2026\/02\/2026-02-15_Gehwegpoller-im-Blick-und-im-Weg.pdf\" target=\"_blank\" rel=\"noopener\">Die Foto-Dokumentation mit vielen Hinweisen zu den einzelnen Standorten findet ihr hier in einer pdf-Datei.<\/a><\/strong><\/p>\n","protected":false},"excerpt":{"rendered":"<p>Der Kiezspaziergang am 15. Februar 2026 in der Leberstra\u00dfe und Naumannstra\u00dfe wurde von der Senior:innenvertretung Tempelhof-Sch\u00f6neberg unterst\u00fctzt. Ein Zitat aus der umfangreichen Foto-Dokumentation: Auf den Gehwegen der Wohnstra\u00dfen sind bei Einfahrten oft Poller gesetzt worden, [&hellip;]<\/p>\n","protected":false},"author":57,"featured_media":5822,"comment_status":"open","ping_status":"open","sticky":false,"template":"","format":"standard","meta":{"_acf_changed":false,"_relevanssi_hide_post":"","_relevanssi_hide_content":"","_relevanssi_pin_for_all":"","_relevanssi_pin_keywords":"","_relevanssi_unpin_keywords":"","_relevanssi_related_keywords":"","_relevanssi_related_include_ids":"","_relevanssi_related_exclude_ids":"","_relevanssi_related_no_append":"","_relevanssi_related_not_related":"","_relevanssi_related_posts":"","_relevanssi_noindex_reason":"","footnotes":""},"categories":[23,22],"tags":[],"class_list":["post-5818","post","type-post","status-publish","format-standard","has-post-thumbnail","hentry","category-spaziergaenge-ts","category-tempelhof-schoeneberg"],"acf":[],"yoast_head":"<!-- This site is optimized with the Yoast SEO plugin v27.4 - https:\/\/yoast.com\/product\/yoast-seo-wordpress\/ -->\n<title>Gehwegpoller im Blick und im Weg - Spaziergang Leber- und Naumannstra\u00dfe - Berlin - FUSS e.V.<\/title>\n<meta name=\"robots\" content=\"index, follow, max-snippet:-1, max-image-preview:large, max-video-preview:-1\" \/>\n<link rel=\"canonical\" href=\"https:\/\/www.fuss-ev.de\/berlin\/2026\/02\/22\/gehwegpoller-im-blick-und-im-weg-spaziergang-leber-und-naumannstrasse\/\" \/>\n<meta property=\"og:locale\" content=\"de_DE\" \/>\n<meta property=\"og:type\" content=\"article\" \/>\n<meta property=\"og:title\" content=\"Gehwegpoller im Blick und im Weg - Spaziergang Leber- und Naumannstra\u00dfe - Berlin - FUSS e.V.\" \/>\n<meta property=\"og:description\" content=\"Der Kiezspaziergang am 15. Februar 2026 in der Leberstra\u00dfe und Naumannstra\u00dfe wurde von der Senior:innenvertretung Tempelhof-Sch\u00f6neberg unterst\u00fctzt. Ein Zitat aus der umfangreichen Foto-Dokumentation: Auf den Gehwegen der Wohnstra\u00dfen sind bei Einfahrten oft Poller gesetzt worden, [&hellip;]\" \/>\n<meta property=\"og:url\" content=\"https:\/\/www.fuss-ev.de\/berlin\/2026\/02\/22\/gehwegpoller-im-blick-und-im-weg-spaziergang-leber-und-naumannstrasse\/\" \/>\n<meta property=\"og:site_name\" content=\"Berlin - FUSS e.V.\" \/>\n<meta property=\"article:published_time\" content=\"2026-02-22T11:08:20+00:00\" \/>\n<meta property=\"article:modified_time\" content=\"2026-02-22T11:10:26+00:00\" \/>\n<meta property=\"og:image\" content=\"https:\/\/www.fuss-ev.de\/berlin\/wp-content\/uploads\/sites\/6\/2026\/02\/Gehwegpoller.png\" \/>\n\t<meta property=\"og:image:width\" content=\"564\" \/>\n\t<meta property=\"og:image:height\" content=\"495\" \/>\n\t<meta property=\"og:image:type\" content=\"image\/png\" \/>\n<meta name=\"author\" content=\"danielaschachtts\" \/>\n<meta name=\"twitter:card\" content=\"summary_large_image\" \/>\n<meta name=\"twitter:label1\" content=\"Verfasst von\" \/>\n\t<meta name=\"twitter:data1\" content=\"danielaschachtts\" \/>\n\t<meta name=\"twitter:label2\" content=\"Gesch\u00e4tzte Lesezeit\" \/>\n\t<meta name=\"twitter:data2\" content=\"1\u00a0Minute\" \/>\n<script type=\"application\/ld+json\" class=\"yoast-schema-graph\">{\"@context\":\"https:\\\/\\\/schema.org\",\"@graph\":[{\"@type\":\"Article\",\"@id\":\"https:\\\/\\\/www.fuss-ev.de\\\/berlin\\\/2026\\\/02\\\/22\\\/gehwegpoller-im-blick-und-im-weg-spaziergang-leber-und-naumannstrasse\\\/#article\",\"isPartOf\":{\"@id\":\"https:\\\/\\\/www.fuss-ev.de\\\/berlin\\\/2026\\\/02\\\/22\\\/gehwegpoller-im-blick-und-im-weg-spaziergang-leber-und-naumannstrasse\\\/\"},\"author\":{\"name\":\"danielaschachtts\",\"@id\":\"https:\\\/\\\/www.fuss-ev.de\\\/berlin\\\/#\\\/schema\\\/person\\\/bb87bc727af9670a7740dbe9ac3e509a\"},\"headline\":\"Gehwegpoller im Blick und im Weg &#8211; Spaziergang Leber- und Naumannstra\u00dfe\",\"datePublished\":\"2026-02-22T11:08:20+00:00\",\"dateModified\":\"2026-02-22T11:10:26+00:00\",\"mainEntityOfPage\":{\"@id\":\"https:\\\/\\\/www.fuss-ev.de\\\/berlin\\\/2026\\\/02\\\/22\\\/gehwegpoller-im-blick-und-im-weg-spaziergang-leber-und-naumannstrasse\\\/\"},\"wordCount\":153,\"commentCount\":0,\"publisher\":{\"@id\":\"https:\\\/\\\/www.fuss-ev.de\\\/berlin\\\/#organization\"},\"image\":{\"@id\":\"https:\\\/\\\/www.fuss-ev.de\\\/berlin\\\/2026\\\/02\\\/22\\\/gehwegpoller-im-blick-und-im-weg-spaziergang-leber-und-naumannstrasse\\\/#primaryimage\"},\"thumbnailUrl\":\"https:\\\/\\\/www.fuss-ev.de\\\/berlin\\\/wp-content\\\/uploads\\\/sites\\\/6\\\/2026\\\/02\\\/Gehwegpoller.png\",\"articleSection\":[\"Spazierg\u00e4nge-TS\",\"Tempelhof-Sch\u00f6neberg\"],\"inLanguage\":\"de\",\"potentialAction\":[{\"@type\":\"CommentAction\",\"name\":\"Comment\",\"target\":[\"https:\\\/\\\/www.fuss-ev.de\\\/berlin\\\/2026\\\/02\\\/22\\\/gehwegpoller-im-blick-und-im-weg-spaziergang-leber-und-naumannstrasse\\\/#respond\"]}]},{\"@type\":\"WebPage\",\"@id\":\"https:\\\/\\\/www.fuss-ev.de\\\/berlin\\\/2026\\\/02\\\/22\\\/gehwegpoller-im-blick-und-im-weg-spaziergang-leber-und-naumannstrasse\\\/\",\"url\":\"https:\\\/\\\/www.fuss-ev.de\\\/berlin\\\/2026\\\/02\\\/22\\\/gehwegpoller-im-blick-und-im-weg-spaziergang-leber-und-naumannstrasse\\\/\",\"name\":\"Gehwegpoller im Blick und im Weg - Spaziergang Leber- und Naumannstra\u00dfe - Berlin - FUSS e.V.\",\"isPartOf\":{\"@id\":\"https:\\\/\\\/www.fuss-ev.de\\\/berlin\\\/#website\"},\"primaryImageOfPage\":{\"@id\":\"https:\\\/\\\/www.fuss-ev.de\\\/berlin\\\/2026\\\/02\\\/22\\\/gehwegpoller-im-blick-und-im-weg-spaziergang-leber-und-naumannstrasse\\\/#primaryimage\"},\"image\":{\"@id\":\"https:\\\/\\\/www.fuss-ev.de\\\/berlin\\\/2026\\\/02\\\/22\\\/gehwegpoller-im-blick-und-im-weg-spaziergang-leber-und-naumannstrasse\\\/#primaryimage\"},\"thumbnailUrl\":\"https:\\\/\\\/www.fuss-ev.de\\\/berlin\\\/wp-content\\\/uploads\\\/sites\\\/6\\\/2026\\\/02\\\/Gehwegpoller.png\",\"datePublished\":\"2026-02-22T11:08:20+00:00\",\"dateModified\":\"2026-02-22T11:10:26+00:00\",\"breadcrumb\":{\"@id\":\"https:\\\/\\\/www.fuss-ev.de\\\/berlin\\\/2026\\\/02\\\/22\\\/gehwegpoller-im-blick-und-im-weg-spaziergang-leber-und-naumannstrasse\\\/#breadcrumb\"},\"inLanguage\":\"de\",\"potentialAction\":[{\"@type\":\"ReadAction\",\"target\":[\"https:\\\/\\\/www.fuss-ev.de\\\/berlin\\\/2026\\\/02\\\/22\\\/gehwegpoller-im-blick-und-im-weg-spaziergang-leber-und-naumannstrasse\\\/\"]}]},{\"@type\":\"ImageObject\",\"inLanguage\":\"de\",\"@id\":\"https:\\\/\\\/www.fuss-ev.de\\\/berlin\\\/2026\\\/02\\\/22\\\/gehwegpoller-im-blick-und-im-weg-spaziergang-leber-und-naumannstrasse\\\/#primaryimage\",\"url\":\"https:\\\/\\\/www.fuss-ev.de\\\/berlin\\\/wp-content\\\/uploads\\\/sites\\\/6\\\/2026\\\/02\\\/Gehwegpoller.png\",\"contentUrl\":\"https:\\\/\\\/www.fuss-ev.de\\\/berlin\\\/wp-content\\\/uploads\\\/sites\\\/6\\\/2026\\\/02\\\/Gehwegpoller.png\",\"width\":564,\"height\":495},{\"@type\":\"BreadcrumbList\",\"@id\":\"https:\\\/\\\/www.fuss-ev.de\\\/berlin\\\/2026\\\/02\\\/22\\\/gehwegpoller-im-blick-und-im-weg-spaziergang-leber-und-naumannstrasse\\\/#breadcrumb\",\"itemListElement\":[{\"@type\":\"ListItem\",\"position\":1,\"name\":\"Startseite\",\"item\":\"https:\\\/\\\/www.fuss-ev.de\\\/berlin\\\/\"},{\"@type\":\"ListItem\",\"position\":2,\"name\":\"Gehwegpoller im Blick und im Weg &#8211; Spaziergang Leber- und Naumannstra\u00dfe\"}]},{\"@type\":\"WebSite\",\"@id\":\"https:\\\/\\\/www.fuss-ev.de\\\/berlin\\\/#website\",\"url\":\"https:\\\/\\\/www.fuss-ev.de\\\/berlin\\\/\",\"name\":\"Berlin - FUSS e.V.\",\"description\":\"\",\"publisher\":{\"@id\":\"https:\\\/\\\/www.fuss-ev.de\\\/berlin\\\/#organization\"},\"potentialAction\":[{\"@type\":\"SearchAction\",\"target\":{\"@type\":\"EntryPoint\",\"urlTemplate\":\"https:\\\/\\\/www.fuss-ev.de\\\/berlin\\\/?s={search_term_string}\"},\"query-input\":{\"@type\":\"PropertyValueSpecification\",\"valueRequired\":true,\"valueName\":\"search_term_string\"}}],\"inLanguage\":\"de\"},{\"@type\":\"Organization\",\"@id\":\"https:\\\/\\\/www.fuss-ev.de\\\/berlin\\\/#organization\",\"name\":\"Berlin - FUSS e.V.\",\"url\":\"https:\\\/\\\/www.fuss-ev.de\\\/berlin\\\/\",\"logo\":{\"@type\":\"ImageObject\",\"inLanguage\":\"de\",\"@id\":\"https:\\\/\\\/www.fuss-ev.de\\\/berlin\\\/#\\\/schema\\\/logo\\\/image\\\/\",\"url\":\"https:\\\/\\\/www.fuss-ev.de\\\/berlin\\\/wp-content\\\/uploads\\\/sites\\\/6\\\/2025\\\/01\\\/FUSS_Logo.jpg\",\"contentUrl\":\"https:\\\/\\\/www.fuss-ev.de\\\/berlin\\\/wp-content\\\/uploads\\\/sites\\\/6\\\/2025\\\/01\\\/FUSS_Logo.jpg\",\"width\":2082,\"height\":979,\"caption\":\"Berlin - FUSS e.V.\"},\"image\":{\"@id\":\"https:\\\/\\\/www.fuss-ev.de\\\/berlin\\\/#\\\/schema\\\/logo\\\/image\\\/\"},\"sameAs\":[\"https:\\\/\\\/www.instagram.com\\\/fuss.berlin\\\/\"]},{\"@type\":\"Person\",\"@id\":\"https:\\\/\\\/www.fuss-ev.de\\\/berlin\\\/#\\\/schema\\\/person\\\/bb87bc727af9670a7740dbe9ac3e509a\",\"name\":\"danielaschachtts\",\"image\":{\"@type\":\"ImageObject\",\"inLanguage\":\"de\",\"@id\":\"https:\\\/\\\/secure.gravatar.com\\\/avatar\\\/f6686723b5accc2454c512f6afe0d233f0b303126f51006b39200d8959d58661?s=96&d=mm&r=g\",\"url\":\"https:\\\/\\\/secure.gravatar.com\\\/avatar\\\/f6686723b5accc2454c512f6afe0d233f0b303126f51006b39200d8959d58661?s=96&d=mm&r=g\",\"contentUrl\":\"https:\\\/\\\/secure.gravatar.com\\\/avatar\\\/f6686723b5accc2454c512f6afe0d233f0b303126f51006b39200d8959d58661?s=96&d=mm&r=g\",\"caption\":\"danielaschachtts\"},\"url\":\"https:\\\/\\\/www.fuss-ev.de\\\/berlin\\\/author\\\/danielaschachtts\\\/\"}]}<\/script>\n<!-- \/ Yoast SEO plugin. -->","yoast_head_json":{"title":"Gehwegpoller im Blick und im Weg - Spaziergang Leber- und Naumannstra\u00dfe - Berlin - FUSS e.V.","robots":{"index":"index","follow":"follow","max-snippet":"max-snippet:-1","max-image-preview":"max-image-preview:large","max-video-preview":"max-video-preview:-1"},"canonical":"https:\/\/www.fuss-ev.de\/berlin\/2026\/02\/22\/gehwegpoller-im-blick-und-im-weg-spaziergang-leber-und-naumannstrasse\/","og_locale":"de_DE","og_type":"article","og_title":"Gehwegpoller im Blick und im Weg - Spaziergang Leber- und Naumannstra\u00dfe - Berlin - FUSS e.V.","og_description":"Der Kiezspaziergang am 15. Februar 2026 in der Leberstra\u00dfe und Naumannstra\u00dfe wurde von der Senior:innenvertretung Tempelhof-Sch\u00f6neberg unterst\u00fctzt. Ein Zitat aus der umfangreichen Foto-Dokumentation: Auf den Gehwegen der Wohnstra\u00dfen sind bei Einfahrten oft Poller gesetzt worden, [&hellip;]","og_url":"https:\/\/www.fuss-ev.de\/berlin\/2026\/02\/22\/gehwegpoller-im-blick-und-im-weg-spaziergang-leber-und-naumannstrasse\/","og_site_name":"Berlin - FUSS e.V.","article_published_time":"2026-02-22T11:08:20+00:00","article_modified_time":"2026-02-22T11:10:26+00:00","og_image":[{"width":564,"height":495,"url":"https:\/\/www.fuss-ev.de\/berlin\/wp-content\/uploads\/sites\/6\/2026\/02\/Gehwegpoller.png","type":"image\/png"}],"author":"danielaschachtts","twitter_card":"summary_large_image","twitter_misc":{"Verfasst von":"danielaschachtts","Gesch\u00e4tzte Lesezeit":"1\u00a0Minute"},"schema":{"@context":"https:\/\/schema.org","@graph":[{"@type":"Article","@id":"https:\/\/www.fuss-ev.de\/berlin\/2026\/02\/22\/gehwegpoller-im-blick-und-im-weg-spaziergang-leber-und-naumannstrasse\/#article","isPartOf":{"@id":"https:\/\/www.fuss-ev.de\/berlin\/2026\/02\/22\/gehwegpoller-im-blick-und-im-weg-spaziergang-leber-und-naumannstrasse\/"},"author":{"name":"danielaschachtts","@id":"https:\/\/www.fuss-ev.de\/berlin\/#\/schema\/person\/bb87bc727af9670a7740dbe9ac3e509a"},"headline":"Gehwegpoller im Blick und im Weg &#8211; Spaziergang Leber- und Naumannstra\u00dfe","datePublished":"2026-02-22T11:08:20+00:00","dateModified":"2026-02-22T11:10:26+00:00","mainEntityOfPage":{"@id":"https:\/\/www.fuss-ev.de\/berlin\/2026\/02\/22\/gehwegpoller-im-blick-und-im-weg-spaziergang-leber-und-naumannstrasse\/"},"wordCount":153,"commentCount":0,"publisher":{"@id":"https:\/\/www.fuss-ev.de\/berlin\/#organization"},"image":{"@id":"https:\/\/www.fuss-ev.de\/berlin\/2026\/02\/22\/gehwegpoller-im-blick-und-im-weg-spaziergang-leber-und-naumannstrasse\/#primaryimage"},"thumbnailUrl":"https:\/\/www.fuss-ev.de\/berlin\/wp-content\/uploads\/sites\/6\/2026\/02\/Gehwegpoller.png","articleSection":["Spazierg\u00e4nge-TS","Tempelhof-Sch\u00f6neberg"],"inLanguage":"de","potentialAction":[{"@type":"CommentAction","name":"Comment","target":["https:\/\/www.fuss-ev.de\/berlin\/2026\/02\/22\/gehwegpoller-im-blick-und-im-weg-spaziergang-leber-und-naumannstrasse\/#respond"]}]},{"@type":"WebPage","@id":"https:\/\/www.fuss-ev.de\/berlin\/2026\/02\/22\/gehwegpoller-im-blick-und-im-weg-spaziergang-leber-und-naumannstrasse\/","url":"https:\/\/www.fuss-ev.de\/berlin\/2026\/02\/22\/gehwegpoller-im-blick-und-im-weg-spaziergang-leber-und-naumannstrasse\/","name":"Gehwegpoller im Blick und im Weg - Spaziergang Leber- und Naumannstra\u00dfe - Berlin - FUSS e.V.","isPartOf":{"@id":"https:\/\/www.fuss-ev.de\/berlin\/#website"},"primaryImageOfPage":{"@id":"https:\/\/www.fuss-ev.de\/berlin\/2026\/02\/22\/gehwegpoller-im-blick-und-im-weg-spaziergang-leber-und-naumannstrasse\/#primaryimage"},"image":{"@id":"https:\/\/www.fuss-ev.de\/berlin\/2026\/02\/22\/gehwegpoller-im-blick-und-im-weg-spaziergang-leber-und-naumannstrasse\/#primaryimage"},"thumbnailUrl":"https:\/\/www.fuss-ev.de\/berlin\/wp-content\/uploads\/sites\/6\/2026\/02\/Gehwegpoller.png","datePublished":"2026-02-22T11:08:20+00:00","dateModified":"2026-02-22T11:10:26+00:00","breadcrumb":{"@id":"https:\/\/www.fuss-ev.de\/berlin\/2026\/02\/22\/gehwegpoller-im-blick-und-im-weg-spaziergang-leber-und-naumannstrasse\/#breadcrumb"},"inLanguage":"de","potentialAction":[{"@type":"ReadAction","target":["https:\/\/www.fuss-ev.de\/berlin\/2026\/02\/22\/gehwegpoller-im-blick-und-im-weg-spaziergang-leber-und-naumannstrasse\/"]}]},{"@type":"ImageObject","inLanguage":"de","@id":"https:\/\/www.fuss-ev.de\/berlin\/2026\/02\/22\/gehwegpoller-im-blick-und-im-weg-spaziergang-leber-und-naumannstrasse\/#primaryimage","url":"https:\/\/www.fuss-ev.de\/berlin\/wp-content\/uploads\/sites\/6\/2026\/02\/Gehwegpoller.png","contentUrl":"https:\/\/www.fuss-ev.de\/berlin\/wp-content\/uploads\/sites\/6\/2026\/02\/Gehwegpoller.png","width":564,"height":495},{"@type":"BreadcrumbList","@id":"https:\/\/www.fuss-ev.de\/berlin\/2026\/02\/22\/gehwegpoller-im-blick-und-im-weg-spaziergang-leber-und-naumannstrasse\/#breadcrumb","itemListElement":[{"@type":"ListItem","position":1,"name":"Startseite","item":"https:\/\/www.fuss-ev.de\/berlin\/"},{"@type":"ListItem","position":2,"name":"Gehwegpoller im Blick und im Weg &#8211; Spaziergang Leber- und Naumannstra\u00dfe"}]},{"@type":"WebSite","@id":"https:\/\/www.fuss-ev.de\/berlin\/#website","url":"https:\/\/www.fuss-ev.de\/berlin\/","name":"Berlin - FUSS e.V.","description":"","publisher":{"@id":"https:\/\/www.fuss-ev.de\/berlin\/#organization"},"potentialAction":[{"@type":"SearchAction","target":{"@type":"EntryPoint","urlTemplate":"https:\/\/www.fuss-ev.de\/berlin\/?s={search_term_string}"},"query-input":{"@type":"PropertyValueSpecification","valueRequired":true,"valueName":"search_term_string"}}],"inLanguage":"de"},{"@type":"Organization","@id":"https:\/\/www.fuss-ev.de\/berlin\/#organization","name":"Berlin - FUSS e.V.","url":"https:\/\/www.fuss-ev.de\/berlin\/","logo":{"@type":"ImageObject","inLanguage":"de","@id":"https:\/\/www.fuss-ev.de\/berlin\/#\/schema\/logo\/image\/","url":"https:\/\/www.fuss-ev.de\/berlin\/wp-content\/uploads\/sites\/6\/2025\/01\/FUSS_Logo.jpg","contentUrl":"https:\/\/www.fuss-ev.de\/berlin\/wp-content\/uploads\/sites\/6\/2025\/01\/FUSS_Logo.jpg","width":2082,"height":979,"caption":"Berlin - FUSS e.V."},"image":{"@id":"https:\/\/www.fuss-ev.de\/berlin\/#\/schema\/logo\/image\/"},"sameAs":["https:\/\/www.instagram.com\/fuss.berlin\/"]},{"@type":"Person","@id":"https:\/\/www.fuss-ev.de\/berlin\/#\/schema\/person\/bb87bc727af9670a7740dbe9ac3e509a","name":"danielaschachtts","image":{"@type":"ImageObject","inLanguage":"de","@id":"https:\/\/secure.gravatar.com\/avatar\/f6686723b5accc2454c512f6afe0d233f0b303126f51006b39200d8959d58661?s=96&d=mm&r=g","url":"https:\/\/secure.gravatar.com\/avatar\/f6686723b5accc2454c512f6afe0d233f0b303126f51006b39200d8959d58661?s=96&d=mm&r=g","contentUrl":"https:\/\/secure.gravatar.com\/avatar\/f6686723b5accc2454c512f6afe0d233f0b303126f51006b39200d8959d58661?s=96&d=mm&r=g","caption":"danielaschachtts"},"url":"https:\/\/www.fuss-ev.de\/berlin\/author\/danielaschachtts\/"}]}},"publishpress_future_action":{"enabled":false,"date":"2026-05-07 04:46:42","action":"change-status","newStatus":"draft","terms":[],"taxonomy":"category","extraData":[]},"publishpress_future_workflow_manual_trigger":{"enabledWorkflows":[]},"_links":{"self":[{"href":"https:\/\/www.fuss-ev.de\/berlin\/wp-json\/wp\/v2\/posts\/5818","targetHints":{"allow":["GET"]}}],"collection":[{"href":"https:\/\/www.fuss-ev.de\/berlin\/wp-json\/wp\/v2\/posts"}],"about":[{"href":"https:\/\/www.fuss-ev.de\/berlin\/wp-json\/wp\/v2\/types\/post"}],"author":[{"embeddable":true,"href":"https:\/\/www.fuss-ev.de\/berlin\/wp-json\/wp\/v2\/users\/57"}],"replies":[{"embeddable":true,"href":"https:\/\/www.fuss-ev.de\/berlin\/wp-json\/wp\/v2\/comments?post=5818"}],"version-history":[{"count":2,"href":"https:\/\/www.fuss-ev.de\/berlin\/wp-json\/wp\/v2\/posts\/5818\/revisions"}],"predecessor-version":[{"id":5821,"href":"https:\/\/www.fuss-ev.de\/berlin\/wp-json\/wp\/v2\/posts\/5818\/revisions\/5821"}],"wp:featuredmedia":[{"embeddable":true,"href":"https:\/\/www.fuss-ev.de\/berlin\/wp-json\/wp\/v2\/media\/5822"}],"wp:attachment":[{"href":"https:\/\/www.fuss-ev.de\/berlin\/wp-json\/wp\/v2\/media?parent=5818"}],"wp:term":[{"taxonomy":"category","embeddable":true,"href":"https:\/\/www.fuss-ev.de\/berlin\/wp-json\/wp\/v2\/categories?post=5818"},{"taxonomy":"post_tag","embeddable":true,"href":"https:\/\/www.fuss-ev.de\/berlin\/wp-json\/wp\/v2\/tags?post=5818"}],"curies":[{"name":"wp","href":"https:\/\/api.w.org\/{rel}","templated":true}]}}