{"id":5782,"date":"2026-03-15T18:23:20","date_gmt":"2026-03-15T17:23:20","guid":{"rendered":"https:\/\/www.fuss-ev.de\/berlin\/?p=5782"},"modified":"2026-04-10T16:47:36","modified_gmt":"2026-04-10T14:47:36","slug":"abschnitt-gruener-hauptweg-15-teltower-doerferweg-am-30-mai-2026","status":"publish","type":"post","link":"https:\/\/www.fuss-ev.de\/berlin\/2026\/03\/15\/abschnitt-gruener-hauptweg-15-teltower-doerferweg-am-30-mai-2026\/","title":{"rendered":"Abschnitt Gr\u00fcner Hauptweg #15: Teltower D\u00f6rferweg am 30. Mai 2026"},"content":{"rendered":"<p>Gerne schon einmal vormerken: Am 30. Mai setzen wir unsere Erkundung der Gr\u00fcnen Hauptwege fort. Bei dem Spaziergang Ende Mai wird ein St\u00fcck des Hauptwegs Nr. 15, der Teltower D\u00f6rferweg, abgegangen. Informationen zu diesem Weg findet ihr auf der <a href=\"https:\/\/www.berlin.de\/sen\/uvk\/natur-und-gruen\/landschaftsplanung\/gruene-hauptwege\/die-wege-im-ueberblick\/artikel.930403.php\" target=\"_blank\" rel=\"noopener\">Seite der Senatsverwaltung hier<\/a>.<\/p>\n<p>Der Spaziergang findet unter dem Motto &#8220;Urbane Gr\u00fcnz\u00fcge am Stadtrand &#8211; Marienfelde und Lichtenrade&#8221; statt. Der Weg f\u00fchrt uns von der Haltestelle Sondershauser Stra\u00dfe \u00fcber den\u00a0 Lichterfelder Ring, die Gro\u00dfwohnsiedlung Waldsassener Stra\u00dfe, den\u00a0 Schlehenberg, den Freizeitpark Marienfelde, den G\u00fcterbahnau\u00dfenring, die Baumalleen und Durchwegungen in Lichtenrade, die Buckower Feldmark und endet an der Haltestelle Delmer Steig.<\/p>\n<p><strong>Los geht es am Samstag, den 30. Mai um 11 Uhr an der Haltestelle Sondershauser Stra\u00dfe.<\/strong> <a href=\"https:\/\/www.fuss-ev.de\/berlin\/wp-content\/uploads\/sites\/6\/2026\/04\/20260410-Flyer-Gruener-Hauptweg-15.pdf\" target=\"_blank\" rel=\"noopener\">Den Flyer mit allen weiteren Informationen findet ihr hier im pdf-Format.<\/a><\/p>\n<p>&nbsp;<\/p>\n<p>&nbsp;<\/p>\n","protected":false},"excerpt":{"rendered":"<p>Gerne schon einmal vormerken: Am 30. Mai setzen wir unsere Erkundung der Gr\u00fcnen Hauptwege fort. Bei dem Spaziergang Ende Mai wird ein St\u00fcck des Hauptwegs Nr. 15, der Teltower D\u00f6rferweg, abgegangen. Informationen zu diesem Weg [&hellip;]<\/p>\n","protected":false},"author":57,"featured_media":5784,"comment_status":"closed","ping_status":"closed","sticky":false,"template":"","format":"standard","meta":{"_acf_changed":false,"_relevanssi_hide_post":"","_relevanssi_hide_content":"","_relevanssi_pin_for_all":"","_relevanssi_pin_keywords":"","_relevanssi_unpin_keywords":"","_relevanssi_related_keywords":"","_relevanssi_related_include_ids":"","_relevanssi_related_exclude_ids":"","_relevanssi_related_no_append":"","_relevanssi_related_not_related":"","_relevanssi_related_posts":"","_relevanssi_noindex_reason":"","footnotes":""},"categories":[55,23,22],"tags":[],"class_list":["post-5782","post","type-post","status-publish","format-standard","has-post-thumbnail","hentry","category-bezirke-home","category-spaziergaenge-ts","category-tempelhof-schoeneberg"],"acf":[],"yoast_head":"<!-- This site is optimized with the Yoast SEO plugin v27.4 - https:\/\/yoast.com\/product\/yoast-seo-wordpress\/ -->\n<title>Abschnitt Gr\u00fcner Hauptweg #15: Teltower D\u00f6rferweg am 30. Mai 2026 - Berlin - FUSS e.V.<\/title>\n<meta name=\"robots\" content=\"index, follow, max-snippet:-1, max-image-preview:large, max-video-preview:-1\" \/>\n<link rel=\"canonical\" href=\"https:\/\/www.fuss-ev.de\/berlin\/2026\/03\/15\/abschnitt-gruener-hauptweg-15-teltower-doerferweg-am-30-mai-2026\/\" \/>\n<meta property=\"og:locale\" content=\"de_DE\" \/>\n<meta property=\"og:type\" content=\"article\" \/>\n<meta property=\"og:title\" content=\"Abschnitt Gr\u00fcner Hauptweg #15: Teltower D\u00f6rferweg am 30. Mai 2026 - Berlin - FUSS e.V.\" \/>\n<meta property=\"og:description\" content=\"Gerne schon einmal vormerken: Am 30. Mai setzen wir unsere Erkundung der Gr\u00fcnen Hauptwege fort. Bei dem Spaziergang Ende Mai wird ein St\u00fcck des Hauptwegs Nr. 15, der Teltower D\u00f6rferweg, abgegangen. Informationen zu diesem Weg [&hellip;]\" \/>\n<meta property=\"og:url\" content=\"https:\/\/www.fuss-ev.de\/berlin\/2026\/03\/15\/abschnitt-gruener-hauptweg-15-teltower-doerferweg-am-30-mai-2026\/\" \/>\n<meta property=\"og:site_name\" content=\"Berlin - FUSS e.V.\" \/>\n<meta property=\"article:published_time\" content=\"2026-03-15T17:23:20+00:00\" \/>\n<meta property=\"article:modified_time\" content=\"2026-04-10T14:47:36+00:00\" \/>\n<meta property=\"og:image\" content=\"https:\/\/www.fuss-ev.de\/berlin\/wp-content\/uploads\/sites\/6\/2026\/02\/flux-image-1771175942611.jpg\" \/>\n\t<meta property=\"og:image:width\" content=\"1024\" \/>\n\t<meta property=\"og:image:height\" content=\"1024\" \/>\n\t<meta property=\"og:image:type\" content=\"image\/jpeg\" \/>\n<meta name=\"author\" content=\"danielaschachtts\" \/>\n<meta name=\"twitter:card\" content=\"summary_large_image\" \/>\n<meta name=\"twitter:label1\" content=\"Verfasst von\" \/>\n\t<meta name=\"twitter:data1\" content=\"danielaschachtts\" \/>\n\t<meta name=\"twitter:label2\" content=\"Gesch\u00e4tzte Lesezeit\" \/>\n\t<meta name=\"twitter:data2\" content=\"1\u00a0Minute\" \/>\n<script type=\"application\/ld+json\" class=\"yoast-schema-graph\">{\"@context\":\"https:\\\/\\\/schema.org\",\"@graph\":[{\"@type\":\"Article\",\"@id\":\"https:\\\/\\\/www.fuss-ev.de\\\/berlin\\\/2026\\\/03\\\/15\\\/abschnitt-gruener-hauptweg-15-teltower-doerferweg-am-30-mai-2026\\\/#article\",\"isPartOf\":{\"@id\":\"https:\\\/\\\/www.fuss-ev.de\\\/berlin\\\/2026\\\/03\\\/15\\\/abschnitt-gruener-hauptweg-15-teltower-doerferweg-am-30-mai-2026\\\/\"},\"author\":{\"name\":\"danielaschachtts\",\"@id\":\"https:\\\/\\\/www.fuss-ev.de\\\/berlin\\\/#\\\/schema\\\/person\\\/bb87bc727af9670a7740dbe9ac3e509a\"},\"headline\":\"Abschnitt Gr\u00fcner Hauptweg #15: Teltower D\u00f6rferweg am 30. Mai 2026\",\"datePublished\":\"2026-03-15T17:23:20+00:00\",\"dateModified\":\"2026-04-10T14:47:36+00:00\",\"mainEntityOfPage\":{\"@id\":\"https:\\\/\\\/www.fuss-ev.de\\\/berlin\\\/2026\\\/03\\\/15\\\/abschnitt-gruener-hauptweg-15-teltower-doerferweg-am-30-mai-2026\\\/\"},\"wordCount\":144,\"publisher\":{\"@id\":\"https:\\\/\\\/www.fuss-ev.de\\\/berlin\\\/#organization\"},\"image\":{\"@id\":\"https:\\\/\\\/www.fuss-ev.de\\\/berlin\\\/2026\\\/03\\\/15\\\/abschnitt-gruener-hauptweg-15-teltower-doerferweg-am-30-mai-2026\\\/#primaryimage\"},\"thumbnailUrl\":\"https:\\\/\\\/www.fuss-ev.de\\\/berlin\\\/wp-content\\\/uploads\\\/sites\\\/6\\\/2026\\\/02\\\/flux-image-1771175942611.jpg\",\"articleSection\":[\"Bezirke\",\"Spazierg\u00e4nge-TS\",\"Tempelhof-Sch\u00f6neberg\"],\"inLanguage\":\"de\"},{\"@type\":\"WebPage\",\"@id\":\"https:\\\/\\\/www.fuss-ev.de\\\/berlin\\\/2026\\\/03\\\/15\\\/abschnitt-gruener-hauptweg-15-teltower-doerferweg-am-30-mai-2026\\\/\",\"url\":\"https:\\\/\\\/www.fuss-ev.de\\\/berlin\\\/2026\\\/03\\\/15\\\/abschnitt-gruener-hauptweg-15-teltower-doerferweg-am-30-mai-2026\\\/\",\"name\":\"Abschnitt Gr\u00fcner Hauptweg #15: Teltower D\u00f6rferweg am 30. Mai 2026 - Berlin - FUSS e.V.\",\"isPartOf\":{\"@id\":\"https:\\\/\\\/www.fuss-ev.de\\\/berlin\\\/#website\"},\"primaryImageOfPage\":{\"@id\":\"https:\\\/\\\/www.fuss-ev.de\\\/berlin\\\/2026\\\/03\\\/15\\\/abschnitt-gruener-hauptweg-15-teltower-doerferweg-am-30-mai-2026\\\/#primaryimage\"},\"image\":{\"@id\":\"https:\\\/\\\/www.fuss-ev.de\\\/berlin\\\/2026\\\/03\\\/15\\\/abschnitt-gruener-hauptweg-15-teltower-doerferweg-am-30-mai-2026\\\/#primaryimage\"},\"thumbnailUrl\":\"https:\\\/\\\/www.fuss-ev.de\\\/berlin\\\/wp-content\\\/uploads\\\/sites\\\/6\\\/2026\\\/02\\\/flux-image-1771175942611.jpg\",\"datePublished\":\"2026-03-15T17:23:20+00:00\",\"dateModified\":\"2026-04-10T14:47:36+00:00\",\"breadcrumb\":{\"@id\":\"https:\\\/\\\/www.fuss-ev.de\\\/berlin\\\/2026\\\/03\\\/15\\\/abschnitt-gruener-hauptweg-15-teltower-doerferweg-am-30-mai-2026\\\/#breadcrumb\"},\"inLanguage\":\"de\",\"potentialAction\":[{\"@type\":\"ReadAction\",\"target\":[\"https:\\\/\\\/www.fuss-ev.de\\\/berlin\\\/2026\\\/03\\\/15\\\/abschnitt-gruener-hauptweg-15-teltower-doerferweg-am-30-mai-2026\\\/\"]}]},{\"@type\":\"ImageObject\",\"inLanguage\":\"de\",\"@id\":\"https:\\\/\\\/www.fuss-ev.de\\\/berlin\\\/2026\\\/03\\\/15\\\/abschnitt-gruener-hauptweg-15-teltower-doerferweg-am-30-mai-2026\\\/#primaryimage\",\"url\":\"https:\\\/\\\/www.fuss-ev.de\\\/berlin\\\/wp-content\\\/uploads\\\/sites\\\/6\\\/2026\\\/02\\\/flux-image-1771175942611.jpg\",\"contentUrl\":\"https:\\\/\\\/www.fuss-ev.de\\\/berlin\\\/wp-content\\\/uploads\\\/sites\\\/6\\\/2026\\\/02\\\/flux-image-1771175942611.jpg\",\"width\":1024,\"height\":1024,\"caption\":\"Bild: gradually.ai\"},{\"@type\":\"BreadcrumbList\",\"@id\":\"https:\\\/\\\/www.fuss-ev.de\\\/berlin\\\/2026\\\/03\\\/15\\\/abschnitt-gruener-hauptweg-15-teltower-doerferweg-am-30-mai-2026\\\/#breadcrumb\",\"itemListElement\":[{\"@type\":\"ListItem\",\"position\":1,\"name\":\"Startseite\",\"item\":\"https:\\\/\\\/www.fuss-ev.de\\\/berlin\\\/\"},{\"@type\":\"ListItem\",\"position\":2,\"name\":\"Abschnitt Gr\u00fcner Hauptweg #15: Teltower D\u00f6rferweg am 30. Mai 2026\"}]},{\"@type\":\"WebSite\",\"@id\":\"https:\\\/\\\/www.fuss-ev.de\\\/berlin\\\/#website\",\"url\":\"https:\\\/\\\/www.fuss-ev.de\\\/berlin\\\/\",\"name\":\"Berlin - FUSS e.V.\",\"description\":\"\",\"publisher\":{\"@id\":\"https:\\\/\\\/www.fuss-ev.de\\\/berlin\\\/#organization\"},\"potentialAction\":[{\"@type\":\"SearchAction\",\"target\":{\"@type\":\"EntryPoint\",\"urlTemplate\":\"https:\\\/\\\/www.fuss-ev.de\\\/berlin\\\/?s={search_term_string}\"},\"query-input\":{\"@type\":\"PropertyValueSpecification\",\"valueRequired\":true,\"valueName\":\"search_term_string\"}}],\"inLanguage\":\"de\"},{\"@type\":\"Organization\",\"@id\":\"https:\\\/\\\/www.fuss-ev.de\\\/berlin\\\/#organization\",\"name\":\"Berlin - FUSS e.V.\",\"url\":\"https:\\\/\\\/www.fuss-ev.de\\\/berlin\\\/\",\"logo\":{\"@type\":\"ImageObject\",\"inLanguage\":\"de\",\"@id\":\"https:\\\/\\\/www.fuss-ev.de\\\/berlin\\\/#\\\/schema\\\/logo\\\/image\\\/\",\"url\":\"https:\\\/\\\/www.fuss-ev.de\\\/berlin\\\/wp-content\\\/uploads\\\/sites\\\/6\\\/2025\\\/01\\\/FUSS_Logo.jpg\",\"contentUrl\":\"https:\\\/\\\/www.fuss-ev.de\\\/berlin\\\/wp-content\\\/uploads\\\/sites\\\/6\\\/2025\\\/01\\\/FUSS_Logo.jpg\",\"width\":2082,\"height\":979,\"caption\":\"Berlin - FUSS e.V.\"},\"image\":{\"@id\":\"https:\\\/\\\/www.fuss-ev.de\\\/berlin\\\/#\\\/schema\\\/logo\\\/image\\\/\"},\"sameAs\":[\"https:\\\/\\\/www.instagram.com\\\/fuss.berlin\\\/\"]},{\"@type\":\"Person\",\"@id\":\"https:\\\/\\\/www.fuss-ev.de\\\/berlin\\\/#\\\/schema\\\/person\\\/bb87bc727af9670a7740dbe9ac3e509a\",\"name\":\"danielaschachtts\",\"image\":{\"@type\":\"ImageObject\",\"inLanguage\":\"de\",\"@id\":\"https:\\\/\\\/secure.gravatar.com\\\/avatar\\\/f6686723b5accc2454c512f6afe0d233f0b303126f51006b39200d8959d58661?s=96&d=mm&r=g\",\"url\":\"https:\\\/\\\/secure.gravatar.com\\\/avatar\\\/f6686723b5accc2454c512f6afe0d233f0b303126f51006b39200d8959d58661?s=96&d=mm&r=g\",\"contentUrl\":\"https:\\\/\\\/secure.gravatar.com\\\/avatar\\\/f6686723b5accc2454c512f6afe0d233f0b303126f51006b39200d8959d58661?s=96&d=mm&r=g\",\"caption\":\"danielaschachtts\"},\"url\":\"https:\\\/\\\/www.fuss-ev.de\\\/berlin\\\/author\\\/danielaschachtts\\\/\"}]}<\/script>\n<!-- \/ Yoast SEO plugin. -->","yoast_head_json":{"title":"Abschnitt Gr\u00fcner Hauptweg #15: Teltower D\u00f6rferweg am 30. Mai 2026 - Berlin - FUSS e.V.","robots":{"index":"index","follow":"follow","max-snippet":"max-snippet:-1","max-image-preview":"max-image-preview:large","max-video-preview":"max-video-preview:-1"},"canonical":"https:\/\/www.fuss-ev.de\/berlin\/2026\/03\/15\/abschnitt-gruener-hauptweg-15-teltower-doerferweg-am-30-mai-2026\/","og_locale":"de_DE","og_type":"article","og_title":"Abschnitt Gr\u00fcner Hauptweg #15: Teltower D\u00f6rferweg am 30. Mai 2026 - Berlin - FUSS e.V.","og_description":"Gerne schon einmal vormerken: Am 30. Mai setzen wir unsere Erkundung der Gr\u00fcnen Hauptwege fort. Bei dem Spaziergang Ende Mai wird ein St\u00fcck des Hauptwegs Nr. 15, der Teltower D\u00f6rferweg, abgegangen. Informationen zu diesem Weg [&hellip;]","og_url":"https:\/\/www.fuss-ev.de\/berlin\/2026\/03\/15\/abschnitt-gruener-hauptweg-15-teltower-doerferweg-am-30-mai-2026\/","og_site_name":"Berlin - FUSS e.V.","article_published_time":"2026-03-15T17:23:20+00:00","article_modified_time":"2026-04-10T14:47:36+00:00","og_image":[{"width":1024,"height":1024,"url":"https:\/\/www.fuss-ev.de\/berlin\/wp-content\/uploads\/sites\/6\/2026\/02\/flux-image-1771175942611.jpg","type":"image\/jpeg"}],"author":"danielaschachtts","twitter_card":"summary_large_image","twitter_misc":{"Verfasst von":"danielaschachtts","Gesch\u00e4tzte Lesezeit":"1\u00a0Minute"},"schema":{"@context":"https:\/\/schema.org","@graph":[{"@type":"Article","@id":"https:\/\/www.fuss-ev.de\/berlin\/2026\/03\/15\/abschnitt-gruener-hauptweg-15-teltower-doerferweg-am-30-mai-2026\/#article","isPartOf":{"@id":"https:\/\/www.fuss-ev.de\/berlin\/2026\/03\/15\/abschnitt-gruener-hauptweg-15-teltower-doerferweg-am-30-mai-2026\/"},"author":{"name":"danielaschachtts","@id":"https:\/\/www.fuss-ev.de\/berlin\/#\/schema\/person\/bb87bc727af9670a7740dbe9ac3e509a"},"headline":"Abschnitt Gr\u00fcner Hauptweg #15: Teltower D\u00f6rferweg am 30. Mai 2026","datePublished":"2026-03-15T17:23:20+00:00","dateModified":"2026-04-10T14:47:36+00:00","mainEntityOfPage":{"@id":"https:\/\/www.fuss-ev.de\/berlin\/2026\/03\/15\/abschnitt-gruener-hauptweg-15-teltower-doerferweg-am-30-mai-2026\/"},"wordCount":144,"publisher":{"@id":"https:\/\/www.fuss-ev.de\/berlin\/#organization"},"image":{"@id":"https:\/\/www.fuss-ev.de\/berlin\/2026\/03\/15\/abschnitt-gruener-hauptweg-15-teltower-doerferweg-am-30-mai-2026\/#primaryimage"},"thumbnailUrl":"https:\/\/www.fuss-ev.de\/berlin\/wp-content\/uploads\/sites\/6\/2026\/02\/flux-image-1771175942611.jpg","articleSection":["Bezirke","Spazierg\u00e4nge-TS","Tempelhof-Sch\u00f6neberg"],"inLanguage":"de"},{"@type":"WebPage","@id":"https:\/\/www.fuss-ev.de\/berlin\/2026\/03\/15\/abschnitt-gruener-hauptweg-15-teltower-doerferweg-am-30-mai-2026\/","url":"https:\/\/www.fuss-ev.de\/berlin\/2026\/03\/15\/abschnitt-gruener-hauptweg-15-teltower-doerferweg-am-30-mai-2026\/","name":"Abschnitt Gr\u00fcner Hauptweg #15: Teltower D\u00f6rferweg am 30. Mai 2026 - Berlin - FUSS e.V.","isPartOf":{"@id":"https:\/\/www.fuss-ev.de\/berlin\/#website"},"primaryImageOfPage":{"@id":"https:\/\/www.fuss-ev.de\/berlin\/2026\/03\/15\/abschnitt-gruener-hauptweg-15-teltower-doerferweg-am-30-mai-2026\/#primaryimage"},"image":{"@id":"https:\/\/www.fuss-ev.de\/berlin\/2026\/03\/15\/abschnitt-gruener-hauptweg-15-teltower-doerferweg-am-30-mai-2026\/#primaryimage"},"thumbnailUrl":"https:\/\/www.fuss-ev.de\/berlin\/wp-content\/uploads\/sites\/6\/2026\/02\/flux-image-1771175942611.jpg","datePublished":"2026-03-15T17:23:20+00:00","dateModified":"2026-04-10T14:47:36+00:00","breadcrumb":{"@id":"https:\/\/www.fuss-ev.de\/berlin\/2026\/03\/15\/abschnitt-gruener-hauptweg-15-teltower-doerferweg-am-30-mai-2026\/#breadcrumb"},"inLanguage":"de","potentialAction":[{"@type":"ReadAction","target":["https:\/\/www.fuss-ev.de\/berlin\/2026\/03\/15\/abschnitt-gruener-hauptweg-15-teltower-doerferweg-am-30-mai-2026\/"]}]},{"@type":"ImageObject","inLanguage":"de","@id":"https:\/\/www.fuss-ev.de\/berlin\/2026\/03\/15\/abschnitt-gruener-hauptweg-15-teltower-doerferweg-am-30-mai-2026\/#primaryimage","url":"https:\/\/www.fuss-ev.de\/berlin\/wp-content\/uploads\/sites\/6\/2026\/02\/flux-image-1771175942611.jpg","contentUrl":"https:\/\/www.fuss-ev.de\/berlin\/wp-content\/uploads\/sites\/6\/2026\/02\/flux-image-1771175942611.jpg","width":1024,"height":1024,"caption":"Bild: gradually.ai"},{"@type":"BreadcrumbList","@id":"https:\/\/www.fuss-ev.de\/berlin\/2026\/03\/15\/abschnitt-gruener-hauptweg-15-teltower-doerferweg-am-30-mai-2026\/#breadcrumb","itemListElement":[{"@type":"ListItem","position":1,"name":"Startseite","item":"https:\/\/www.fuss-ev.de\/berlin\/"},{"@type":"ListItem","position":2,"name":"Abschnitt Gr\u00fcner Hauptweg #15: Teltower D\u00f6rferweg am 30. Mai 2026"}]},{"@type":"WebSite","@id":"https:\/\/www.fuss-ev.de\/berlin\/#website","url":"https:\/\/www.fuss-ev.de\/berlin\/","name":"Berlin - FUSS e.V.","description":"","publisher":{"@id":"https:\/\/www.fuss-ev.de\/berlin\/#organization"},"potentialAction":[{"@type":"SearchAction","target":{"@type":"EntryPoint","urlTemplate":"https:\/\/www.fuss-ev.de\/berlin\/?s={search_term_string}"},"query-input":{"@type":"PropertyValueSpecification","valueRequired":true,"valueName":"search_term_string"}}],"inLanguage":"de"},{"@type":"Organization","@id":"https:\/\/www.fuss-ev.de\/berlin\/#organization","name":"Berlin - FUSS e.V.","url":"https:\/\/www.fuss-ev.de\/berlin\/","logo":{"@type":"ImageObject","inLanguage":"de","@id":"https:\/\/www.fuss-ev.de\/berlin\/#\/schema\/logo\/image\/","url":"https:\/\/www.fuss-ev.de\/berlin\/wp-content\/uploads\/sites\/6\/2025\/01\/FUSS_Logo.jpg","contentUrl":"https:\/\/www.fuss-ev.de\/berlin\/wp-content\/uploads\/sites\/6\/2025\/01\/FUSS_Logo.jpg","width":2082,"height":979,"caption":"Berlin - FUSS e.V."},"image":{"@id":"https:\/\/www.fuss-ev.de\/berlin\/#\/schema\/logo\/image\/"},"sameAs":["https:\/\/www.instagram.com\/fuss.berlin\/"]},{"@type":"Person","@id":"https:\/\/www.fuss-ev.de\/berlin\/#\/schema\/person\/bb87bc727af9670a7740dbe9ac3e509a","name":"danielaschachtts","image":{"@type":"ImageObject","inLanguage":"de","@id":"https:\/\/secure.gravatar.com\/avatar\/f6686723b5accc2454c512f6afe0d233f0b303126f51006b39200d8959d58661?s=96&d=mm&r=g","url":"https:\/\/secure.gravatar.com\/avatar\/f6686723b5accc2454c512f6afe0d233f0b303126f51006b39200d8959d58661?s=96&d=mm&r=g","contentUrl":"https:\/\/secure.gravatar.com\/avatar\/f6686723b5accc2454c512f6afe0d233f0b303126f51006b39200d8959d58661?s=96&d=mm&r=g","caption":"danielaschachtts"},"url":"https:\/\/www.fuss-ev.de\/berlin\/author\/danielaschachtts\/"}]}},"publishpress_future_action":{"enabled":false,"date":"2026-05-09 00:30:59","action":"change-status","newStatus":"draft","terms":[],"taxonomy":"category","extraData":[]},"publishpress_future_workflow_manual_trigger":{"enabledWorkflows":[]},"_links":{"self":[{"href":"https:\/\/www.fuss-ev.de\/berlin\/wp-json\/wp\/v2\/posts\/5782","targetHints":{"allow":["GET"]}}],"collection":[{"href":"https:\/\/www.fuss-ev.de\/berlin\/wp-json\/wp\/v2\/posts"}],"about":[{"href":"https:\/\/www.fuss-ev.de\/berlin\/wp-json\/wp\/v2\/types\/post"}],"author":[{"embeddable":true,"href":"https:\/\/www.fuss-ev.de\/berlin\/wp-json\/wp\/v2\/users\/57"}],"replies":[{"embeddable":true,"href":"https:\/\/www.fuss-ev.de\/berlin\/wp-json\/wp\/v2\/comments?post=5782"}],"version-history":[{"count":6,"href":"https:\/\/www.fuss-ev.de\/berlin\/wp-json\/wp\/v2\/posts\/5782\/revisions"}],"predecessor-version":[{"id":5914,"href":"https:\/\/www.fuss-ev.de\/berlin\/wp-json\/wp\/v2\/posts\/5782\/revisions\/5914"}],"wp:featuredmedia":[{"embeddable":true,"href":"https:\/\/www.fuss-ev.de\/berlin\/wp-json\/wp\/v2\/media\/5784"}],"wp:attachment":[{"href":"https:\/\/www.fuss-ev.de\/berlin\/wp-json\/wp\/v2\/media?parent=5782"}],"wp:term":[{"taxonomy":"category","embeddable":true,"href":"https:\/\/www.fuss-ev.de\/berlin\/wp-json\/wp\/v2\/categories?post=5782"},{"taxonomy":"post_tag","embeddable":true,"href":"https:\/\/www.fuss-ev.de\/berlin\/wp-json\/wp\/v2\/tags?post=5782"}],"curies":[{"name":"wp","href":"https:\/\/api.w.org\/{rel}","templated":true}]}}