{"id":5626,"date":"2025-12-16T05:54:48","date_gmt":"2025-12-16T04:54:48","guid":{"rendered":"https:\/\/www.fuss-ev.de\/berlin\/?p=5626"},"modified":"2025-12-16T05:59:08","modified_gmt":"2025-12-16T04:59:08","slug":"verkehrssicherheit-durchsetzen-bis-zum-ziel-der-vision-zero-ist-der-weg-noch-weit","status":"publish","type":"post","link":"https:\/\/www.fuss-ev.de\/berlin\/2025\/12\/16\/verkehrssicherheit-durchsetzen-bis-zum-ziel-der-vision-zero-ist-der-weg-noch-weit\/","title":{"rendered":"Verkehrssicherheit durchsetzen! Bis zum Ziel der \u201eVision Zero\u201c ist der Weg noch weit"},"content":{"rendered":"<p>Nach 55 Verkehrstoten und tausenden von Verletzten in 2024 starben im laufenden Jahr bereits 34 Menschen im Stra\u00dfenverkehr, darunter <a href=\"https:\/\/nordost.vcd.org\/ziele\/verkehrssicherheit\/verkehrstote-2025\">16 Fu\u00dfg\u00e4ngerinnen<\/a>! Bei Mahnwachen im Juli wurde u.a. zwei Senioren gedacht, die an der <a href=\"https:\/\/www.fuss-ev.de\/berlin\/2025\/07\/10\/mahnwache-fuer-getoetete-fussgaengerinnen-und-fussgaenger-am-12-juli-2025\/\">Kreuzung Mariendorfer Damm\/Sandsteinweg<\/a> get\u00f6tet wurden.<\/p>\n<p>Am 11. Dezember 2025 fand ein <strong>Austausch zum Thema &#8220;Verkehrsberuhigung am Mariendorfer Damm<\/strong>&#8221; von der Bezirksgruppe Tempelhof-Sch\u00f6neberg und einem Vertreter des ADFC mit den Abgeordneten Lars Rauchfu\u00df und Sebastian Schl\u00fcsselburg (beide SPD) ganz in der N\u00e4he statt, am Blitzer Ankogelweg. Dieser kann Rotlichtverst\u00f6\u00dfe und Geschwindigkeits\u00fcberschreitungen erfassen und geh\u00f6rt zu den nur 4 station\u00e4ren Blitzern in Tempelhof-Sch\u00f6neberg, die in der schriftlichen Anfrage &#8220;<a href=\"https:\/\/pardok.parlament-berlin.de\/starweb\/adis\/citat\/VT\/19\/SchrAnfr\/S19-24143.pdf\">Durchsetzung der Geschwindigkeitsbegrenzung als Beitrag zur\u00a0Verkehrssicherheit in Tempelhof-Sch\u00f6neberg<\/a>&#8221; aufgef\u00fchrt werden.<\/p>\n<p><img loading=\"lazy\" decoding=\"async\" class=\"alignnone wp-image-5628 size-medium\" src=\"https:\/\/www.fuss-ev.de\/berlin\/wp-content\/uploads\/sites\/6\/2025\/12\/IMG-20251211-WA0017-300x226.jpg\" alt=\"\" width=\"300\" height=\"226\" srcset=\"https:\/\/www.fuss-ev.de\/berlin\/wp-content\/uploads\/sites\/6\/2025\/12\/IMG-20251211-WA0017-300x226.jpg 300w, https:\/\/www.fuss-ev.de\/berlin\/wp-content\/uploads\/sites\/6\/2025\/12\/IMG-20251211-WA0017-1024x771.jpg 1024w, https:\/\/www.fuss-ev.de\/berlin\/wp-content\/uploads\/sites\/6\/2025\/12\/IMG-20251211-WA0017-768x578.jpg 768w, https:\/\/www.fuss-ev.de\/berlin\/wp-content\/uploads\/sites\/6\/2025\/12\/IMG-20251211-WA0017-1536x1157.jpg 1536w, https:\/\/www.fuss-ev.de\/berlin\/wp-content\/uploads\/sites\/6\/2025\/12\/IMG-20251211-WA0017.jpg 2040w\" sizes=\"auto, (max-width: 300px) 100vw, 300px\" \/>\u00a0 \u00a0<img loading=\"lazy\" decoding=\"async\" class=\"alignnone wp-image-5629 size-medium\" src=\"https:\/\/www.fuss-ev.de\/berlin\/wp-content\/uploads\/sites\/6\/2025\/12\/PXL_20251211_151311569-300x225.jpg\" alt=\"\" width=\"300\" height=\"225\" srcset=\"https:\/\/www.fuss-ev.de\/berlin\/wp-content\/uploads\/sites\/6\/2025\/12\/PXL_20251211_151311569-300x225.jpg 300w, https:\/\/www.fuss-ev.de\/berlin\/wp-content\/uploads\/sites\/6\/2025\/12\/PXL_20251211_151311569-1024x768.jpg 1024w, https:\/\/www.fuss-ev.de\/berlin\/wp-content\/uploads\/sites\/6\/2025\/12\/PXL_20251211_151311569-768x576.jpg 768w, https:\/\/www.fuss-ev.de\/berlin\/wp-content\/uploads\/sites\/6\/2025\/12\/PXL_20251211_151311569-1536x1152.jpg 1536w, https:\/\/www.fuss-ev.de\/berlin\/wp-content\/uploads\/sites\/6\/2025\/12\/PXL_20251211_151311569-2048x1536.jpg 2048w\" sizes=\"auto, (max-width: 300px) 100vw, 300px\" \/><\/p>\n<p>Diskutiert wurde entsprechend auch, warum in Berlin so wenige Blitzer dauerhaft aufgestellt werden. Unser Fazit: es gibt keine guten Gr\u00fcnde. Erforderlich ist nat\u00fcrlich auch eine funktionierende Bu\u00dfgeldstelle: Aufgrund mangelnder personeller Ressourcen und technischer Probleme landen derzeit jedes Jahr tausende Bu\u00dfgeldbescheide in der M\u00fclltonne, da diese in der Zwischenzeit verj\u00e4hren. Berlin entgehen dadurch Einnahmen in Millionenh\u00f6he, die f\u00fcr eine Verbesserung der Verkehrssicherheit eingesetzt werden k\u00f6nnten.<\/p>\n<p>Kurz gesagt: \u00a0<strong>Regeln im Verkehrsrecht m\u00fcssen durchgesetzt werden! <\/strong>Evelyn Hagenah als Sprecherin der Bezirksgruppe betonte zudem, dass f\u00fcr zur Verbesserung der Verkehrssicherheit f\u00fcr alle, aber auch gerade f\u00fcr Fu\u00dfg\u00e4ngerinnen und Fu\u00dfg\u00e4nger, die Ausweitung von Tempo 30 und ein Umbau der Infrastruktur zur Verbesserung der Verkehrssicherheit mindestens ebenso wichtig sind.<\/p>\n<p><em>Fotos: DS und Stephan G.<\/em><\/p>\n","protected":false},"excerpt":{"rendered":"<p>Nach 55 Verkehrstoten und tausenden von Verletzten in 2024 starben im laufenden Jahr bereits 34 Menschen im Stra\u00dfenverkehr, darunter 16 Fu\u00dfg\u00e4ngerinnen! Bei Mahnwachen im Juli wurde u.a. zwei Senioren gedacht, die an der Kreuzung Mariendorfer [&hellip;]<\/p>\n","protected":false},"author":57,"featured_media":5627,"comment_status":"closed","ping_status":"closed","sticky":false,"template":"","format":"standard","meta":{"_acf_changed":false,"_relevanssi_hide_post":"","_relevanssi_hide_content":"","_relevanssi_pin_for_all":"","_relevanssi_pin_keywords":"","_relevanssi_unpin_keywords":"","_relevanssi_related_keywords":"","_relevanssi_related_include_ids":"","_relevanssi_related_exclude_ids":"","_relevanssi_related_no_append":"","_relevanssi_related_not_related":"","_relevanssi_related_posts":"","_relevanssi_noindex_reason":"","footnotes":""},"categories":[20,22],"tags":[],"class_list":["post-5626","post","type-post","status-publish","format-standard","has-post-thumbnail","hentry","category-aktuelles-ts","category-tempelhof-schoeneberg"],"acf":[],"yoast_head":"<!-- This site is optimized with the Yoast SEO plugin v27.4 - https:\/\/yoast.com\/product\/yoast-seo-wordpress\/ -->\n<title>Verkehrssicherheit durchsetzen! Bis zum Ziel der \u201eVision Zero\u201c ist der Weg noch weit - Berlin - FUSS e.V.<\/title>\n<meta name=\"robots\" content=\"index, follow, max-snippet:-1, max-image-preview:large, max-video-preview:-1\" \/>\n<link rel=\"canonical\" href=\"https:\/\/www.fuss-ev.de\/berlin\/2025\/12\/16\/verkehrssicherheit-durchsetzen-bis-zum-ziel-der-vision-zero-ist-der-weg-noch-weit\/\" \/>\n<meta property=\"og:locale\" content=\"de_DE\" \/>\n<meta property=\"og:type\" content=\"article\" \/>\n<meta property=\"og:title\" content=\"Verkehrssicherheit durchsetzen! Bis zum Ziel der \u201eVision Zero\u201c ist der Weg noch weit - Berlin - FUSS e.V.\" \/>\n<meta property=\"og:description\" content=\"Nach 55 Verkehrstoten und tausenden von Verletzten in 2024 starben im laufenden Jahr bereits 34 Menschen im Stra\u00dfenverkehr, darunter 16 Fu\u00dfg\u00e4ngerinnen! Bei Mahnwachen im Juli wurde u.a. zwei Senioren gedacht, die an der Kreuzung Mariendorfer [&hellip;]\" \/>\n<meta property=\"og:url\" content=\"https:\/\/www.fuss-ev.de\/berlin\/2025\/12\/16\/verkehrssicherheit-durchsetzen-bis-zum-ziel-der-vision-zero-ist-der-weg-noch-weit\/\" \/>\n<meta property=\"og:site_name\" content=\"Berlin - FUSS e.V.\" \/>\n<meta property=\"article:published_time\" content=\"2025-12-16T04:54:48+00:00\" \/>\n<meta property=\"article:modified_time\" content=\"2025-12-16T04:59:08+00:00\" \/>\n<meta property=\"og:image\" content=\"https:\/\/www.fuss-ev.de\/berlin\/wp-content\/uploads\/sites\/6\/2025\/12\/IMG-20251211-WA0002.jpg\" \/>\n\t<meta property=\"og:image:width\" content=\"1204\" \/>\n\t<meta property=\"og:image:height\" content=\"1600\" \/>\n\t<meta property=\"og:image:type\" content=\"image\/jpeg\" \/>\n<meta name=\"author\" content=\"danielaschachtts\" \/>\n<meta name=\"twitter:card\" content=\"summary_large_image\" \/>\n<meta name=\"twitter:label1\" content=\"Verfasst von\" \/>\n\t<meta name=\"twitter:data1\" content=\"danielaschachtts\" \/>\n\t<meta name=\"twitter:label2\" content=\"Gesch\u00e4tzte Lesezeit\" \/>\n\t<meta name=\"twitter:data2\" content=\"2\u00a0Minuten\" \/>\n<script type=\"application\/ld+json\" class=\"yoast-schema-graph\">{\"@context\":\"https:\\\/\\\/schema.org\",\"@graph\":[{\"@type\":\"Article\",\"@id\":\"https:\\\/\\\/www.fuss-ev.de\\\/berlin\\\/2025\\\/12\\\/16\\\/verkehrssicherheit-durchsetzen-bis-zum-ziel-der-vision-zero-ist-der-weg-noch-weit\\\/#article\",\"isPartOf\":{\"@id\":\"https:\\\/\\\/www.fuss-ev.de\\\/berlin\\\/2025\\\/12\\\/16\\\/verkehrssicherheit-durchsetzen-bis-zum-ziel-der-vision-zero-ist-der-weg-noch-weit\\\/\"},\"author\":{\"name\":\"danielaschachtts\",\"@id\":\"https:\\\/\\\/www.fuss-ev.de\\\/berlin\\\/#\\\/schema\\\/person\\\/bb87bc727af9670a7740dbe9ac3e509a\"},\"headline\":\"Verkehrssicherheit durchsetzen! Bis zum Ziel der \u201eVision Zero\u201c ist der Weg noch weit\",\"datePublished\":\"2025-12-16T04:54:48+00:00\",\"dateModified\":\"2025-12-16T04:59:08+00:00\",\"mainEntityOfPage\":{\"@id\":\"https:\\\/\\\/www.fuss-ev.de\\\/berlin\\\/2025\\\/12\\\/16\\\/verkehrssicherheit-durchsetzen-bis-zum-ziel-der-vision-zero-ist-der-weg-noch-weit\\\/\"},\"wordCount\":266,\"publisher\":{\"@id\":\"https:\\\/\\\/www.fuss-ev.de\\\/berlin\\\/#organization\"},\"image\":{\"@id\":\"https:\\\/\\\/www.fuss-ev.de\\\/berlin\\\/2025\\\/12\\\/16\\\/verkehrssicherheit-durchsetzen-bis-zum-ziel-der-vision-zero-ist-der-weg-noch-weit\\\/#primaryimage\"},\"thumbnailUrl\":\"https:\\\/\\\/www.fuss-ev.de\\\/berlin\\\/wp-content\\\/uploads\\\/sites\\\/6\\\/2025\\\/12\\\/IMG-20251211-WA0002.jpg\",\"articleSection\":[\"Aktuelles-TS\",\"Tempelhof-Sch\u00f6neberg\"],\"inLanguage\":\"de\"},{\"@type\":\"WebPage\",\"@id\":\"https:\\\/\\\/www.fuss-ev.de\\\/berlin\\\/2025\\\/12\\\/16\\\/verkehrssicherheit-durchsetzen-bis-zum-ziel-der-vision-zero-ist-der-weg-noch-weit\\\/\",\"url\":\"https:\\\/\\\/www.fuss-ev.de\\\/berlin\\\/2025\\\/12\\\/16\\\/verkehrssicherheit-durchsetzen-bis-zum-ziel-der-vision-zero-ist-der-weg-noch-weit\\\/\",\"name\":\"Verkehrssicherheit durchsetzen! Bis zum Ziel der \u201eVision Zero\u201c ist der Weg noch weit - Berlin - FUSS e.V.\",\"isPartOf\":{\"@id\":\"https:\\\/\\\/www.fuss-ev.de\\\/berlin\\\/#website\"},\"primaryImageOfPage\":{\"@id\":\"https:\\\/\\\/www.fuss-ev.de\\\/berlin\\\/2025\\\/12\\\/16\\\/verkehrssicherheit-durchsetzen-bis-zum-ziel-der-vision-zero-ist-der-weg-noch-weit\\\/#primaryimage\"},\"image\":{\"@id\":\"https:\\\/\\\/www.fuss-ev.de\\\/berlin\\\/2025\\\/12\\\/16\\\/verkehrssicherheit-durchsetzen-bis-zum-ziel-der-vision-zero-ist-der-weg-noch-weit\\\/#primaryimage\"},\"thumbnailUrl\":\"https:\\\/\\\/www.fuss-ev.de\\\/berlin\\\/wp-content\\\/uploads\\\/sites\\\/6\\\/2025\\\/12\\\/IMG-20251211-WA0002.jpg\",\"datePublished\":\"2025-12-16T04:54:48+00:00\",\"dateModified\":\"2025-12-16T04:59:08+00:00\",\"breadcrumb\":{\"@id\":\"https:\\\/\\\/www.fuss-ev.de\\\/berlin\\\/2025\\\/12\\\/16\\\/verkehrssicherheit-durchsetzen-bis-zum-ziel-der-vision-zero-ist-der-weg-noch-weit\\\/#breadcrumb\"},\"inLanguage\":\"de\",\"potentialAction\":[{\"@type\":\"ReadAction\",\"target\":[\"https:\\\/\\\/www.fuss-ev.de\\\/berlin\\\/2025\\\/12\\\/16\\\/verkehrssicherheit-durchsetzen-bis-zum-ziel-der-vision-zero-ist-der-weg-noch-weit\\\/\"]}]},{\"@type\":\"ImageObject\",\"inLanguage\":\"de\",\"@id\":\"https:\\\/\\\/www.fuss-ev.de\\\/berlin\\\/2025\\\/12\\\/16\\\/verkehrssicherheit-durchsetzen-bis-zum-ziel-der-vision-zero-ist-der-weg-noch-weit\\\/#primaryimage\",\"url\":\"https:\\\/\\\/www.fuss-ev.de\\\/berlin\\\/wp-content\\\/uploads\\\/sites\\\/6\\\/2025\\\/12\\\/IMG-20251211-WA0002.jpg\",\"contentUrl\":\"https:\\\/\\\/www.fuss-ev.de\\\/berlin\\\/wp-content\\\/uploads\\\/sites\\\/6\\\/2025\\\/12\\\/IMG-20251211-WA0002.jpg\",\"width\":1204,\"height\":1600},{\"@type\":\"BreadcrumbList\",\"@id\":\"https:\\\/\\\/www.fuss-ev.de\\\/berlin\\\/2025\\\/12\\\/16\\\/verkehrssicherheit-durchsetzen-bis-zum-ziel-der-vision-zero-ist-der-weg-noch-weit\\\/#breadcrumb\",\"itemListElement\":[{\"@type\":\"ListItem\",\"position\":1,\"name\":\"Startseite\",\"item\":\"https:\\\/\\\/www.fuss-ev.de\\\/berlin\\\/\"},{\"@type\":\"ListItem\",\"position\":2,\"name\":\"Verkehrssicherheit durchsetzen! Bis zum Ziel der \u201eVision Zero\u201c ist der Weg noch weit\"}]},{\"@type\":\"WebSite\",\"@id\":\"https:\\\/\\\/www.fuss-ev.de\\\/berlin\\\/#website\",\"url\":\"https:\\\/\\\/www.fuss-ev.de\\\/berlin\\\/\",\"name\":\"Berlin - FUSS e.V.\",\"description\":\"\",\"publisher\":{\"@id\":\"https:\\\/\\\/www.fuss-ev.de\\\/berlin\\\/#organization\"},\"potentialAction\":[{\"@type\":\"SearchAction\",\"target\":{\"@type\":\"EntryPoint\",\"urlTemplate\":\"https:\\\/\\\/www.fuss-ev.de\\\/berlin\\\/?s={search_term_string}\"},\"query-input\":{\"@type\":\"PropertyValueSpecification\",\"valueRequired\":true,\"valueName\":\"search_term_string\"}}],\"inLanguage\":\"de\"},{\"@type\":\"Organization\",\"@id\":\"https:\\\/\\\/www.fuss-ev.de\\\/berlin\\\/#organization\",\"name\":\"Berlin - FUSS e.V.\",\"url\":\"https:\\\/\\\/www.fuss-ev.de\\\/berlin\\\/\",\"logo\":{\"@type\":\"ImageObject\",\"inLanguage\":\"de\",\"@id\":\"https:\\\/\\\/www.fuss-ev.de\\\/berlin\\\/#\\\/schema\\\/logo\\\/image\\\/\",\"url\":\"https:\\\/\\\/www.fuss-ev.de\\\/berlin\\\/wp-content\\\/uploads\\\/sites\\\/6\\\/2025\\\/01\\\/FUSS_Logo.jpg\",\"contentUrl\":\"https:\\\/\\\/www.fuss-ev.de\\\/berlin\\\/wp-content\\\/uploads\\\/sites\\\/6\\\/2025\\\/01\\\/FUSS_Logo.jpg\",\"width\":2082,\"height\":979,\"caption\":\"Berlin - FUSS e.V.\"},\"image\":{\"@id\":\"https:\\\/\\\/www.fuss-ev.de\\\/berlin\\\/#\\\/schema\\\/logo\\\/image\\\/\"},\"sameAs\":[\"https:\\\/\\\/www.instagram.com\\\/fuss.berlin\\\/\"]},{\"@type\":\"Person\",\"@id\":\"https:\\\/\\\/www.fuss-ev.de\\\/berlin\\\/#\\\/schema\\\/person\\\/bb87bc727af9670a7740dbe9ac3e509a\",\"name\":\"danielaschachtts\",\"image\":{\"@type\":\"ImageObject\",\"inLanguage\":\"de\",\"@id\":\"https:\\\/\\\/secure.gravatar.com\\\/avatar\\\/f6686723b5accc2454c512f6afe0d233f0b303126f51006b39200d8959d58661?s=96&d=mm&r=g\",\"url\":\"https:\\\/\\\/secure.gravatar.com\\\/avatar\\\/f6686723b5accc2454c512f6afe0d233f0b303126f51006b39200d8959d58661?s=96&d=mm&r=g\",\"contentUrl\":\"https:\\\/\\\/secure.gravatar.com\\\/avatar\\\/f6686723b5accc2454c512f6afe0d233f0b303126f51006b39200d8959d58661?s=96&d=mm&r=g\",\"caption\":\"danielaschachtts\"},\"url\":\"https:\\\/\\\/www.fuss-ev.de\\\/berlin\\\/author\\\/danielaschachtts\\\/\"}]}<\/script>\n<!-- \/ Yoast SEO plugin. -->","yoast_head_json":{"title":"Verkehrssicherheit durchsetzen! Bis zum Ziel der \u201eVision Zero\u201c ist der Weg noch weit - Berlin - FUSS e.V.","robots":{"index":"index","follow":"follow","max-snippet":"max-snippet:-1","max-image-preview":"max-image-preview:large","max-video-preview":"max-video-preview:-1"},"canonical":"https:\/\/www.fuss-ev.de\/berlin\/2025\/12\/16\/verkehrssicherheit-durchsetzen-bis-zum-ziel-der-vision-zero-ist-der-weg-noch-weit\/","og_locale":"de_DE","og_type":"article","og_title":"Verkehrssicherheit durchsetzen! Bis zum Ziel der \u201eVision Zero\u201c ist der Weg noch weit - Berlin - FUSS e.V.","og_description":"Nach 55 Verkehrstoten und tausenden von Verletzten in 2024 starben im laufenden Jahr bereits 34 Menschen im Stra\u00dfenverkehr, darunter 16 Fu\u00dfg\u00e4ngerinnen! Bei Mahnwachen im Juli wurde u.a. zwei Senioren gedacht, die an der Kreuzung Mariendorfer [&hellip;]","og_url":"https:\/\/www.fuss-ev.de\/berlin\/2025\/12\/16\/verkehrssicherheit-durchsetzen-bis-zum-ziel-der-vision-zero-ist-der-weg-noch-weit\/","og_site_name":"Berlin - FUSS e.V.","article_published_time":"2025-12-16T04:54:48+00:00","article_modified_time":"2025-12-16T04:59:08+00:00","og_image":[{"width":1204,"height":1600,"url":"https:\/\/www.fuss-ev.de\/berlin\/wp-content\/uploads\/sites\/6\/2025\/12\/IMG-20251211-WA0002.jpg","type":"image\/jpeg"}],"author":"danielaschachtts","twitter_card":"summary_large_image","twitter_misc":{"Verfasst von":"danielaschachtts","Gesch\u00e4tzte Lesezeit":"2\u00a0Minuten"},"schema":{"@context":"https:\/\/schema.org","@graph":[{"@type":"Article","@id":"https:\/\/www.fuss-ev.de\/berlin\/2025\/12\/16\/verkehrssicherheit-durchsetzen-bis-zum-ziel-der-vision-zero-ist-der-weg-noch-weit\/#article","isPartOf":{"@id":"https:\/\/www.fuss-ev.de\/berlin\/2025\/12\/16\/verkehrssicherheit-durchsetzen-bis-zum-ziel-der-vision-zero-ist-der-weg-noch-weit\/"},"author":{"name":"danielaschachtts","@id":"https:\/\/www.fuss-ev.de\/berlin\/#\/schema\/person\/bb87bc727af9670a7740dbe9ac3e509a"},"headline":"Verkehrssicherheit durchsetzen! Bis zum Ziel der \u201eVision Zero\u201c ist der Weg noch weit","datePublished":"2025-12-16T04:54:48+00:00","dateModified":"2025-12-16T04:59:08+00:00","mainEntityOfPage":{"@id":"https:\/\/www.fuss-ev.de\/berlin\/2025\/12\/16\/verkehrssicherheit-durchsetzen-bis-zum-ziel-der-vision-zero-ist-der-weg-noch-weit\/"},"wordCount":266,"publisher":{"@id":"https:\/\/www.fuss-ev.de\/berlin\/#organization"},"image":{"@id":"https:\/\/www.fuss-ev.de\/berlin\/2025\/12\/16\/verkehrssicherheit-durchsetzen-bis-zum-ziel-der-vision-zero-ist-der-weg-noch-weit\/#primaryimage"},"thumbnailUrl":"https:\/\/www.fuss-ev.de\/berlin\/wp-content\/uploads\/sites\/6\/2025\/12\/IMG-20251211-WA0002.jpg","articleSection":["Aktuelles-TS","Tempelhof-Sch\u00f6neberg"],"inLanguage":"de"},{"@type":"WebPage","@id":"https:\/\/www.fuss-ev.de\/berlin\/2025\/12\/16\/verkehrssicherheit-durchsetzen-bis-zum-ziel-der-vision-zero-ist-der-weg-noch-weit\/","url":"https:\/\/www.fuss-ev.de\/berlin\/2025\/12\/16\/verkehrssicherheit-durchsetzen-bis-zum-ziel-der-vision-zero-ist-der-weg-noch-weit\/","name":"Verkehrssicherheit durchsetzen! Bis zum Ziel der \u201eVision Zero\u201c ist der Weg noch weit - Berlin - FUSS e.V.","isPartOf":{"@id":"https:\/\/www.fuss-ev.de\/berlin\/#website"},"primaryImageOfPage":{"@id":"https:\/\/www.fuss-ev.de\/berlin\/2025\/12\/16\/verkehrssicherheit-durchsetzen-bis-zum-ziel-der-vision-zero-ist-der-weg-noch-weit\/#primaryimage"},"image":{"@id":"https:\/\/www.fuss-ev.de\/berlin\/2025\/12\/16\/verkehrssicherheit-durchsetzen-bis-zum-ziel-der-vision-zero-ist-der-weg-noch-weit\/#primaryimage"},"thumbnailUrl":"https:\/\/www.fuss-ev.de\/berlin\/wp-content\/uploads\/sites\/6\/2025\/12\/IMG-20251211-WA0002.jpg","datePublished":"2025-12-16T04:54:48+00:00","dateModified":"2025-12-16T04:59:08+00:00","breadcrumb":{"@id":"https:\/\/www.fuss-ev.de\/berlin\/2025\/12\/16\/verkehrssicherheit-durchsetzen-bis-zum-ziel-der-vision-zero-ist-der-weg-noch-weit\/#breadcrumb"},"inLanguage":"de","potentialAction":[{"@type":"ReadAction","target":["https:\/\/www.fuss-ev.de\/berlin\/2025\/12\/16\/verkehrssicherheit-durchsetzen-bis-zum-ziel-der-vision-zero-ist-der-weg-noch-weit\/"]}]},{"@type":"ImageObject","inLanguage":"de","@id":"https:\/\/www.fuss-ev.de\/berlin\/2025\/12\/16\/verkehrssicherheit-durchsetzen-bis-zum-ziel-der-vision-zero-ist-der-weg-noch-weit\/#primaryimage","url":"https:\/\/www.fuss-ev.de\/berlin\/wp-content\/uploads\/sites\/6\/2025\/12\/IMG-20251211-WA0002.jpg","contentUrl":"https:\/\/www.fuss-ev.de\/berlin\/wp-content\/uploads\/sites\/6\/2025\/12\/IMG-20251211-WA0002.jpg","width":1204,"height":1600},{"@type":"BreadcrumbList","@id":"https:\/\/www.fuss-ev.de\/berlin\/2025\/12\/16\/verkehrssicherheit-durchsetzen-bis-zum-ziel-der-vision-zero-ist-der-weg-noch-weit\/#breadcrumb","itemListElement":[{"@type":"ListItem","position":1,"name":"Startseite","item":"https:\/\/www.fuss-ev.de\/berlin\/"},{"@type":"ListItem","position":2,"name":"Verkehrssicherheit durchsetzen! Bis zum Ziel der \u201eVision Zero\u201c ist der Weg noch weit"}]},{"@type":"WebSite","@id":"https:\/\/www.fuss-ev.de\/berlin\/#website","url":"https:\/\/www.fuss-ev.de\/berlin\/","name":"Berlin - FUSS e.V.","description":"","publisher":{"@id":"https:\/\/www.fuss-ev.de\/berlin\/#organization"},"potentialAction":[{"@type":"SearchAction","target":{"@type":"EntryPoint","urlTemplate":"https:\/\/www.fuss-ev.de\/berlin\/?s={search_term_string}"},"query-input":{"@type":"PropertyValueSpecification","valueRequired":true,"valueName":"search_term_string"}}],"inLanguage":"de"},{"@type":"Organization","@id":"https:\/\/www.fuss-ev.de\/berlin\/#organization","name":"Berlin - FUSS e.V.","url":"https:\/\/www.fuss-ev.de\/berlin\/","logo":{"@type":"ImageObject","inLanguage":"de","@id":"https:\/\/www.fuss-ev.de\/berlin\/#\/schema\/logo\/image\/","url":"https:\/\/www.fuss-ev.de\/berlin\/wp-content\/uploads\/sites\/6\/2025\/01\/FUSS_Logo.jpg","contentUrl":"https:\/\/www.fuss-ev.de\/berlin\/wp-content\/uploads\/sites\/6\/2025\/01\/FUSS_Logo.jpg","width":2082,"height":979,"caption":"Berlin - FUSS e.V."},"image":{"@id":"https:\/\/www.fuss-ev.de\/berlin\/#\/schema\/logo\/image\/"},"sameAs":["https:\/\/www.instagram.com\/fuss.berlin\/"]},{"@type":"Person","@id":"https:\/\/www.fuss-ev.de\/berlin\/#\/schema\/person\/bb87bc727af9670a7740dbe9ac3e509a","name":"danielaschachtts","image":{"@type":"ImageObject","inLanguage":"de","@id":"https:\/\/secure.gravatar.com\/avatar\/f6686723b5accc2454c512f6afe0d233f0b303126f51006b39200d8959d58661?s=96&d=mm&r=g","url":"https:\/\/secure.gravatar.com\/avatar\/f6686723b5accc2454c512f6afe0d233f0b303126f51006b39200d8959d58661?s=96&d=mm&r=g","contentUrl":"https:\/\/secure.gravatar.com\/avatar\/f6686723b5accc2454c512f6afe0d233f0b303126f51006b39200d8959d58661?s=96&d=mm&r=g","caption":"danielaschachtts"},"url":"https:\/\/www.fuss-ev.de\/berlin\/author\/danielaschachtts\/"}]}},"publishpress_future_action":{"enabled":false,"date":"2026-05-07 08:32:53","action":"change-status","newStatus":"draft","terms":[],"taxonomy":"category","extraData":[]},"publishpress_future_workflow_manual_trigger":{"enabledWorkflows":[]},"_links":{"self":[{"href":"https:\/\/www.fuss-ev.de\/berlin\/wp-json\/wp\/v2\/posts\/5626","targetHints":{"allow":["GET"]}}],"collection":[{"href":"https:\/\/www.fuss-ev.de\/berlin\/wp-json\/wp\/v2\/posts"}],"about":[{"href":"https:\/\/www.fuss-ev.de\/berlin\/wp-json\/wp\/v2\/types\/post"}],"author":[{"embeddable":true,"href":"https:\/\/www.fuss-ev.de\/berlin\/wp-json\/wp\/v2\/users\/57"}],"replies":[{"embeddable":true,"href":"https:\/\/www.fuss-ev.de\/berlin\/wp-json\/wp\/v2\/comments?post=5626"}],"version-history":[{"count":4,"href":"https:\/\/www.fuss-ev.de\/berlin\/wp-json\/wp\/v2\/posts\/5626\/revisions"}],"predecessor-version":[{"id":5633,"href":"https:\/\/www.fuss-ev.de\/berlin\/wp-json\/wp\/v2\/posts\/5626\/revisions\/5633"}],"wp:featuredmedia":[{"embeddable":true,"href":"https:\/\/www.fuss-ev.de\/berlin\/wp-json\/wp\/v2\/media\/5627"}],"wp:attachment":[{"href":"https:\/\/www.fuss-ev.de\/berlin\/wp-json\/wp\/v2\/media?parent=5626"}],"wp:term":[{"taxonomy":"category","embeddable":true,"href":"https:\/\/www.fuss-ev.de\/berlin\/wp-json\/wp\/v2\/categories?post=5626"},{"taxonomy":"post_tag","embeddable":true,"href":"https:\/\/www.fuss-ev.de\/berlin\/wp-json\/wp\/v2\/tags?post=5626"}],"curies":[{"name":"wp","href":"https:\/\/api.w.org\/{rel}","templated":true}]}}