{"id":5371,"date":"2025-09-14T17:59:56","date_gmt":"2025-09-14T15:59:56","guid":{"rendered":"https:\/\/www.fuss-ev.de\/berlin\/?p=5371"},"modified":"2025-09-14T17:59:56","modified_gmt":"2025-09-14T15:59:56","slug":"fuss-e-v-beim-mittenwalder-strassenfest","status":"publish","type":"post","link":"https:\/\/www.fuss-ev.de\/berlin\/2025\/09\/14\/fuss-e-v-beim-mittenwalder-strassenfest\/","title":{"rendered":"FUSS e.V. beim Mittenwalder Stra\u00dfenfest"},"content":{"rendered":"<p class=\"p1\">Am Samstag den 06.09. fand in der Mittenwalder Stra\u00dfe in Kreuzberg ein Fest unter dem Motto \u201eNachhaltig und unendlich bunt\u201c statt. Wir vom Fu\u00df ev. Friedrichshain-Kreuzberg waren mit einem Informationsstand anwesend und nutzten die M\u00f6glichkeit unsere Anliegen und Forderungen vorzustellen. In entspannter Atmosph\u00e4re zwischen verschiedenen Initiativen und Gruppierungen und diversen kulinarischen Angeboten war ein besonderer Anziehungspunkt unser Auto-Stapel-Spiel, bei dem Kinder Spielzeugautos \u00fcbereinander stapeln, um zu lernen, wieviel \u00f6ffentlichen Raum Parkpl\u00e4tze in Anspruch nehmen. Es ergaben sich viele Gespr\u00e4che mit Anwohnenden und Passanten. Es hat sich wieder einmal gezeigt, wieviel Zuspruch FUSS e.V. Erh\u00e4lt, wenn wir \u00f6ffentlich auftreten.<\/p>\n","protected":false},"excerpt":{"rendered":"<p>Am Samstag den 06.09. fand in der Mittenwalder Stra\u00dfe in Kreuzberg ein Fest unter dem Motto \u201eNachhaltig und unendlich bunt\u201c statt. Wir vom Fu\u00df ev. Friedrichshain-Kreuzberg waren mit einem Informationsstand anwesend und nutzten die M\u00f6glichkeit [&hellip;]<\/p>\n","protected":false},"author":32,"featured_media":5373,"comment_status":"closed","ping_status":"closed","sticky":false,"template":"","format":"standard","meta":{"_acf_changed":false,"_relevanssi_hide_post":"","_relevanssi_hide_content":"","_relevanssi_pin_for_all":"","_relevanssi_pin_keywords":"","_relevanssi_unpin_keywords":"","_relevanssi_related_keywords":"","_relevanssi_related_include_ids":"","_relevanssi_related_exclude_ids":"","_relevanssi_related_no_append":"","_relevanssi_related_not_related":"","_relevanssi_related_posts":"","_relevanssi_noindex_reason":"","footnotes":""},"categories":[14],"tags":[34],"class_list":["post-5371","post","type-post","status-publish","format-standard","has-post-thumbnail","hentry","category-aktuelles-fhxb","tag-info-stand"],"acf":[],"yoast_head":"<!-- This site is optimized with the Yoast SEO plugin v27.4 - https:\/\/yoast.com\/product\/yoast-seo-wordpress\/ -->\n<title>FUSS e.V. beim Mittenwalder Stra\u00dfenfest - Berlin - FUSS e.V.<\/title>\n<meta name=\"robots\" content=\"index, follow, max-snippet:-1, max-image-preview:large, max-video-preview:-1\" \/>\n<link rel=\"canonical\" href=\"https:\/\/www.fuss-ev.de\/berlin\/2025\/09\/14\/fuss-e-v-beim-mittenwalder-strassenfest\/\" \/>\n<meta property=\"og:locale\" content=\"de_DE\" \/>\n<meta property=\"og:type\" content=\"article\" \/>\n<meta property=\"og:title\" content=\"FUSS e.V. beim Mittenwalder Stra\u00dfenfest - Berlin - FUSS e.V.\" \/>\n<meta property=\"og:description\" content=\"Am Samstag den 06.09. fand in der Mittenwalder Stra\u00dfe in Kreuzberg ein Fest unter dem Motto \u201eNachhaltig und unendlich bunt\u201c statt. Wir vom Fu\u00df ev. Friedrichshain-Kreuzberg waren mit einem Informationsstand anwesend und nutzten die M\u00f6glichkeit [&hellip;]\" \/>\n<meta property=\"og:url\" content=\"https:\/\/www.fuss-ev.de\/berlin\/2025\/09\/14\/fuss-e-v-beim-mittenwalder-strassenfest\/\" \/>\n<meta property=\"og:site_name\" content=\"Berlin - FUSS e.V.\" \/>\n<meta property=\"article:published_time\" content=\"2025-09-14T15:59:56+00:00\" \/>\n<meta property=\"og:image\" content=\"https:\/\/www.fuss-ev.de\/berlin\/wp-content\/uploads\/sites\/6\/2025\/09\/IMG_1530-scaled-e1757865555362.jpg\" \/>\n\t<meta property=\"og:image:width\" content=\"1810\" \/>\n\t<meta property=\"og:image:height\" content=\"1260\" \/>\n\t<meta property=\"og:image:type\" content=\"image\/jpeg\" \/>\n<meta name=\"author\" content=\"justyna\" \/>\n<meta name=\"twitter:card\" content=\"summary_large_image\" \/>\n<meta name=\"twitter:label1\" content=\"Verfasst von\" \/>\n\t<meta name=\"twitter:data1\" content=\"justyna\" \/>\n\t<meta name=\"twitter:label2\" content=\"Gesch\u00e4tzte Lesezeit\" \/>\n\t<meta name=\"twitter:data2\" content=\"1\u00a0Minute\" \/>\n<script type=\"application\/ld+json\" class=\"yoast-schema-graph\">{\"@context\":\"https:\\\/\\\/schema.org\",\"@graph\":[{\"@type\":\"Article\",\"@id\":\"https:\\\/\\\/www.fuss-ev.de\\\/berlin\\\/2025\\\/09\\\/14\\\/fuss-e-v-beim-mittenwalder-strassenfest\\\/#article\",\"isPartOf\":{\"@id\":\"https:\\\/\\\/www.fuss-ev.de\\\/berlin\\\/2025\\\/09\\\/14\\\/fuss-e-v-beim-mittenwalder-strassenfest\\\/\"},\"author\":{\"name\":\"justyna\",\"@id\":\"https:\\\/\\\/www.fuss-ev.de\\\/berlin\\\/#\\\/schema\\\/person\\\/2d4836ba654ee2bf1c64e6b1e380c6cd\"},\"headline\":\"FUSS e.V. beim Mittenwalder Stra\u00dfenfest\",\"datePublished\":\"2025-09-14T15:59:56+00:00\",\"mainEntityOfPage\":{\"@id\":\"https:\\\/\\\/www.fuss-ev.de\\\/berlin\\\/2025\\\/09\\\/14\\\/fuss-e-v-beim-mittenwalder-strassenfest\\\/\"},\"wordCount\":111,\"publisher\":{\"@id\":\"https:\\\/\\\/www.fuss-ev.de\\\/berlin\\\/#organization\"},\"image\":{\"@id\":\"https:\\\/\\\/www.fuss-ev.de\\\/berlin\\\/2025\\\/09\\\/14\\\/fuss-e-v-beim-mittenwalder-strassenfest\\\/#primaryimage\"},\"thumbnailUrl\":\"https:\\\/\\\/www.fuss-ev.de\\\/berlin\\\/wp-content\\\/uploads\\\/sites\\\/6\\\/2025\\\/09\\\/IMG_1530-scaled-e1757865555362.jpg\",\"keywords\":[\"Info-Stand\"],\"articleSection\":[\"Aktuelles-FHXB\"],\"inLanguage\":\"de\"},{\"@type\":\"WebPage\",\"@id\":\"https:\\\/\\\/www.fuss-ev.de\\\/berlin\\\/2025\\\/09\\\/14\\\/fuss-e-v-beim-mittenwalder-strassenfest\\\/\",\"url\":\"https:\\\/\\\/www.fuss-ev.de\\\/berlin\\\/2025\\\/09\\\/14\\\/fuss-e-v-beim-mittenwalder-strassenfest\\\/\",\"name\":\"FUSS e.V. beim Mittenwalder Stra\u00dfenfest - Berlin - FUSS e.V.\",\"isPartOf\":{\"@id\":\"https:\\\/\\\/www.fuss-ev.de\\\/berlin\\\/#website\"},\"primaryImageOfPage\":{\"@id\":\"https:\\\/\\\/www.fuss-ev.de\\\/berlin\\\/2025\\\/09\\\/14\\\/fuss-e-v-beim-mittenwalder-strassenfest\\\/#primaryimage\"},\"image\":{\"@id\":\"https:\\\/\\\/www.fuss-ev.de\\\/berlin\\\/2025\\\/09\\\/14\\\/fuss-e-v-beim-mittenwalder-strassenfest\\\/#primaryimage\"},\"thumbnailUrl\":\"https:\\\/\\\/www.fuss-ev.de\\\/berlin\\\/wp-content\\\/uploads\\\/sites\\\/6\\\/2025\\\/09\\\/IMG_1530-scaled-e1757865555362.jpg\",\"datePublished\":\"2025-09-14T15:59:56+00:00\",\"breadcrumb\":{\"@id\":\"https:\\\/\\\/www.fuss-ev.de\\\/berlin\\\/2025\\\/09\\\/14\\\/fuss-e-v-beim-mittenwalder-strassenfest\\\/#breadcrumb\"},\"inLanguage\":\"de\",\"potentialAction\":[{\"@type\":\"ReadAction\",\"target\":[\"https:\\\/\\\/www.fuss-ev.de\\\/berlin\\\/2025\\\/09\\\/14\\\/fuss-e-v-beim-mittenwalder-strassenfest\\\/\"]}]},{\"@type\":\"ImageObject\",\"inLanguage\":\"de\",\"@id\":\"https:\\\/\\\/www.fuss-ev.de\\\/berlin\\\/2025\\\/09\\\/14\\\/fuss-e-v-beim-mittenwalder-strassenfest\\\/#primaryimage\",\"url\":\"https:\\\/\\\/www.fuss-ev.de\\\/berlin\\\/wp-content\\\/uploads\\\/sites\\\/6\\\/2025\\\/09\\\/IMG_1530-scaled-e1757865555362.jpg\",\"contentUrl\":\"https:\\\/\\\/www.fuss-ev.de\\\/berlin\\\/wp-content\\\/uploads\\\/sites\\\/6\\\/2025\\\/09\\\/IMG_1530-scaled-e1757865555362.jpg\",\"width\":1810,\"height\":1260,\"caption\":\"Mittenwalder Stra\u00dfenfest\"},{\"@type\":\"BreadcrumbList\",\"@id\":\"https:\\\/\\\/www.fuss-ev.de\\\/berlin\\\/2025\\\/09\\\/14\\\/fuss-e-v-beim-mittenwalder-strassenfest\\\/#breadcrumb\",\"itemListElement\":[{\"@type\":\"ListItem\",\"position\":1,\"name\":\"Startseite\",\"item\":\"https:\\\/\\\/www.fuss-ev.de\\\/berlin\\\/\"},{\"@type\":\"ListItem\",\"position\":2,\"name\":\"FUSS e.V. beim Mittenwalder Stra\u00dfenfest\"}]},{\"@type\":\"WebSite\",\"@id\":\"https:\\\/\\\/www.fuss-ev.de\\\/berlin\\\/#website\",\"url\":\"https:\\\/\\\/www.fuss-ev.de\\\/berlin\\\/\",\"name\":\"Berlin - FUSS e.V.\",\"description\":\"\",\"publisher\":{\"@id\":\"https:\\\/\\\/www.fuss-ev.de\\\/berlin\\\/#organization\"},\"potentialAction\":[{\"@type\":\"SearchAction\",\"target\":{\"@type\":\"EntryPoint\",\"urlTemplate\":\"https:\\\/\\\/www.fuss-ev.de\\\/berlin\\\/?s={search_term_string}\"},\"query-input\":{\"@type\":\"PropertyValueSpecification\",\"valueRequired\":true,\"valueName\":\"search_term_string\"}}],\"inLanguage\":\"de\"},{\"@type\":\"Organization\",\"@id\":\"https:\\\/\\\/www.fuss-ev.de\\\/berlin\\\/#organization\",\"name\":\"Berlin - FUSS e.V.\",\"url\":\"https:\\\/\\\/www.fuss-ev.de\\\/berlin\\\/\",\"logo\":{\"@type\":\"ImageObject\",\"inLanguage\":\"de\",\"@id\":\"https:\\\/\\\/www.fuss-ev.de\\\/berlin\\\/#\\\/schema\\\/logo\\\/image\\\/\",\"url\":\"https:\\\/\\\/www.fuss-ev.de\\\/berlin\\\/wp-content\\\/uploads\\\/sites\\\/6\\\/2025\\\/01\\\/FUSS_Logo.jpg\",\"contentUrl\":\"https:\\\/\\\/www.fuss-ev.de\\\/berlin\\\/wp-content\\\/uploads\\\/sites\\\/6\\\/2025\\\/01\\\/FUSS_Logo.jpg\",\"width\":2082,\"height\":979,\"caption\":\"Berlin - FUSS e.V.\"},\"image\":{\"@id\":\"https:\\\/\\\/www.fuss-ev.de\\\/berlin\\\/#\\\/schema\\\/logo\\\/image\\\/\"},\"sameAs\":[\"https:\\\/\\\/www.instagram.com\\\/fuss.berlin\\\/\"]},{\"@type\":\"Person\",\"@id\":\"https:\\\/\\\/www.fuss-ev.de\\\/berlin\\\/#\\\/schema\\\/person\\\/2d4836ba654ee2bf1c64e6b1e380c6cd\",\"name\":\"justyna\",\"image\":{\"@type\":\"ImageObject\",\"inLanguage\":\"de\",\"@id\":\"https:\\\/\\\/secure.gravatar.com\\\/avatar\\\/ddf910b79c4cd459e686c2702bb7ed3ad67aa9754bd9402bcbabf4e1347d3232?s=96&d=mm&r=g\",\"url\":\"https:\\\/\\\/secure.gravatar.com\\\/avatar\\\/ddf910b79c4cd459e686c2702bb7ed3ad67aa9754bd9402bcbabf4e1347d3232?s=96&d=mm&r=g\",\"contentUrl\":\"https:\\\/\\\/secure.gravatar.com\\\/avatar\\\/ddf910b79c4cd459e686c2702bb7ed3ad67aa9754bd9402bcbabf4e1347d3232?s=96&d=mm&r=g\",\"caption\":\"justyna\"},\"url\":\"https:\\\/\\\/www.fuss-ev.de\\\/berlin\\\/author\\\/justynaluczak\\\/\"}]}<\/script>\n<!-- \/ Yoast SEO plugin. -->","yoast_head_json":{"title":"FUSS e.V. beim Mittenwalder Stra\u00dfenfest - Berlin - FUSS e.V.","robots":{"index":"index","follow":"follow","max-snippet":"max-snippet:-1","max-image-preview":"max-image-preview:large","max-video-preview":"max-video-preview:-1"},"canonical":"https:\/\/www.fuss-ev.de\/berlin\/2025\/09\/14\/fuss-e-v-beim-mittenwalder-strassenfest\/","og_locale":"de_DE","og_type":"article","og_title":"FUSS e.V. beim Mittenwalder Stra\u00dfenfest - Berlin - FUSS e.V.","og_description":"Am Samstag den 06.09. fand in der Mittenwalder Stra\u00dfe in Kreuzberg ein Fest unter dem Motto \u201eNachhaltig und unendlich bunt\u201c statt. Wir vom Fu\u00df ev. Friedrichshain-Kreuzberg waren mit einem Informationsstand anwesend und nutzten die M\u00f6glichkeit [&hellip;]","og_url":"https:\/\/www.fuss-ev.de\/berlin\/2025\/09\/14\/fuss-e-v-beim-mittenwalder-strassenfest\/","og_site_name":"Berlin - FUSS e.V.","article_published_time":"2025-09-14T15:59:56+00:00","og_image":[{"width":1810,"height":1260,"url":"https:\/\/www.fuss-ev.de\/berlin\/wp-content\/uploads\/sites\/6\/2025\/09\/IMG_1530-scaled-e1757865555362.jpg","type":"image\/jpeg"}],"author":"justyna","twitter_card":"summary_large_image","twitter_misc":{"Verfasst von":"justyna","Gesch\u00e4tzte Lesezeit":"1\u00a0Minute"},"schema":{"@context":"https:\/\/schema.org","@graph":[{"@type":"Article","@id":"https:\/\/www.fuss-ev.de\/berlin\/2025\/09\/14\/fuss-e-v-beim-mittenwalder-strassenfest\/#article","isPartOf":{"@id":"https:\/\/www.fuss-ev.de\/berlin\/2025\/09\/14\/fuss-e-v-beim-mittenwalder-strassenfest\/"},"author":{"name":"justyna","@id":"https:\/\/www.fuss-ev.de\/berlin\/#\/schema\/person\/2d4836ba654ee2bf1c64e6b1e380c6cd"},"headline":"FUSS e.V. beim Mittenwalder Stra\u00dfenfest","datePublished":"2025-09-14T15:59:56+00:00","mainEntityOfPage":{"@id":"https:\/\/www.fuss-ev.de\/berlin\/2025\/09\/14\/fuss-e-v-beim-mittenwalder-strassenfest\/"},"wordCount":111,"publisher":{"@id":"https:\/\/www.fuss-ev.de\/berlin\/#organization"},"image":{"@id":"https:\/\/www.fuss-ev.de\/berlin\/2025\/09\/14\/fuss-e-v-beim-mittenwalder-strassenfest\/#primaryimage"},"thumbnailUrl":"https:\/\/www.fuss-ev.de\/berlin\/wp-content\/uploads\/sites\/6\/2025\/09\/IMG_1530-scaled-e1757865555362.jpg","keywords":["Info-Stand"],"articleSection":["Aktuelles-FHXB"],"inLanguage":"de"},{"@type":"WebPage","@id":"https:\/\/www.fuss-ev.de\/berlin\/2025\/09\/14\/fuss-e-v-beim-mittenwalder-strassenfest\/","url":"https:\/\/www.fuss-ev.de\/berlin\/2025\/09\/14\/fuss-e-v-beim-mittenwalder-strassenfest\/","name":"FUSS e.V. beim Mittenwalder Stra\u00dfenfest - Berlin - FUSS e.V.","isPartOf":{"@id":"https:\/\/www.fuss-ev.de\/berlin\/#website"},"primaryImageOfPage":{"@id":"https:\/\/www.fuss-ev.de\/berlin\/2025\/09\/14\/fuss-e-v-beim-mittenwalder-strassenfest\/#primaryimage"},"image":{"@id":"https:\/\/www.fuss-ev.de\/berlin\/2025\/09\/14\/fuss-e-v-beim-mittenwalder-strassenfest\/#primaryimage"},"thumbnailUrl":"https:\/\/www.fuss-ev.de\/berlin\/wp-content\/uploads\/sites\/6\/2025\/09\/IMG_1530-scaled-e1757865555362.jpg","datePublished":"2025-09-14T15:59:56+00:00","breadcrumb":{"@id":"https:\/\/www.fuss-ev.de\/berlin\/2025\/09\/14\/fuss-e-v-beim-mittenwalder-strassenfest\/#breadcrumb"},"inLanguage":"de","potentialAction":[{"@type":"ReadAction","target":["https:\/\/www.fuss-ev.de\/berlin\/2025\/09\/14\/fuss-e-v-beim-mittenwalder-strassenfest\/"]}]},{"@type":"ImageObject","inLanguage":"de","@id":"https:\/\/www.fuss-ev.de\/berlin\/2025\/09\/14\/fuss-e-v-beim-mittenwalder-strassenfest\/#primaryimage","url":"https:\/\/www.fuss-ev.de\/berlin\/wp-content\/uploads\/sites\/6\/2025\/09\/IMG_1530-scaled-e1757865555362.jpg","contentUrl":"https:\/\/www.fuss-ev.de\/berlin\/wp-content\/uploads\/sites\/6\/2025\/09\/IMG_1530-scaled-e1757865555362.jpg","width":1810,"height":1260,"caption":"Mittenwalder Stra\u00dfenfest"},{"@type":"BreadcrumbList","@id":"https:\/\/www.fuss-ev.de\/berlin\/2025\/09\/14\/fuss-e-v-beim-mittenwalder-strassenfest\/#breadcrumb","itemListElement":[{"@type":"ListItem","position":1,"name":"Startseite","item":"https:\/\/www.fuss-ev.de\/berlin\/"},{"@type":"ListItem","position":2,"name":"FUSS e.V. beim Mittenwalder Stra\u00dfenfest"}]},{"@type":"WebSite","@id":"https:\/\/www.fuss-ev.de\/berlin\/#website","url":"https:\/\/www.fuss-ev.de\/berlin\/","name":"Berlin - FUSS e.V.","description":"","publisher":{"@id":"https:\/\/www.fuss-ev.de\/berlin\/#organization"},"potentialAction":[{"@type":"SearchAction","target":{"@type":"EntryPoint","urlTemplate":"https:\/\/www.fuss-ev.de\/berlin\/?s={search_term_string}"},"query-input":{"@type":"PropertyValueSpecification","valueRequired":true,"valueName":"search_term_string"}}],"inLanguage":"de"},{"@type":"Organization","@id":"https:\/\/www.fuss-ev.de\/berlin\/#organization","name":"Berlin - FUSS e.V.","url":"https:\/\/www.fuss-ev.de\/berlin\/","logo":{"@type":"ImageObject","inLanguage":"de","@id":"https:\/\/www.fuss-ev.de\/berlin\/#\/schema\/logo\/image\/","url":"https:\/\/www.fuss-ev.de\/berlin\/wp-content\/uploads\/sites\/6\/2025\/01\/FUSS_Logo.jpg","contentUrl":"https:\/\/www.fuss-ev.de\/berlin\/wp-content\/uploads\/sites\/6\/2025\/01\/FUSS_Logo.jpg","width":2082,"height":979,"caption":"Berlin - FUSS e.V."},"image":{"@id":"https:\/\/www.fuss-ev.de\/berlin\/#\/schema\/logo\/image\/"},"sameAs":["https:\/\/www.instagram.com\/fuss.berlin\/"]},{"@type":"Person","@id":"https:\/\/www.fuss-ev.de\/berlin\/#\/schema\/person\/2d4836ba654ee2bf1c64e6b1e380c6cd","name":"justyna","image":{"@type":"ImageObject","inLanguage":"de","@id":"https:\/\/secure.gravatar.com\/avatar\/ddf910b79c4cd459e686c2702bb7ed3ad67aa9754bd9402bcbabf4e1347d3232?s=96&d=mm&r=g","url":"https:\/\/secure.gravatar.com\/avatar\/ddf910b79c4cd459e686c2702bb7ed3ad67aa9754bd9402bcbabf4e1347d3232?s=96&d=mm&r=g","contentUrl":"https:\/\/secure.gravatar.com\/avatar\/ddf910b79c4cd459e686c2702bb7ed3ad67aa9754bd9402bcbabf4e1347d3232?s=96&d=mm&r=g","caption":"justyna"},"url":"https:\/\/www.fuss-ev.de\/berlin\/author\/justynaluczak\/"}]}},"publishpress_future_action":{"enabled":false,"date":"2026-05-07 18:11:26","action":"change-status","newStatus":"draft","terms":[],"taxonomy":"category","extraData":[]},"publishpress_future_workflow_manual_trigger":{"enabledWorkflows":[]},"_links":{"self":[{"href":"https:\/\/www.fuss-ev.de\/berlin\/wp-json\/wp\/v2\/posts\/5371","targetHints":{"allow":["GET"]}}],"collection":[{"href":"https:\/\/www.fuss-ev.de\/berlin\/wp-json\/wp\/v2\/posts"}],"about":[{"href":"https:\/\/www.fuss-ev.de\/berlin\/wp-json\/wp\/v2\/types\/post"}],"author":[{"embeddable":true,"href":"https:\/\/www.fuss-ev.de\/berlin\/wp-json\/wp\/v2\/users\/32"}],"replies":[{"embeddable":true,"href":"https:\/\/www.fuss-ev.de\/berlin\/wp-json\/wp\/v2\/comments?post=5371"}],"version-history":[{"count":3,"href":"https:\/\/www.fuss-ev.de\/berlin\/wp-json\/wp\/v2\/posts\/5371\/revisions"}],"predecessor-version":[{"id":5375,"href":"https:\/\/www.fuss-ev.de\/berlin\/wp-json\/wp\/v2\/posts\/5371\/revisions\/5375"}],"wp:featuredmedia":[{"embeddable":true,"href":"https:\/\/www.fuss-ev.de\/berlin\/wp-json\/wp\/v2\/media\/5373"}],"wp:attachment":[{"href":"https:\/\/www.fuss-ev.de\/berlin\/wp-json\/wp\/v2\/media?parent=5371"}],"wp:term":[{"taxonomy":"category","embeddable":true,"href":"https:\/\/www.fuss-ev.de\/berlin\/wp-json\/wp\/v2\/categories?post=5371"},{"taxonomy":"post_tag","embeddable":true,"href":"https:\/\/www.fuss-ev.de\/berlin\/wp-json\/wp\/v2\/tags?post=5371"}],"curies":[{"name":"wp","href":"https:\/\/api.w.org\/{rel}","templated":true}]}}