{"id":5202,"date":"2025-07-10T07:31:09","date_gmt":"2025-07-10T05:31:09","guid":{"rendered":"https:\/\/www.fuss-ev.de\/berlin\/?p=5202"},"modified":"2025-10-22T09:19:37","modified_gmt":"2025-10-22T07:19:37","slug":"mahnwache-fuer-getoetete-fussgaengerinnen-und-fussgaenger-am-12-juli-2025","status":"publish","type":"post","link":"https:\/\/www.fuss-ev.de\/berlin\/2025\/07\/10\/mahnwache-fuer-getoetete-fussgaengerinnen-und-fussgaenger-am-12-juli-2025\/","title":{"rendered":"Mahnwache f\u00fcr get\u00f6tete Fu\u00dfg\u00e4ngerinnen und Fu\u00dfg\u00e4nger am 12. Juli 2025"},"content":{"rendered":"<p>Am Samstag finden aus traurigem Anlass drei Mahnwachen f\u00fcr im Stra\u00dfenverkehr get\u00f6tete Fu\u00dfg\u00e4ngerinnen und Fu\u00dfg\u00e4nger statt.<\/p>\n<p>&nbsp;<\/p>\n<p class=\"p3\"><strong><span class=\"s2\">15:30 Uhr: Dahlem, Clayallee 229, f\u00fcr einen 24j\u00e4hrigen Fu\u00dfg\u00e4nger<\/span><\/strong><\/p>\n<p class=\"p4\"><span class=\"s3\">Hintergr\u00fcnde: <a href=\"https:\/\/www.berlin.de\/polizei\/polizeimeldungen\/2025\/pressemitteilung.1575449.php\"><span class=\"s4\">https:\/\/www.berlin.de\/polizei\/polizeimeldungen\/2025\/pressemitteilung.1575449.php<\/span><\/a><\/span><\/p>\n<p>&nbsp;<\/p>\n<p class=\"p3\"><span class=\"s2\">\u00a0<strong>17:00 Uhr: Mariendorf, Mariendorfer Damm\/Ecke Sandsteinweg, f\u00fcr zwei <\/strong><\/span><strong><span class=\"s2\">Zufu\u00dfgehende<\/span><\/strong><\/p>\n<p class=\"p3\"><span class=\"s2\">Den Aufruf im pdf-Format findet ihr <a href=\"https:\/\/www.fuss-ev.de\/berlin\/wp-content\/uploads\/sites\/6\/2025\/07\/Mariendorf_12.Juni2025_Mahnwache-Aushang.pdf\">hier<\/a>.<\/span><\/p>\n<p class=\"p4\"><span class=\"s3\">Zu den Hintergr\u00fcnden: <a href=\"https:\/\/www.berlin.de\/polizei\/polizeimeldungen\/2025\/pressemitteilung.1574983.php\"><span class=\"s4\">https:\/\/www.berlin.de\/polizei\/polizeimeldungen\/2025\/pressemitteilung.1574983.php<\/span><\/a><\/span><\/p>\n<p>&nbsp;<\/p>\n<p class=\"p3\"><strong><span class=\"s2\">18:30 Uhr: Mitte, Ebertstra\u00dfe (H\u00f6he Hausnummer 11 )<\/span><\/strong><\/p>\n<p class=\"p4\"><span class=\"s3\">Zu den Hintergr\u00fcnden: <a href=\"https:\/\/www.berlin.de\/polizei\/polizeimeldungen\/2025\/pressemitteilung.1558973.php\"><span class=\"s4\">https:\/\/www.berlin.de\/polizei\/polizeimeldungen\/2025\/pressemitteilung.1558973.php<\/span><\/a><\/span><\/p>\n<p>&nbsp;<\/p>\n<p><img loading=\"lazy\" decoding=\"async\" class=\"alignnone size-full wp-image-5203\" src=\"https:\/\/www.fuss-ev.de\/berlin\/wp-content\/uploads\/sites\/6\/2025\/07\/Sharepic-Mahnwache.png\" alt=\"Bild mit einer \u00dcbersicht der Standorte und Uhrzeiten f\u00fcr die 3 Mahnwachen am 12.7.25, mit der Aufstellfigur f\u00fcr im Stra\u00dfenverkehr ums Leben gekommene zu Fu\u00dfgehende\" width=\"640\" height=\"480\" srcset=\"https:\/\/www.fuss-ev.de\/berlin\/wp-content\/uploads\/sites\/6\/2025\/07\/Sharepic-Mahnwache.png 640w, https:\/\/www.fuss-ev.de\/berlin\/wp-content\/uploads\/sites\/6\/2025\/07\/Sharepic-Mahnwache-300x225.png 300w\" sizes=\"auto, (max-width: 640px) 100vw, 640px\" \/><\/p>\n","protected":false},"excerpt":{"rendered":"<p>Am Samstag finden aus traurigem Anlass drei Mahnwachen f\u00fcr im Stra\u00dfenverkehr get\u00f6tete Fu\u00dfg\u00e4ngerinnen und Fu\u00dfg\u00e4nger statt. &nbsp; 15:30 Uhr: Dahlem, Clayallee 229, f\u00fcr einen 24j\u00e4hrigen Fu\u00dfg\u00e4nger Hintergr\u00fcnde: https:\/\/www.berlin.de\/polizei\/polizeimeldungen\/2025\/pressemitteilung.1575449.php &nbsp; \u00a017:00 Uhr: Mariendorf, Mariendorfer Damm\/Ecke Sandsteinweg, [&hellip;]<\/p>\n","protected":false},"author":57,"featured_media":5203,"comment_status":"closed","ping_status":"closed","sticky":false,"template":"","format":"standard","meta":{"_acf_changed":false,"_relevanssi_hide_post":"","_relevanssi_hide_content":"","_relevanssi_pin_for_all":"","_relevanssi_pin_keywords":"","_relevanssi_unpin_keywords":"","_relevanssi_related_keywords":"","_relevanssi_related_include_ids":"","_relevanssi_related_exclude_ids":"","_relevanssi_related_no_append":"","_relevanssi_related_not_related":"","_relevanssi_related_posts":"","_relevanssi_noindex_reason":"","footnotes":""},"categories":[21,22],"tags":[],"class_list":["post-5202","post","type-post","status-publish","format-standard","has-post-thumbnail","hentry","category-aktionen-ts","category-tempelhof-schoeneberg"],"acf":[],"yoast_head":"<!-- This site is optimized with the Yoast SEO plugin v27.4 - https:\/\/yoast.com\/product\/yoast-seo-wordpress\/ -->\n<title>Mahnwache f\u00fcr get\u00f6tete Fu\u00dfg\u00e4ngerinnen und Fu\u00dfg\u00e4nger am 12. Juli 2025 - Berlin - FUSS e.V.<\/title>\n<meta name=\"robots\" content=\"index, follow, max-snippet:-1, max-image-preview:large, max-video-preview:-1\" \/>\n<link rel=\"canonical\" href=\"https:\/\/www.fuss-ev.de\/berlin\/2025\/07\/10\/mahnwache-fuer-getoetete-fussgaengerinnen-und-fussgaenger-am-12-juli-2025\/\" \/>\n<meta property=\"og:locale\" content=\"de_DE\" \/>\n<meta property=\"og:type\" content=\"article\" \/>\n<meta property=\"og:title\" content=\"Mahnwache f\u00fcr get\u00f6tete Fu\u00dfg\u00e4ngerinnen und Fu\u00dfg\u00e4nger am 12. Juli 2025 - Berlin - FUSS e.V.\" \/>\n<meta property=\"og:description\" content=\"Am Samstag finden aus traurigem Anlass drei Mahnwachen f\u00fcr im Stra\u00dfenverkehr get\u00f6tete Fu\u00dfg\u00e4ngerinnen und Fu\u00dfg\u00e4nger statt. &nbsp; 15:30 Uhr: Dahlem, Clayallee 229, f\u00fcr einen 24j\u00e4hrigen Fu\u00dfg\u00e4nger Hintergr\u00fcnde: https:\/\/www.berlin.de\/polizei\/polizeimeldungen\/2025\/pressemitteilung.1575449.php &nbsp; \u00a017:00 Uhr: Mariendorf, Mariendorfer Damm\/Ecke Sandsteinweg, [&hellip;]\" \/>\n<meta property=\"og:url\" content=\"https:\/\/www.fuss-ev.de\/berlin\/2025\/07\/10\/mahnwache-fuer-getoetete-fussgaengerinnen-und-fussgaenger-am-12-juli-2025\/\" \/>\n<meta property=\"og:site_name\" content=\"Berlin - FUSS e.V.\" \/>\n<meta property=\"article:published_time\" content=\"2025-07-10T05:31:09+00:00\" \/>\n<meta property=\"article:modified_time\" content=\"2025-10-22T07:19:37+00:00\" \/>\n<meta property=\"og:image\" content=\"https:\/\/www.fuss-ev.de\/berlin\/wp-content\/uploads\/sites\/6\/2025\/07\/Sharepic-Mahnwache.png\" \/>\n\t<meta property=\"og:image:width\" content=\"640\" \/>\n\t<meta property=\"og:image:height\" content=\"480\" \/>\n\t<meta property=\"og:image:type\" content=\"image\/png\" \/>\n<meta name=\"author\" content=\"danielaschachtts\" \/>\n<meta name=\"twitter:card\" content=\"summary_large_image\" \/>\n<meta name=\"twitter:label1\" content=\"Verfasst von\" \/>\n\t<meta name=\"twitter:data1\" content=\"danielaschachtts\" \/>\n\t<meta name=\"twitter:label2\" content=\"Gesch\u00e4tzte Lesezeit\" \/>\n\t<meta name=\"twitter:data2\" content=\"1\u00a0Minute\" \/>\n<script type=\"application\/ld+json\" class=\"yoast-schema-graph\">{\"@context\":\"https:\\\/\\\/schema.org\",\"@graph\":[{\"@type\":\"Article\",\"@id\":\"https:\\\/\\\/www.fuss-ev.de\\\/berlin\\\/2025\\\/07\\\/10\\\/mahnwache-fuer-getoetete-fussgaengerinnen-und-fussgaenger-am-12-juli-2025\\\/#article\",\"isPartOf\":{\"@id\":\"https:\\\/\\\/www.fuss-ev.de\\\/berlin\\\/2025\\\/07\\\/10\\\/mahnwache-fuer-getoetete-fussgaengerinnen-und-fussgaenger-am-12-juli-2025\\\/\"},\"author\":{\"name\":\"danielaschachtts\",\"@id\":\"https:\\\/\\\/www.fuss-ev.de\\\/berlin\\\/#\\\/schema\\\/person\\\/bb87bc727af9670a7740dbe9ac3e509a\"},\"headline\":\"Mahnwache f\u00fcr get\u00f6tete Fu\u00dfg\u00e4ngerinnen und Fu\u00dfg\u00e4nger am 12. Juli 2025\",\"datePublished\":\"2025-07-10T05:31:09+00:00\",\"dateModified\":\"2025-10-22T07:19:37+00:00\",\"mainEntityOfPage\":{\"@id\":\"https:\\\/\\\/www.fuss-ev.de\\\/berlin\\\/2025\\\/07\\\/10\\\/mahnwache-fuer-getoetete-fussgaengerinnen-und-fussgaenger-am-12-juli-2025\\\/\"},\"wordCount\":111,\"publisher\":{\"@id\":\"https:\\\/\\\/www.fuss-ev.de\\\/berlin\\\/#organization\"},\"image\":{\"@id\":\"https:\\\/\\\/www.fuss-ev.de\\\/berlin\\\/2025\\\/07\\\/10\\\/mahnwache-fuer-getoetete-fussgaengerinnen-und-fussgaenger-am-12-juli-2025\\\/#primaryimage\"},\"thumbnailUrl\":\"https:\\\/\\\/www.fuss-ev.de\\\/berlin\\\/wp-content\\\/uploads\\\/sites\\\/6\\\/2025\\\/07\\\/Sharepic-Mahnwache.png\",\"articleSection\":[\"Aktionen-TS\",\"Tempelhof-Sch\u00f6neberg\"],\"inLanguage\":\"de\"},{\"@type\":\"WebPage\",\"@id\":\"https:\\\/\\\/www.fuss-ev.de\\\/berlin\\\/2025\\\/07\\\/10\\\/mahnwache-fuer-getoetete-fussgaengerinnen-und-fussgaenger-am-12-juli-2025\\\/\",\"url\":\"https:\\\/\\\/www.fuss-ev.de\\\/berlin\\\/2025\\\/07\\\/10\\\/mahnwache-fuer-getoetete-fussgaengerinnen-und-fussgaenger-am-12-juli-2025\\\/\",\"name\":\"Mahnwache f\u00fcr get\u00f6tete Fu\u00dfg\u00e4ngerinnen und Fu\u00dfg\u00e4nger am 12. Juli 2025 - Berlin - FUSS e.V.\",\"isPartOf\":{\"@id\":\"https:\\\/\\\/www.fuss-ev.de\\\/berlin\\\/#website\"},\"primaryImageOfPage\":{\"@id\":\"https:\\\/\\\/www.fuss-ev.de\\\/berlin\\\/2025\\\/07\\\/10\\\/mahnwache-fuer-getoetete-fussgaengerinnen-und-fussgaenger-am-12-juli-2025\\\/#primaryimage\"},\"image\":{\"@id\":\"https:\\\/\\\/www.fuss-ev.de\\\/berlin\\\/2025\\\/07\\\/10\\\/mahnwache-fuer-getoetete-fussgaengerinnen-und-fussgaenger-am-12-juli-2025\\\/#primaryimage\"},\"thumbnailUrl\":\"https:\\\/\\\/www.fuss-ev.de\\\/berlin\\\/wp-content\\\/uploads\\\/sites\\\/6\\\/2025\\\/07\\\/Sharepic-Mahnwache.png\",\"datePublished\":\"2025-07-10T05:31:09+00:00\",\"dateModified\":\"2025-10-22T07:19:37+00:00\",\"breadcrumb\":{\"@id\":\"https:\\\/\\\/www.fuss-ev.de\\\/berlin\\\/2025\\\/07\\\/10\\\/mahnwache-fuer-getoetete-fussgaengerinnen-und-fussgaenger-am-12-juli-2025\\\/#breadcrumb\"},\"inLanguage\":\"de\",\"potentialAction\":[{\"@type\":\"ReadAction\",\"target\":[\"https:\\\/\\\/www.fuss-ev.de\\\/berlin\\\/2025\\\/07\\\/10\\\/mahnwache-fuer-getoetete-fussgaengerinnen-und-fussgaenger-am-12-juli-2025\\\/\"]}]},{\"@type\":\"ImageObject\",\"inLanguage\":\"de\",\"@id\":\"https:\\\/\\\/www.fuss-ev.de\\\/berlin\\\/2025\\\/07\\\/10\\\/mahnwache-fuer-getoetete-fussgaengerinnen-und-fussgaenger-am-12-juli-2025\\\/#primaryimage\",\"url\":\"https:\\\/\\\/www.fuss-ev.de\\\/berlin\\\/wp-content\\\/uploads\\\/sites\\\/6\\\/2025\\\/07\\\/Sharepic-Mahnwache.png\",\"contentUrl\":\"https:\\\/\\\/www.fuss-ev.de\\\/berlin\\\/wp-content\\\/uploads\\\/sites\\\/6\\\/2025\\\/07\\\/Sharepic-Mahnwache.png\",\"width\":640,\"height\":480,\"caption\":\"Bild mit einer \u00dcbersicht der Standorte und Uhrzeiten f\u00fcr die 3 Mahnwachen am 12.7.25, mit der Aufstellfigur f\u00fcr im Stra\u00dfenverkehr ums Leben gekommene zu Fu\u00dfgehende\"},{\"@type\":\"BreadcrumbList\",\"@id\":\"https:\\\/\\\/www.fuss-ev.de\\\/berlin\\\/2025\\\/07\\\/10\\\/mahnwache-fuer-getoetete-fussgaengerinnen-und-fussgaenger-am-12-juli-2025\\\/#breadcrumb\",\"itemListElement\":[{\"@type\":\"ListItem\",\"position\":1,\"name\":\"Startseite\",\"item\":\"https:\\\/\\\/www.fuss-ev.de\\\/berlin\\\/\"},{\"@type\":\"ListItem\",\"position\":2,\"name\":\"Mahnwache f\u00fcr get\u00f6tete Fu\u00dfg\u00e4ngerinnen und Fu\u00dfg\u00e4nger am 12. Juli 2025\"}]},{\"@type\":\"WebSite\",\"@id\":\"https:\\\/\\\/www.fuss-ev.de\\\/berlin\\\/#website\",\"url\":\"https:\\\/\\\/www.fuss-ev.de\\\/berlin\\\/\",\"name\":\"Berlin - FUSS e.V.\",\"description\":\"\",\"publisher\":{\"@id\":\"https:\\\/\\\/www.fuss-ev.de\\\/berlin\\\/#organization\"},\"potentialAction\":[{\"@type\":\"SearchAction\",\"target\":{\"@type\":\"EntryPoint\",\"urlTemplate\":\"https:\\\/\\\/www.fuss-ev.de\\\/berlin\\\/?s={search_term_string}\"},\"query-input\":{\"@type\":\"PropertyValueSpecification\",\"valueRequired\":true,\"valueName\":\"search_term_string\"}}],\"inLanguage\":\"de\"},{\"@type\":\"Organization\",\"@id\":\"https:\\\/\\\/www.fuss-ev.de\\\/berlin\\\/#organization\",\"name\":\"Berlin - FUSS e.V.\",\"url\":\"https:\\\/\\\/www.fuss-ev.de\\\/berlin\\\/\",\"logo\":{\"@type\":\"ImageObject\",\"inLanguage\":\"de\",\"@id\":\"https:\\\/\\\/www.fuss-ev.de\\\/berlin\\\/#\\\/schema\\\/logo\\\/image\\\/\",\"url\":\"https:\\\/\\\/www.fuss-ev.de\\\/berlin\\\/wp-content\\\/uploads\\\/sites\\\/6\\\/2025\\\/01\\\/FUSS_Logo.jpg\",\"contentUrl\":\"https:\\\/\\\/www.fuss-ev.de\\\/berlin\\\/wp-content\\\/uploads\\\/sites\\\/6\\\/2025\\\/01\\\/FUSS_Logo.jpg\",\"width\":2082,\"height\":979,\"caption\":\"Berlin - FUSS e.V.\"},\"image\":{\"@id\":\"https:\\\/\\\/www.fuss-ev.de\\\/berlin\\\/#\\\/schema\\\/logo\\\/image\\\/\"},\"sameAs\":[\"https:\\\/\\\/www.instagram.com\\\/fuss.berlin\\\/\"]},{\"@type\":\"Person\",\"@id\":\"https:\\\/\\\/www.fuss-ev.de\\\/berlin\\\/#\\\/schema\\\/person\\\/bb87bc727af9670a7740dbe9ac3e509a\",\"name\":\"danielaschachtts\",\"image\":{\"@type\":\"ImageObject\",\"inLanguage\":\"de\",\"@id\":\"https:\\\/\\\/secure.gravatar.com\\\/avatar\\\/f6686723b5accc2454c512f6afe0d233f0b303126f51006b39200d8959d58661?s=96&d=mm&r=g\",\"url\":\"https:\\\/\\\/secure.gravatar.com\\\/avatar\\\/f6686723b5accc2454c512f6afe0d233f0b303126f51006b39200d8959d58661?s=96&d=mm&r=g\",\"contentUrl\":\"https:\\\/\\\/secure.gravatar.com\\\/avatar\\\/f6686723b5accc2454c512f6afe0d233f0b303126f51006b39200d8959d58661?s=96&d=mm&r=g\",\"caption\":\"danielaschachtts\"},\"url\":\"https:\\\/\\\/www.fuss-ev.de\\\/berlin\\\/author\\\/danielaschachtts\\\/\"}]}<\/script>\n<!-- \/ Yoast SEO plugin. -->","yoast_head_json":{"title":"Mahnwache f\u00fcr get\u00f6tete Fu\u00dfg\u00e4ngerinnen und Fu\u00dfg\u00e4nger am 12. Juli 2025 - Berlin - FUSS e.V.","robots":{"index":"index","follow":"follow","max-snippet":"max-snippet:-1","max-image-preview":"max-image-preview:large","max-video-preview":"max-video-preview:-1"},"canonical":"https:\/\/www.fuss-ev.de\/berlin\/2025\/07\/10\/mahnwache-fuer-getoetete-fussgaengerinnen-und-fussgaenger-am-12-juli-2025\/","og_locale":"de_DE","og_type":"article","og_title":"Mahnwache f\u00fcr get\u00f6tete Fu\u00dfg\u00e4ngerinnen und Fu\u00dfg\u00e4nger am 12. Juli 2025 - Berlin - FUSS e.V.","og_description":"Am Samstag finden aus traurigem Anlass drei Mahnwachen f\u00fcr im Stra\u00dfenverkehr get\u00f6tete Fu\u00dfg\u00e4ngerinnen und Fu\u00dfg\u00e4nger statt. &nbsp; 15:30 Uhr: Dahlem, Clayallee 229, f\u00fcr einen 24j\u00e4hrigen Fu\u00dfg\u00e4nger Hintergr\u00fcnde: https:\/\/www.berlin.de\/polizei\/polizeimeldungen\/2025\/pressemitteilung.1575449.php &nbsp; \u00a017:00 Uhr: Mariendorf, Mariendorfer Damm\/Ecke Sandsteinweg, [&hellip;]","og_url":"https:\/\/www.fuss-ev.de\/berlin\/2025\/07\/10\/mahnwache-fuer-getoetete-fussgaengerinnen-und-fussgaenger-am-12-juli-2025\/","og_site_name":"Berlin - FUSS e.V.","article_published_time":"2025-07-10T05:31:09+00:00","article_modified_time":"2025-10-22T07:19:37+00:00","og_image":[{"width":640,"height":480,"url":"https:\/\/www.fuss-ev.de\/berlin\/wp-content\/uploads\/sites\/6\/2025\/07\/Sharepic-Mahnwache.png","type":"image\/png"}],"author":"danielaschachtts","twitter_card":"summary_large_image","twitter_misc":{"Verfasst von":"danielaschachtts","Gesch\u00e4tzte Lesezeit":"1\u00a0Minute"},"schema":{"@context":"https:\/\/schema.org","@graph":[{"@type":"Article","@id":"https:\/\/www.fuss-ev.de\/berlin\/2025\/07\/10\/mahnwache-fuer-getoetete-fussgaengerinnen-und-fussgaenger-am-12-juli-2025\/#article","isPartOf":{"@id":"https:\/\/www.fuss-ev.de\/berlin\/2025\/07\/10\/mahnwache-fuer-getoetete-fussgaengerinnen-und-fussgaenger-am-12-juli-2025\/"},"author":{"name":"danielaschachtts","@id":"https:\/\/www.fuss-ev.de\/berlin\/#\/schema\/person\/bb87bc727af9670a7740dbe9ac3e509a"},"headline":"Mahnwache f\u00fcr get\u00f6tete Fu\u00dfg\u00e4ngerinnen und Fu\u00dfg\u00e4nger am 12. Juli 2025","datePublished":"2025-07-10T05:31:09+00:00","dateModified":"2025-10-22T07:19:37+00:00","mainEntityOfPage":{"@id":"https:\/\/www.fuss-ev.de\/berlin\/2025\/07\/10\/mahnwache-fuer-getoetete-fussgaengerinnen-und-fussgaenger-am-12-juli-2025\/"},"wordCount":111,"publisher":{"@id":"https:\/\/www.fuss-ev.de\/berlin\/#organization"},"image":{"@id":"https:\/\/www.fuss-ev.de\/berlin\/2025\/07\/10\/mahnwache-fuer-getoetete-fussgaengerinnen-und-fussgaenger-am-12-juli-2025\/#primaryimage"},"thumbnailUrl":"https:\/\/www.fuss-ev.de\/berlin\/wp-content\/uploads\/sites\/6\/2025\/07\/Sharepic-Mahnwache.png","articleSection":["Aktionen-TS","Tempelhof-Sch\u00f6neberg"],"inLanguage":"de"},{"@type":"WebPage","@id":"https:\/\/www.fuss-ev.de\/berlin\/2025\/07\/10\/mahnwache-fuer-getoetete-fussgaengerinnen-und-fussgaenger-am-12-juli-2025\/","url":"https:\/\/www.fuss-ev.de\/berlin\/2025\/07\/10\/mahnwache-fuer-getoetete-fussgaengerinnen-und-fussgaenger-am-12-juli-2025\/","name":"Mahnwache f\u00fcr get\u00f6tete Fu\u00dfg\u00e4ngerinnen und Fu\u00dfg\u00e4nger am 12. Juli 2025 - Berlin - FUSS e.V.","isPartOf":{"@id":"https:\/\/www.fuss-ev.de\/berlin\/#website"},"primaryImageOfPage":{"@id":"https:\/\/www.fuss-ev.de\/berlin\/2025\/07\/10\/mahnwache-fuer-getoetete-fussgaengerinnen-und-fussgaenger-am-12-juli-2025\/#primaryimage"},"image":{"@id":"https:\/\/www.fuss-ev.de\/berlin\/2025\/07\/10\/mahnwache-fuer-getoetete-fussgaengerinnen-und-fussgaenger-am-12-juli-2025\/#primaryimage"},"thumbnailUrl":"https:\/\/www.fuss-ev.de\/berlin\/wp-content\/uploads\/sites\/6\/2025\/07\/Sharepic-Mahnwache.png","datePublished":"2025-07-10T05:31:09+00:00","dateModified":"2025-10-22T07:19:37+00:00","breadcrumb":{"@id":"https:\/\/www.fuss-ev.de\/berlin\/2025\/07\/10\/mahnwache-fuer-getoetete-fussgaengerinnen-und-fussgaenger-am-12-juli-2025\/#breadcrumb"},"inLanguage":"de","potentialAction":[{"@type":"ReadAction","target":["https:\/\/www.fuss-ev.de\/berlin\/2025\/07\/10\/mahnwache-fuer-getoetete-fussgaengerinnen-und-fussgaenger-am-12-juli-2025\/"]}]},{"@type":"ImageObject","inLanguage":"de","@id":"https:\/\/www.fuss-ev.de\/berlin\/2025\/07\/10\/mahnwache-fuer-getoetete-fussgaengerinnen-und-fussgaenger-am-12-juli-2025\/#primaryimage","url":"https:\/\/www.fuss-ev.de\/berlin\/wp-content\/uploads\/sites\/6\/2025\/07\/Sharepic-Mahnwache.png","contentUrl":"https:\/\/www.fuss-ev.de\/berlin\/wp-content\/uploads\/sites\/6\/2025\/07\/Sharepic-Mahnwache.png","width":640,"height":480,"caption":"Bild mit einer \u00dcbersicht der Standorte und Uhrzeiten f\u00fcr die 3 Mahnwachen am 12.7.25, mit der Aufstellfigur f\u00fcr im Stra\u00dfenverkehr ums Leben gekommene zu Fu\u00dfgehende"},{"@type":"BreadcrumbList","@id":"https:\/\/www.fuss-ev.de\/berlin\/2025\/07\/10\/mahnwache-fuer-getoetete-fussgaengerinnen-und-fussgaenger-am-12-juli-2025\/#breadcrumb","itemListElement":[{"@type":"ListItem","position":1,"name":"Startseite","item":"https:\/\/www.fuss-ev.de\/berlin\/"},{"@type":"ListItem","position":2,"name":"Mahnwache f\u00fcr get\u00f6tete Fu\u00dfg\u00e4ngerinnen und Fu\u00dfg\u00e4nger am 12. Juli 2025"}]},{"@type":"WebSite","@id":"https:\/\/www.fuss-ev.de\/berlin\/#website","url":"https:\/\/www.fuss-ev.de\/berlin\/","name":"Berlin - FUSS e.V.","description":"","publisher":{"@id":"https:\/\/www.fuss-ev.de\/berlin\/#organization"},"potentialAction":[{"@type":"SearchAction","target":{"@type":"EntryPoint","urlTemplate":"https:\/\/www.fuss-ev.de\/berlin\/?s={search_term_string}"},"query-input":{"@type":"PropertyValueSpecification","valueRequired":true,"valueName":"search_term_string"}}],"inLanguage":"de"},{"@type":"Organization","@id":"https:\/\/www.fuss-ev.de\/berlin\/#organization","name":"Berlin - FUSS e.V.","url":"https:\/\/www.fuss-ev.de\/berlin\/","logo":{"@type":"ImageObject","inLanguage":"de","@id":"https:\/\/www.fuss-ev.de\/berlin\/#\/schema\/logo\/image\/","url":"https:\/\/www.fuss-ev.de\/berlin\/wp-content\/uploads\/sites\/6\/2025\/01\/FUSS_Logo.jpg","contentUrl":"https:\/\/www.fuss-ev.de\/berlin\/wp-content\/uploads\/sites\/6\/2025\/01\/FUSS_Logo.jpg","width":2082,"height":979,"caption":"Berlin - FUSS e.V."},"image":{"@id":"https:\/\/www.fuss-ev.de\/berlin\/#\/schema\/logo\/image\/"},"sameAs":["https:\/\/www.instagram.com\/fuss.berlin\/"]},{"@type":"Person","@id":"https:\/\/www.fuss-ev.de\/berlin\/#\/schema\/person\/bb87bc727af9670a7740dbe9ac3e509a","name":"danielaschachtts","image":{"@type":"ImageObject","inLanguage":"de","@id":"https:\/\/secure.gravatar.com\/avatar\/f6686723b5accc2454c512f6afe0d233f0b303126f51006b39200d8959d58661?s=96&d=mm&r=g","url":"https:\/\/secure.gravatar.com\/avatar\/f6686723b5accc2454c512f6afe0d233f0b303126f51006b39200d8959d58661?s=96&d=mm&r=g","contentUrl":"https:\/\/secure.gravatar.com\/avatar\/f6686723b5accc2454c512f6afe0d233f0b303126f51006b39200d8959d58661?s=96&d=mm&r=g","caption":"danielaschachtts"},"url":"https:\/\/www.fuss-ev.de\/berlin\/author\/danielaschachtts\/"}]}},"publishpress_future_action":{"enabled":false,"date":"2026-05-07 09:53:10","action":"change-status","newStatus":"draft","terms":[],"taxonomy":"category","extraData":[]},"publishpress_future_workflow_manual_trigger":{"enabledWorkflows":[]},"_links":{"self":[{"href":"https:\/\/www.fuss-ev.de\/berlin\/wp-json\/wp\/v2\/posts\/5202","targetHints":{"allow":["GET"]}}],"collection":[{"href":"https:\/\/www.fuss-ev.de\/berlin\/wp-json\/wp\/v2\/posts"}],"about":[{"href":"https:\/\/www.fuss-ev.de\/berlin\/wp-json\/wp\/v2\/types\/post"}],"author":[{"embeddable":true,"href":"https:\/\/www.fuss-ev.de\/berlin\/wp-json\/wp\/v2\/users\/57"}],"replies":[{"embeddable":true,"href":"https:\/\/www.fuss-ev.de\/berlin\/wp-json\/wp\/v2\/comments?post=5202"}],"version-history":[{"count":5,"href":"https:\/\/www.fuss-ev.de\/berlin\/wp-json\/wp\/v2\/posts\/5202\/revisions"}],"predecessor-version":[{"id":5209,"href":"https:\/\/www.fuss-ev.de\/berlin\/wp-json\/wp\/v2\/posts\/5202\/revisions\/5209"}],"wp:featuredmedia":[{"embeddable":true,"href":"https:\/\/www.fuss-ev.de\/berlin\/wp-json\/wp\/v2\/media\/5203"}],"wp:attachment":[{"href":"https:\/\/www.fuss-ev.de\/berlin\/wp-json\/wp\/v2\/media?parent=5202"}],"wp:term":[{"taxonomy":"category","embeddable":true,"href":"https:\/\/www.fuss-ev.de\/berlin\/wp-json\/wp\/v2\/categories?post=5202"},{"taxonomy":"post_tag","embeddable":true,"href":"https:\/\/www.fuss-ev.de\/berlin\/wp-json\/wp\/v2\/tags?post=5202"}],"curies":[{"name":"wp","href":"https:\/\/api.w.org\/{rel}","templated":true}]}}