{"id":4701,"date":"2025-04-12T20:45:28","date_gmt":"2025-04-12T18:45:28","guid":{"rendered":"https:\/\/www.fuss-ev.de\/berlin\/?p=4701"},"modified":"2025-07-07T14:53:12","modified_gmt":"2025-07-07T12:53:12","slug":"walk-talk-auf-dem-gruenen-hauptweg-nr-19","status":"publish","type":"post","link":"https:\/\/www.fuss-ev.de\/berlin\/2025\/04\/12\/walk-talk-auf-dem-gruenen-hauptweg-nr-19\/","title":{"rendered":"Walk &amp; Talk auf dem Gr\u00fcnen Hauptweg Nr 19"},"content":{"rendered":"<div class=\"wpb-content-wrapper\"><p>[vc_row][vc_column][vc_column_text css=&#8221;&#8221;]<\/p>\n<p class=\"p1\">Am <b>Samstag, den 12. April<\/b>, waren wir mit <b>zehn Teilnehmenden<\/b> \u2013 darunter auch drei Interessierte au\u00dferhalb von FUSS e.V. \u2013 auf einem weiteren <b>Walk &amp; Talk<\/b> unterwegs. Unsere Route f\u00fchrte uns entlang der <b>Gr\u00fcnen Hauptwege 19<\/b>, vom <b>Mehringplatz<\/b> bis zum <b>Strausberger Platz<\/b>.<\/p>\n<p class=\"p1\">Die <b>Gr\u00fcnen Hauptwege<\/b> sind ein Netz aus <b>20 Routen mit \u00fcber 600 km L\u00e4nge<\/b>, das Berlin durchzieht \u2013 \u00fcber <b>Spazier- und Wanderwege durch Parks, Gr\u00fcnz\u00fcge, ruhige Stra\u00dfen und Uferwege<\/b>. Sie verbinden Berlins gr\u00fcne Orte miteinander und laden dazu ein, die Stadt aus einer neuen, entschleunigten Perspektive zu entdecken.<\/p>\n<p class=\"p1\">Besonderes Augenmerk legten wir auf die neue <b>Beschilderung<\/b> der Gr\u00fcnen Hauptwege, die vielerorts bereits angebracht wurde und das Folgen der Route deutlich erleichtert.<\/p>\n<p class=\"p1\">Leider entdeckten wir unterwegs auch ein <b>Barrierefreiheitsproblem<\/b>: Im Bereich <b>Engeldamm\/Adalbertbr\u00fccke<\/b> auf Mitte-Seite fehlte eine <b>Rampe<\/b>, um von der Stra\u00dfe auf die Gr\u00fcnfl\u00e4che zu gelangen. F\u00fcr Rollstuhlnutzende war das ein un\u00fcberwindbares Hindernis \u2013 wir mussten daher umkehren und einen anderen Weg nehmen. Das Problem wurde bereits von einem unserer Mitglieder an die Verwaltung in Mitte weitergegeben.<\/p>\n<p class=\"p1\">Trotzdem war es ein spannender Spaziergang mit vielen Eindr\u00fccken \u2013 wir freuen uns auf die n\u00e4chste Runde im Juli!<\/p>\n<p>[\/vc_column_text][\/vc_column][\/vc_row]<\/p>\n<\/div>","protected":false},"excerpt":{"rendered":"<p>[vc_row][vc_column][vc_column_text css=&#8221;&#8221;] Am Samstag, den 12. April, waren wir mit zehn Teilnehmenden \u2013 darunter auch drei Interessierte au\u00dferhalb von FUSS e.V. \u2013 auf einem weiteren Walk &amp; Talk unterwegs. Unsere Route f\u00fchrte uns entlang der [&hellip;]<\/p>\n","protected":false},"author":32,"featured_media":4895,"comment_status":"closed","ping_status":"closed","sticky":false,"template":"","format":"standard","meta":{"_acf_changed":false,"_relevanssi_hide_post":"","_relevanssi_hide_content":"","_relevanssi_pin_for_all":"","_relevanssi_pin_keywords":"","_relevanssi_unpin_keywords":"","_relevanssi_related_keywords":"","_relevanssi_related_include_ids":"","_relevanssi_related_exclude_ids":"","_relevanssi_related_no_append":"","_relevanssi_related_not_related":"","_relevanssi_related_posts":"","_relevanssi_noindex_reason":"","footnotes":""},"categories":[14],"tags":[33],"class_list":["post-4701","post","type-post","status-publish","format-standard","has-post-thumbnail","hentry","category-aktuelles-fhxb","tag-walk-talk"],"acf":[],"yoast_head":"<!-- This site is optimized with the Yoast SEO plugin v27.4 - https:\/\/yoast.com\/product\/yoast-seo-wordpress\/ -->\n<title>Walk &amp; Talk auf dem Gr\u00fcnen Hauptweg Nr 19 - Berlin - FUSS e.V.<\/title>\n<meta name=\"robots\" content=\"index, follow, max-snippet:-1, max-image-preview:large, max-video-preview:-1\" \/>\n<link rel=\"canonical\" href=\"https:\/\/www.fuss-ev.de\/berlin\/2025\/04\/12\/walk-talk-auf-dem-gruenen-hauptweg-nr-19\/\" \/>\n<meta property=\"og:locale\" content=\"de_DE\" \/>\n<meta property=\"og:type\" content=\"article\" \/>\n<meta property=\"og:title\" content=\"Walk &amp; Talk auf dem Gr\u00fcnen Hauptweg Nr 19 - Berlin - FUSS e.V.\" \/>\n<meta property=\"og:description\" content=\"[vc_row][vc_column][vc_column_text css=&#8221;&#8221;] Am Samstag, den 12. April, waren wir mit zehn Teilnehmenden \u2013 darunter auch drei Interessierte au\u00dferhalb von FUSS e.V. \u2013 auf einem weiteren Walk &amp; Talk unterwegs. Unsere Route f\u00fchrte uns entlang der [&hellip;]\" \/>\n<meta property=\"og:url\" content=\"https:\/\/www.fuss-ev.de\/berlin\/2025\/04\/12\/walk-talk-auf-dem-gruenen-hauptweg-nr-19\/\" \/>\n<meta property=\"og:site_name\" content=\"Berlin - FUSS e.V.\" \/>\n<meta property=\"article:published_time\" content=\"2025-04-12T18:45:28+00:00\" \/>\n<meta property=\"article:modified_time\" content=\"2025-07-07T12:53:12+00:00\" \/>\n<meta property=\"og:image\" content=\"https:\/\/www.fuss-ev.de\/berlin\/wp-content\/uploads\/sites\/6\/2025\/04\/IMG_8643-scaled.jpeg\" \/>\n\t<meta property=\"og:image:width\" content=\"2560\" \/>\n\t<meta property=\"og:image:height\" content=\"1920\" \/>\n\t<meta property=\"og:image:type\" content=\"image\/jpeg\" \/>\n<meta name=\"author\" content=\"justyna\" \/>\n<meta name=\"twitter:card\" content=\"summary_large_image\" \/>\n<meta name=\"twitter:label1\" content=\"Verfasst von\" \/>\n\t<meta name=\"twitter:data1\" content=\"justyna\" \/>\n\t<meta name=\"twitter:label2\" content=\"Gesch\u00e4tzte Lesezeit\" \/>\n\t<meta name=\"twitter:data2\" content=\"2\u00a0Minuten\" \/>\n<script type=\"application\/ld+json\" class=\"yoast-schema-graph\">{\"@context\":\"https:\\\/\\\/schema.org\",\"@graph\":[{\"@type\":\"Article\",\"@id\":\"https:\\\/\\\/www.fuss-ev.de\\\/berlin\\\/2025\\\/04\\\/12\\\/walk-talk-auf-dem-gruenen-hauptweg-nr-19\\\/#article\",\"isPartOf\":{\"@id\":\"https:\\\/\\\/www.fuss-ev.de\\\/berlin\\\/2025\\\/04\\\/12\\\/walk-talk-auf-dem-gruenen-hauptweg-nr-19\\\/\"},\"author\":{\"name\":\"justyna\",\"@id\":\"https:\\\/\\\/www.fuss-ev.de\\\/berlin\\\/#\\\/schema\\\/person\\\/2d4836ba654ee2bf1c64e6b1e380c6cd\"},\"headline\":\"Walk &amp; Talk auf dem Gr\u00fcnen Hauptweg Nr 19\",\"datePublished\":\"2025-04-12T18:45:28+00:00\",\"dateModified\":\"2025-07-07T12:53:12+00:00\",\"mainEntityOfPage\":{\"@id\":\"https:\\\/\\\/www.fuss-ev.de\\\/berlin\\\/2025\\\/04\\\/12\\\/walk-talk-auf-dem-gruenen-hauptweg-nr-19\\\/\"},\"wordCount\":222,\"publisher\":{\"@id\":\"https:\\\/\\\/www.fuss-ev.de\\\/berlin\\\/#organization\"},\"image\":{\"@id\":\"https:\\\/\\\/www.fuss-ev.de\\\/berlin\\\/2025\\\/04\\\/12\\\/walk-talk-auf-dem-gruenen-hauptweg-nr-19\\\/#primaryimage\"},\"thumbnailUrl\":\"https:\\\/\\\/www.fuss-ev.de\\\/berlin\\\/wp-content\\\/uploads\\\/sites\\\/6\\\/2025\\\/04\\\/IMG_8643-scaled.jpeg\",\"keywords\":[\"Walk &amp; Talk\"],\"articleSection\":[\"Aktuelles-FHXB\"],\"inLanguage\":\"de\"},{\"@type\":\"WebPage\",\"@id\":\"https:\\\/\\\/www.fuss-ev.de\\\/berlin\\\/2025\\\/04\\\/12\\\/walk-talk-auf-dem-gruenen-hauptweg-nr-19\\\/\",\"url\":\"https:\\\/\\\/www.fuss-ev.de\\\/berlin\\\/2025\\\/04\\\/12\\\/walk-talk-auf-dem-gruenen-hauptweg-nr-19\\\/\",\"name\":\"Walk &amp; Talk auf dem Gr\u00fcnen Hauptweg Nr 19 - Berlin - FUSS e.V.\",\"isPartOf\":{\"@id\":\"https:\\\/\\\/www.fuss-ev.de\\\/berlin\\\/#website\"},\"primaryImageOfPage\":{\"@id\":\"https:\\\/\\\/www.fuss-ev.de\\\/berlin\\\/2025\\\/04\\\/12\\\/walk-talk-auf-dem-gruenen-hauptweg-nr-19\\\/#primaryimage\"},\"image\":{\"@id\":\"https:\\\/\\\/www.fuss-ev.de\\\/berlin\\\/2025\\\/04\\\/12\\\/walk-talk-auf-dem-gruenen-hauptweg-nr-19\\\/#primaryimage\"},\"thumbnailUrl\":\"https:\\\/\\\/www.fuss-ev.de\\\/berlin\\\/wp-content\\\/uploads\\\/sites\\\/6\\\/2025\\\/04\\\/IMG_8643-scaled.jpeg\",\"datePublished\":\"2025-04-12T18:45:28+00:00\",\"dateModified\":\"2025-07-07T12:53:12+00:00\",\"breadcrumb\":{\"@id\":\"https:\\\/\\\/www.fuss-ev.de\\\/berlin\\\/2025\\\/04\\\/12\\\/walk-talk-auf-dem-gruenen-hauptweg-nr-19\\\/#breadcrumb\"},\"inLanguage\":\"de\",\"potentialAction\":[{\"@type\":\"ReadAction\",\"target\":[\"https:\\\/\\\/www.fuss-ev.de\\\/berlin\\\/2025\\\/04\\\/12\\\/walk-talk-auf-dem-gruenen-hauptweg-nr-19\\\/\"]}]},{\"@type\":\"ImageObject\",\"inLanguage\":\"de\",\"@id\":\"https:\\\/\\\/www.fuss-ev.de\\\/berlin\\\/2025\\\/04\\\/12\\\/walk-talk-auf-dem-gruenen-hauptweg-nr-19\\\/#primaryimage\",\"url\":\"https:\\\/\\\/www.fuss-ev.de\\\/berlin\\\/wp-content\\\/uploads\\\/sites\\\/6\\\/2025\\\/04\\\/IMG_8643-scaled.jpeg\",\"contentUrl\":\"https:\\\/\\\/www.fuss-ev.de\\\/berlin\\\/wp-content\\\/uploads\\\/sites\\\/6\\\/2025\\\/04\\\/IMG_8643-scaled.jpeg\",\"width\":2560,\"height\":1920,\"caption\":\"Walk and Talk 19 Gruene Hauptweg\"},{\"@type\":\"BreadcrumbList\",\"@id\":\"https:\\\/\\\/www.fuss-ev.de\\\/berlin\\\/2025\\\/04\\\/12\\\/walk-talk-auf-dem-gruenen-hauptweg-nr-19\\\/#breadcrumb\",\"itemListElement\":[{\"@type\":\"ListItem\",\"position\":1,\"name\":\"Startseite\",\"item\":\"https:\\\/\\\/www.fuss-ev.de\\\/berlin\\\/\"},{\"@type\":\"ListItem\",\"position\":2,\"name\":\"Walk &amp; Talk auf dem Gr\u00fcnen Hauptweg Nr 19\"}]},{\"@type\":\"WebSite\",\"@id\":\"https:\\\/\\\/www.fuss-ev.de\\\/berlin\\\/#website\",\"url\":\"https:\\\/\\\/www.fuss-ev.de\\\/berlin\\\/\",\"name\":\"Berlin - FUSS e.V.\",\"description\":\"\",\"publisher\":{\"@id\":\"https:\\\/\\\/www.fuss-ev.de\\\/berlin\\\/#organization\"},\"potentialAction\":[{\"@type\":\"SearchAction\",\"target\":{\"@type\":\"EntryPoint\",\"urlTemplate\":\"https:\\\/\\\/www.fuss-ev.de\\\/berlin\\\/?s={search_term_string}\"},\"query-input\":{\"@type\":\"PropertyValueSpecification\",\"valueRequired\":true,\"valueName\":\"search_term_string\"}}],\"inLanguage\":\"de\"},{\"@type\":\"Organization\",\"@id\":\"https:\\\/\\\/www.fuss-ev.de\\\/berlin\\\/#organization\",\"name\":\"Berlin - FUSS e.V.\",\"url\":\"https:\\\/\\\/www.fuss-ev.de\\\/berlin\\\/\",\"logo\":{\"@type\":\"ImageObject\",\"inLanguage\":\"de\",\"@id\":\"https:\\\/\\\/www.fuss-ev.de\\\/berlin\\\/#\\\/schema\\\/logo\\\/image\\\/\",\"url\":\"https:\\\/\\\/www.fuss-ev.de\\\/berlin\\\/wp-content\\\/uploads\\\/sites\\\/6\\\/2025\\\/01\\\/FUSS_Logo.jpg\",\"contentUrl\":\"https:\\\/\\\/www.fuss-ev.de\\\/berlin\\\/wp-content\\\/uploads\\\/sites\\\/6\\\/2025\\\/01\\\/FUSS_Logo.jpg\",\"width\":2082,\"height\":979,\"caption\":\"Berlin - FUSS e.V.\"},\"image\":{\"@id\":\"https:\\\/\\\/www.fuss-ev.de\\\/berlin\\\/#\\\/schema\\\/logo\\\/image\\\/\"},\"sameAs\":[\"https:\\\/\\\/www.instagram.com\\\/fuss.berlin\\\/\"]},{\"@type\":\"Person\",\"@id\":\"https:\\\/\\\/www.fuss-ev.de\\\/berlin\\\/#\\\/schema\\\/person\\\/2d4836ba654ee2bf1c64e6b1e380c6cd\",\"name\":\"justyna\",\"image\":{\"@type\":\"ImageObject\",\"inLanguage\":\"de\",\"@id\":\"https:\\\/\\\/secure.gravatar.com\\\/avatar\\\/ddf910b79c4cd459e686c2702bb7ed3ad67aa9754bd9402bcbabf4e1347d3232?s=96&d=mm&r=g\",\"url\":\"https:\\\/\\\/secure.gravatar.com\\\/avatar\\\/ddf910b79c4cd459e686c2702bb7ed3ad67aa9754bd9402bcbabf4e1347d3232?s=96&d=mm&r=g\",\"contentUrl\":\"https:\\\/\\\/secure.gravatar.com\\\/avatar\\\/ddf910b79c4cd459e686c2702bb7ed3ad67aa9754bd9402bcbabf4e1347d3232?s=96&d=mm&r=g\",\"caption\":\"justyna\"},\"url\":\"https:\\\/\\\/www.fuss-ev.de\\\/berlin\\\/author\\\/justynaluczak\\\/\"}]}<\/script>\n<!-- \/ Yoast SEO plugin. -->","yoast_head_json":{"title":"Walk &amp; Talk auf dem Gr\u00fcnen Hauptweg Nr 19 - Berlin - FUSS e.V.","robots":{"index":"index","follow":"follow","max-snippet":"max-snippet:-1","max-image-preview":"max-image-preview:large","max-video-preview":"max-video-preview:-1"},"canonical":"https:\/\/www.fuss-ev.de\/berlin\/2025\/04\/12\/walk-talk-auf-dem-gruenen-hauptweg-nr-19\/","og_locale":"de_DE","og_type":"article","og_title":"Walk &amp; Talk auf dem Gr\u00fcnen Hauptweg Nr 19 - Berlin - FUSS e.V.","og_description":"[vc_row][vc_column][vc_column_text css=&#8221;&#8221;] Am Samstag, den 12. April, waren wir mit zehn Teilnehmenden \u2013 darunter auch drei Interessierte au\u00dferhalb von FUSS e.V. \u2013 auf einem weiteren Walk &amp; Talk unterwegs. Unsere Route f\u00fchrte uns entlang der [&hellip;]","og_url":"https:\/\/www.fuss-ev.de\/berlin\/2025\/04\/12\/walk-talk-auf-dem-gruenen-hauptweg-nr-19\/","og_site_name":"Berlin - FUSS e.V.","article_published_time":"2025-04-12T18:45:28+00:00","article_modified_time":"2025-07-07T12:53:12+00:00","og_image":[{"width":2560,"height":1920,"url":"https:\/\/www.fuss-ev.de\/berlin\/wp-content\/uploads\/sites\/6\/2025\/04\/IMG_8643-scaled.jpeg","type":"image\/jpeg"}],"author":"justyna","twitter_card":"summary_large_image","twitter_misc":{"Verfasst von":"justyna","Gesch\u00e4tzte Lesezeit":"2\u00a0Minuten"},"schema":{"@context":"https:\/\/schema.org","@graph":[{"@type":"Article","@id":"https:\/\/www.fuss-ev.de\/berlin\/2025\/04\/12\/walk-talk-auf-dem-gruenen-hauptweg-nr-19\/#article","isPartOf":{"@id":"https:\/\/www.fuss-ev.de\/berlin\/2025\/04\/12\/walk-talk-auf-dem-gruenen-hauptweg-nr-19\/"},"author":{"name":"justyna","@id":"https:\/\/www.fuss-ev.de\/berlin\/#\/schema\/person\/2d4836ba654ee2bf1c64e6b1e380c6cd"},"headline":"Walk &amp; Talk auf dem Gr\u00fcnen Hauptweg Nr 19","datePublished":"2025-04-12T18:45:28+00:00","dateModified":"2025-07-07T12:53:12+00:00","mainEntityOfPage":{"@id":"https:\/\/www.fuss-ev.de\/berlin\/2025\/04\/12\/walk-talk-auf-dem-gruenen-hauptweg-nr-19\/"},"wordCount":222,"publisher":{"@id":"https:\/\/www.fuss-ev.de\/berlin\/#organization"},"image":{"@id":"https:\/\/www.fuss-ev.de\/berlin\/2025\/04\/12\/walk-talk-auf-dem-gruenen-hauptweg-nr-19\/#primaryimage"},"thumbnailUrl":"https:\/\/www.fuss-ev.de\/berlin\/wp-content\/uploads\/sites\/6\/2025\/04\/IMG_8643-scaled.jpeg","keywords":["Walk &amp; Talk"],"articleSection":["Aktuelles-FHXB"],"inLanguage":"de"},{"@type":"WebPage","@id":"https:\/\/www.fuss-ev.de\/berlin\/2025\/04\/12\/walk-talk-auf-dem-gruenen-hauptweg-nr-19\/","url":"https:\/\/www.fuss-ev.de\/berlin\/2025\/04\/12\/walk-talk-auf-dem-gruenen-hauptweg-nr-19\/","name":"Walk &amp; Talk auf dem Gr\u00fcnen Hauptweg Nr 19 - Berlin - FUSS e.V.","isPartOf":{"@id":"https:\/\/www.fuss-ev.de\/berlin\/#website"},"primaryImageOfPage":{"@id":"https:\/\/www.fuss-ev.de\/berlin\/2025\/04\/12\/walk-talk-auf-dem-gruenen-hauptweg-nr-19\/#primaryimage"},"image":{"@id":"https:\/\/www.fuss-ev.de\/berlin\/2025\/04\/12\/walk-talk-auf-dem-gruenen-hauptweg-nr-19\/#primaryimage"},"thumbnailUrl":"https:\/\/www.fuss-ev.de\/berlin\/wp-content\/uploads\/sites\/6\/2025\/04\/IMG_8643-scaled.jpeg","datePublished":"2025-04-12T18:45:28+00:00","dateModified":"2025-07-07T12:53:12+00:00","breadcrumb":{"@id":"https:\/\/www.fuss-ev.de\/berlin\/2025\/04\/12\/walk-talk-auf-dem-gruenen-hauptweg-nr-19\/#breadcrumb"},"inLanguage":"de","potentialAction":[{"@type":"ReadAction","target":["https:\/\/www.fuss-ev.de\/berlin\/2025\/04\/12\/walk-talk-auf-dem-gruenen-hauptweg-nr-19\/"]}]},{"@type":"ImageObject","inLanguage":"de","@id":"https:\/\/www.fuss-ev.de\/berlin\/2025\/04\/12\/walk-talk-auf-dem-gruenen-hauptweg-nr-19\/#primaryimage","url":"https:\/\/www.fuss-ev.de\/berlin\/wp-content\/uploads\/sites\/6\/2025\/04\/IMG_8643-scaled.jpeg","contentUrl":"https:\/\/www.fuss-ev.de\/berlin\/wp-content\/uploads\/sites\/6\/2025\/04\/IMG_8643-scaled.jpeg","width":2560,"height":1920,"caption":"Walk and Talk 19 Gruene Hauptweg"},{"@type":"BreadcrumbList","@id":"https:\/\/www.fuss-ev.de\/berlin\/2025\/04\/12\/walk-talk-auf-dem-gruenen-hauptweg-nr-19\/#breadcrumb","itemListElement":[{"@type":"ListItem","position":1,"name":"Startseite","item":"https:\/\/www.fuss-ev.de\/berlin\/"},{"@type":"ListItem","position":2,"name":"Walk &amp; Talk auf dem Gr\u00fcnen Hauptweg Nr 19"}]},{"@type":"WebSite","@id":"https:\/\/www.fuss-ev.de\/berlin\/#website","url":"https:\/\/www.fuss-ev.de\/berlin\/","name":"Berlin - FUSS e.V.","description":"","publisher":{"@id":"https:\/\/www.fuss-ev.de\/berlin\/#organization"},"potentialAction":[{"@type":"SearchAction","target":{"@type":"EntryPoint","urlTemplate":"https:\/\/www.fuss-ev.de\/berlin\/?s={search_term_string}"},"query-input":{"@type":"PropertyValueSpecification","valueRequired":true,"valueName":"search_term_string"}}],"inLanguage":"de"},{"@type":"Organization","@id":"https:\/\/www.fuss-ev.de\/berlin\/#organization","name":"Berlin - FUSS e.V.","url":"https:\/\/www.fuss-ev.de\/berlin\/","logo":{"@type":"ImageObject","inLanguage":"de","@id":"https:\/\/www.fuss-ev.de\/berlin\/#\/schema\/logo\/image\/","url":"https:\/\/www.fuss-ev.de\/berlin\/wp-content\/uploads\/sites\/6\/2025\/01\/FUSS_Logo.jpg","contentUrl":"https:\/\/www.fuss-ev.de\/berlin\/wp-content\/uploads\/sites\/6\/2025\/01\/FUSS_Logo.jpg","width":2082,"height":979,"caption":"Berlin - FUSS e.V."},"image":{"@id":"https:\/\/www.fuss-ev.de\/berlin\/#\/schema\/logo\/image\/"},"sameAs":["https:\/\/www.instagram.com\/fuss.berlin\/"]},{"@type":"Person","@id":"https:\/\/www.fuss-ev.de\/berlin\/#\/schema\/person\/2d4836ba654ee2bf1c64e6b1e380c6cd","name":"justyna","image":{"@type":"ImageObject","inLanguage":"de","@id":"https:\/\/secure.gravatar.com\/avatar\/ddf910b79c4cd459e686c2702bb7ed3ad67aa9754bd9402bcbabf4e1347d3232?s=96&d=mm&r=g","url":"https:\/\/secure.gravatar.com\/avatar\/ddf910b79c4cd459e686c2702bb7ed3ad67aa9754bd9402bcbabf4e1347d3232?s=96&d=mm&r=g","contentUrl":"https:\/\/secure.gravatar.com\/avatar\/ddf910b79c4cd459e686c2702bb7ed3ad67aa9754bd9402bcbabf4e1347d3232?s=96&d=mm&r=g","caption":"justyna"},"url":"https:\/\/www.fuss-ev.de\/berlin\/author\/justynaluczak\/"}]}},"publishpress_future_action":{"enabled":false,"date":"2026-05-09 11:50:02","action":"change-status","newStatus":"draft","terms":[],"taxonomy":"category","extraData":[]},"publishpress_future_workflow_manual_trigger":{"enabledWorkflows":[]},"_links":{"self":[{"href":"https:\/\/www.fuss-ev.de\/berlin\/wp-json\/wp\/v2\/posts\/4701","targetHints":{"allow":["GET"]}}],"collection":[{"href":"https:\/\/www.fuss-ev.de\/berlin\/wp-json\/wp\/v2\/posts"}],"about":[{"href":"https:\/\/www.fuss-ev.de\/berlin\/wp-json\/wp\/v2\/types\/post"}],"author":[{"embeddable":true,"href":"https:\/\/www.fuss-ev.de\/berlin\/wp-json\/wp\/v2\/users\/32"}],"replies":[{"embeddable":true,"href":"https:\/\/www.fuss-ev.de\/berlin\/wp-json\/wp\/v2\/comments?post=4701"}],"version-history":[{"count":4,"href":"https:\/\/www.fuss-ev.de\/berlin\/wp-json\/wp\/v2\/posts\/4701\/revisions"}],"predecessor-version":[{"id":5156,"href":"https:\/\/www.fuss-ev.de\/berlin\/wp-json\/wp\/v2\/posts\/4701\/revisions\/5156"}],"wp:featuredmedia":[{"embeddable":true,"href":"https:\/\/www.fuss-ev.de\/berlin\/wp-json\/wp\/v2\/media\/4895"}],"wp:attachment":[{"href":"https:\/\/www.fuss-ev.de\/berlin\/wp-json\/wp\/v2\/media?parent=4701"}],"wp:term":[{"taxonomy":"category","embeddable":true,"href":"https:\/\/www.fuss-ev.de\/berlin\/wp-json\/wp\/v2\/categories?post=4701"},{"taxonomy":"post_tag","embeddable":true,"href":"https:\/\/www.fuss-ev.de\/berlin\/wp-json\/wp\/v2\/tags?post=4701"}],"curies":[{"name":"wp","href":"https:\/\/api.w.org\/{rel}","templated":true}]}}